{"id":266380,"date":"2025-07-22T20:00:11","date_gmt":"2025-07-22T20:00:11","guid":{"rendered":"https:\/\/www.europesays.com\/fr\/266380\/"},"modified":"2025-07-22T20:00:11","modified_gmt":"2025-07-22T20:00:11","slug":"sorry-baby-deva-victor-trauma-trop-attendu-liberation-fr","status":"publish","type":"post","link":"https:\/\/www.europesays.com\/fr\/266380\/","title":{"rendered":"\u00abSorry, baby\u00bb d\u2019Eva Victor : trauma, trop attendu &#8211; liberation.fr"},"content":{"rendered":"<ol>\n<li><a href=\"https:\/\/news.google.com\/rss\/articles\/CBMiswFBVV95cUxNVFFXaENNUmdzazhmanNQTHhPTzR6bEtXMk15cEYyS2diTkhSNi1JZ2lQSkRXREVsX0p3aGRlS21DZEF4b3FTVzYzSGlqOTdVZWpVazJQajM4WEFpU3dVd2tuWEU1alBMUmJOTVR5bDNJTlE0VGJoZE5kbFdyWnJISGpaMDkxVFpsMnpXdkplbXNORzZ5Nm4yU29KUVhiclpxM29ocEVxaE5LMmh1UUNSRjVhZw?oc=5\" target=\"_blank\" rel=\"noopener\">\u00abSorry, baby\u00bb d\u2019Eva Victor : trauma, trop attendu<\/a>&nbsp;&nbsp;liberation.fr<\/li>\n<li><a href=\"https:\/\/news.google.com\/rss\/articles\/CBMiiwFBVV95cUxQRWkyemp1a2xSRlpKTm11S090NnpGeTEtNWd5S2hLbEpXR1VGb0F6NkF2blZvLVNhSFlMTkNGMkRlSjhpNmJlMVNSX0FYblpoUjRRdnlLc19RandoMzNtZzlhS2NxRGZRUTBNSEZibXVaa2w4eWZWQXFCRVdLbnFWTFN5U09zNnM2RmNR?oc=5\" target=\"_blank\" rel=\"noopener\">Eva Victor, une r\u00e9alisatrice prodige est n\u00e9e<\/a>&nbsp;&nbsp;Le Figaro<\/li>\n<li><a href=\"https:\/\/news.google.com\/rss\/articles\/CBMilwJBVV95cUxNWC0zejd0WkVSSjRnSFR4NzFWbUVIbG0xc2JsMllOMGt6T3JfZXZVQnZCdmVKUzc1NktSTFkwTWdlR2NHTjNjZmJlbDdRc0pVZHRTajJLamdFMkViUmFSdUNmRkFQVjNOUFp2ZFJXc2lrZEJCdEQwMlAySElNSko4YlpFVTRHUmk3VDl4S1V2M0FDZUNobGNZbU9MZDU4RVJub1dEZTZjbDMwb3hZY21IZ0traVVuWFVSS0NzdGE2THlKVXpaeWViWTZQMHVhTzJPQ09jbnpoR0ZzX1RMRTNLMlNTUDlVczZjNDdWbW54dUZKSi1LT3BSUVN2WWJjM0VLaUk5VVV0UjY4cWViVXFpcWNQQ0UxT2c?oc=5\" target=\"_blank\" rel=\"noopener\">\u00ab\u00a0Sorry, Baby\u00a0\u00bb : Eva Victor c\u00e9l\u00e8bre l&rsquo;amiti\u00e9 f\u00e9minine dans un premier film bouleversant sur la reconstruction apr\u00e8s un viol<\/a>&nbsp;&nbsp;France Info<\/li>\n<li><a href=\"https:\/\/news.google.com\/rss\/articles\/CBMitwFBVV95cUxOaFR0cGNmQlNZc3UyZXBPazdCaHJJTHdPNHpWWnhXM0YxeGlRa1NPbkVORVI4anlWQUFCYmdWRURUTWRyUWVVR3RCY19VUWM3RDFmM3ItMWtzWi1IamZYVmRTZ1V6Y29qZWRwRVJLLVV1ZmtMbEFVZDBCcWJ5UlE3R3drSWlxVU1uY00wT1B0YkNfdjVoUlBlZXJiWnlVQm5lc0FuZmo0TjhVRGNqLXBCYTV5aXdYTjQ?oc=5\" target=\"_blank\" rel=\"noopener\">Sortie cin\u00e9ma de la semaine : \u00ab\u00a0Sorry baby\u00a0\u00bb: anatomie d\u2019une reconstruction<\/a>&nbsp;&nbsp;ladepeche.fr<\/li>\n<li><a href=\"https:\/\/news.google.com\/rss\/articles\/CBMi8wFBVV95cUxPakhDRWFBOFM2Z0VPMmE0c285OTktb0VjT0N2NDNxc1BVTThnVDJFVUhLQjRZc08wU3UxXzNUSDBvdjV3NnZRVDFFWnRwMGhadnJUTGhRakVHTmN1bFI3VW91ZWFPWDZ2RDhSYXlycHc1ckhnUmZ3NkxuVWwwUUV2UmpIS2J4S1EzRFZ2bmtoY1Z3X1BIc1FsbUJ2cVJubFJLdkRxUTE2WnEyNFk4SzUwV3JJUHZIN2ZtanpaSVE3dHpQNlpRcTlMM1prNm91ZU95cjA0OV9EalBteko1anU1RXUwWWpDaFVNVzFqSkEtNmlFSmc?oc=5\" target=\"_blank\" rel=\"noopener\">\u201cSorry, Baby\u201d : un petit film d\u2019une grande sensibilit\u00e9 sur la r\u00e9adaptation d\u2019une victime d\u2019agression sexuelle<\/a>&nbsp;&nbsp;Le Nouvel Obs<\/li>\n<\/ol>\n","protected":false},"excerpt":{"rendered":"\u00abSorry, baby\u00bb d\u2019Eva Victor : trauma, trop attendu&nbsp;&nbsp;liberation.fr Eva Victor, une r\u00e9alisatrice prodige est n\u00e9e&nbsp;&nbsp;Le Figaro \u00ab\u00a0Sorry, Baby\u00a0\u00bb&hellip;\n","protected":false},"author":2,"featured_media":266381,"comment_status":"","ping_status":"","sticky":false,"template":"","format":"standard","meta":{"footnotes":""},"categories":[1354],"tags":[9503,58,59,40571,1346,1011,27,1360,40572,23213,40573],"class_list":{"0":"post-266380","1":"post","2":"type-post","3":"status-publish","4":"format-standard","5":"has-post-thumbnail","7":"category-films","8":"tag-baby","9":"tag-divertissement","10":"tag-entertainment","11":"tag-eva-victor","12":"tag-films","13":"tag-fr","14":"tag-france","15":"tag-movies","16":"tag-sorry","17":"tag-still","18":"tag-sundance-2025"},"share_on_mastodon":{"url":"https:\/\/pubeurope.com\/@fr\/114898667074140011","error":""},"_links":{"self":[{"href":"https:\/\/www.europesays.com\/fr\/wp-json\/wp\/v2\/posts\/266380","targetHints":{"allow":["GET"]}}],"collection":[{"href":"https:\/\/www.europesays.com\/fr\/wp-json\/wp\/v2\/posts"}],"about":[{"href":"https:\/\/www.europesays.com\/fr\/wp-json\/wp\/v2\/types\/post"}],"author":[{"embeddable":true,"href":"https:\/\/www.europesays.com\/fr\/wp-json\/wp\/v2\/users\/2"}],"replies":[{"embeddable":true,"href":"https:\/\/www.europesays.com\/fr\/wp-json\/wp\/v2\/comments?post=266380"}],"version-history":[{"count":0,"href":"https:\/\/www.europesays.com\/fr\/wp-json\/wp\/v2\/posts\/266380\/revisions"}],"wp:featuredmedia":[{"embeddable":true,"href":"https:\/\/www.europesays.com\/fr\/wp-json\/wp\/v2\/media\/266381"}],"wp:attachment":[{"href":"https:\/\/www.europesays.com\/fr\/wp-json\/wp\/v2\/media?parent=266380"}],"wp:term":[{"taxonomy":"category","embeddable":true,"href":"https:\/\/www.europesays.com\/fr\/wp-json\/wp\/v2\/categories?post=266380"},{"taxonomy":"post_tag","embeddable":true,"href":"https:\/\/www.europesays.com\/fr\/wp-json\/wp\/v2\/tags?post=266380"}],"curies":[{"name":"wp","href":"https:\/\/api.w.org\/{rel}","templated":true}]}}