{"id":266382,"date":"2025-07-22T20:01:11","date_gmt":"2025-07-22T20:01:11","guid":{"rendered":"https:\/\/www.europesays.com\/fr\/266382\/"},"modified":"2025-07-22T20:01:11","modified_gmt":"2025-07-22T20:01:11","slug":"on-essaie-de-freiner-son-installation-pourquoi-la-bretagne-a-encore-une-longueur-davance-sur-le-moustique-tigre","status":"publish","type":"post","link":"https:\/\/www.europesays.com\/fr\/266382\/","title":{"rendered":"\u00ab\u00a0On essaie de freiner son installation\u00a0\u00bb\u00a0: pourquoi la Bretagne a encore une longueur d\u2019avance sur le moustique-tigre"},"content":{"rendered":"<p>\u00c0 la fin juin 2025, huit cas autochtones\u00a0(*) de chikungunya ont \u00e9t\u00e9 r\u00e9pertori\u00e9s en France m\u00e9tropolitaine depuis le d\u00e9but de l\u2019ann\u00e9e, \u00ab les plus pr\u00e9coces jamais identifi\u00e9s dans l\u2019Hexagone \u00bb. \u00ab D\u2019autres cas seront vraisemblablement identifi\u00e9s, y compris en dehors des <a href=\"https:\/\/www.santepubliquefrance.fr\/maladies-et-traumatismes\/maladies-a-transmission-vectorielle\/chikungunya\/documents\/bulletin-national\/chikungunya-dengue-et-zika-en-france-hexagonale.-bulletin-de-la-surveillance-renforcee-du-16-juillet-2025\" target=\"_blank\" rel=\"nofollow noopener\">zones habituelles de transmission<\/a> \u00bb, pr\u00e9vient Sant\u00e9 publique France. En Bretagne, par exemple ? A priori pas dans l\u2019imm\u00e9diat.<\/p>\n<p>Trois communes colonis\u00e9es, 53 sites sous surveillance<\/p>\n<p>En Bretagne, l\u2019insecte est <a href=\"https:\/\/www.letelegramme.fr\/bretagne\/en-bretagne-voici-les-communes-colonisees-par-le-moustique-tigre-6560834.php\" target=\"_blank\" rel=\"nofollow noopener\">durablement install\u00e9 dans trois communes<\/a> : Domagn\u00e9 (35), Rennes et La Gacilly (56). \u00ab Il peut \u00eatre momentan\u00e9ment pr\u00e9sent \ufeffailleurs mais n\u2019y survit pas \u00bb, explique B\u00e9atrice Gautier-Grall, ing\u00e9nieure \u00e0 l\u2019ARS Bretagne.<\/p>\n<p>L\u2019agence bretonne, \u00ab qui essaie de freiner son installation \u00bb, d\u00e9l\u00e8gue \u00e0 un prestataire, <a href=\"https:\/\/www.altopictus.fr\/prestation\/lutte-antivectorielle\" target=\"_blank\" rel=\"nofollow noopener\">Altopictus<\/a>, la surveillance du dipt\u00e8re dans la r\u00e9gion. L\u2019entreprise priv\u00e9e y scrute 53 sites : les principales aires urbaines, des points d\u2019entr\u00e9es du territoire (ports, a\u00e9roports) ou encore des zones d\u2019int\u00e9r\u00eat touristique.<\/p>\n<p>Une seule d\u00e9tection en 2025<\/p>\n<p>De mai \u00e0 octobre, 188 pi\u00e8ges pondoirs y sont r\u00e9partis. Ces \u00ab antimoustiques \u00bb sont contr\u00f4l\u00e9s chaque mois par des techniciens, qui rel\u00e8vent la pr\u00e9sence ou non de larves.<\/p>\n<p><img decoding=\"async\" src=\"https:\/\/www.europesays.com\/fr\/wp-content\/uploads\/2025\/07\/687fd5557edbe762e9009821.1.jpeg\" width=\"480\" height=\"300\" class=\"web_golden_m\" loading=\"lazy\" alt=\"Les pi\u00e8ges pondoirs attirent les femelles pr\u00eates \u00e0 pondre et capturent les larves avant qu\u2019elles ne deviennent adultes.\"\/>Les pi\u00e8ges pondoirs attirent les femelles pr\u00eates \u00e0 pondre et capturent les larves avant qu\u2019elles ne deviennent adultes. (Altopictus)<\/p>\n<p>En parall\u00e8le, les Bretons, s\u2019ils suspectent la pr\u00e9sence d\u2019un moustique-tigre, peuvent transmettre une photo sur <a href=\"https:\/\/signalement-moustique.anses.fr\/signalement_albopictus\/\" target=\"_blank\" rel=\"nofollow noopener\">une plateforme de l\u2019Anses<\/a>.<\/p>\n<p><img decoding=\"async\" src=\"https:\/\/www.europesays.com\/fr\/wp-content\/uploads\/2025\/07\/687fd555bfe0c9ea680df2e6.1.jpeg\" width=\"480\" height=\"300\" class=\"web_golden_m\" loading=\"lazy\" alt=\"De petite taille, le moustique-tigre est ray\u00e9 blanc et noir et \u00ab\u00a0caract\u00e9ris\u00e9\u00a0par la pr\u00e9sence d\u2019une ligne dorsale blanche le long de son thorax\u00a0\u00bb, d\u00e9crit l\u2019Anses. Contrairement au moustique commun, il a plut\u00f4t tendance \u00e0 piquer le jour.\"\/>De petite taille, le moustique-tigre est ray\u00e9 blanc et noir et \u00ab\u00a0caract\u00e9ris\u00e9\u00a0par la pr\u00e9sence d\u2019une ligne dorsale blanche le long de son thorax\u00a0\u00bb, d\u00e9crit l\u2019Anses. Contrairement au moustique commun, il a plut\u00f4t tendance \u00e0 piquer le jour. (Depositphotos)<\/p>\n<p>Cette ann\u00e9e, aucun pi\u00e8ge pondoir n\u2019a r\u00e9v\u00e9l\u00e9 des traces de pr\u00e9sence. Un seul signalement citoyen positif a \u00e9t\u00e9 remont\u00e9, depuis Saint-Jean-Br\u00e9velay (56), mais la circulation de l\u2019insecte n\u2019\u00e9tait \u00ab circonscrite qu\u2019\u00e0 deux logements \u00bb, assure l\u2019ARS.<\/p>\n<blockquote><p>Le moustique-tigre finira par s\u2019installer d\u00e9finitivement en Bretagne, d\u2019ici 20 \u00e0 30 ans. C\u2019est in\u00e9luctable.<\/p><\/blockquote>\n<p>\u00ab Le climat breton joue en notre faveur \u00bb<\/p>\n<p>Comment expliquer aussi peu de d\u00e9tections ? D\u2019abord par la physionomie du moustique-tigre. \u00ab Plus agressif et silencieux \u00bb que le moustique commun, son aire d\u2019activit\u00e9 est, en revanche, \u00ab assez \u00e9troite \u00bb, d\u00e9crit B\u00e9atrice Gautier-Grall : \u00ab Il ne s\u2019\u00e9tend que dans un rayon de 150 m\u00e8tres autour de son lieu de naissance \u00bb.<\/p>\n<p>La r\u00e9gion a, par ailleurs, l\u2019avantage de pouvoir \u00ab b\u00e9n\u00e9ficier de l\u2019exp\u00e9rience de territoires qui ont \u00e9t\u00e9 confront\u00e9s plus t\u00f4t \u00e0 l\u2019arriv\u00e9e du moustique-tigre et n\u2019ont pu prendre des actions qu\u2019a posteriori \u00bb, ajoute l\u2019ing\u00e9nieure. La Bretagne, elle, a pu anticiper &#8211; la surveillance men\u00e9e par Altopictus en est l\u2019exemple. \u00ab Ce qui joue en notre faveur, c\u2019est le climat breton, ajoute Delphine Binet, responsable d\u2019agence pour Altopictus. Il limite l\u2019expansion du moustique-tigre et sa capacit\u00e9 \u00e0 r\u00e9pliquer des virus. \u00bb<\/p>\n<p>Le chikungunya en Bretagne ? \u00ab Pas pour tout de suite \u00bb<\/p>\n<p>Alors, quand parlera-t-on de chikungunya, de dengue ou de zika en Bretagne ? \u00ab La densification du moustique-tigre est encore trop faible \u00bb pour qu\u2019il ait des chances de piquer un porteur humain et de transmettre l\u2019infection, pointe B\u00e9atrice\u00a0Gautier-Grall.<\/p>\n<p>Malgr\u00e9 tout, l\u2019insecte \u00ab finira par s\u2019installer d\u00e9finitivement en Bretagne, d\u2019ici 20 \u00e0 30 ans, estime Delphine Binet. C\u2019est in\u00e9luctable. Cela am\u00e8nera \u00e0 des d\u00e9tections de cas autochtones. Mais ce n\u2019est pas pour tout de suite. \u00bb<\/p>\n<p class=\"note\">* On parle de cas autochtone quand une personne a contract\u00e9 la maladie sans voyager en zone contamin\u00e9e dans les 15 jours pr\u00e9c\u00e9dant l\u2019apparition des sympt\u00f4mes.<\/p>\n","protected":false},"excerpt":{"rendered":"\u00c0 la fin juin 2025, huit cas autochtones\u00a0(*) de chikungunya ont \u00e9t\u00e9 r\u00e9pertori\u00e9s en France m\u00e9tropolitaine depuis le&hellip;\n","protected":false},"author":2,"featured_media":266383,"comment_status":"","ping_status":"","sticky":false,"template":"","format":"standard","meta":{"footnotes":""},"categories":[10],"tags":[829,1011,27,72,71],"class_list":{"0":"post-266382","1":"post","2":"type-post","3":"status-publish","4":"format-standard","5":"has-post-thumbnail","7":"category-sante","8":"tag-bretagne","9":"tag-fr","10":"tag-france","11":"tag-health","12":"tag-sante"},"share_on_mastodon":{"url":"https:\/\/pubeurope.com\/@fr\/114898671041405451","error":""},"_links":{"self":[{"href":"https:\/\/www.europesays.com\/fr\/wp-json\/wp\/v2\/posts\/266382","targetHints":{"allow":["GET"]}}],"collection":[{"href":"https:\/\/www.europesays.com\/fr\/wp-json\/wp\/v2\/posts"}],"about":[{"href":"https:\/\/www.europesays.com\/fr\/wp-json\/wp\/v2\/types\/post"}],"author":[{"embeddable":true,"href":"https:\/\/www.europesays.com\/fr\/wp-json\/wp\/v2\/users\/2"}],"replies":[{"embeddable":true,"href":"https:\/\/www.europesays.com\/fr\/wp-json\/wp\/v2\/comments?post=266382"}],"version-history":[{"count":0,"href":"https:\/\/www.europesays.com\/fr\/wp-json\/wp\/v2\/posts\/266382\/revisions"}],"wp:featuredmedia":[{"embeddable":true,"href":"https:\/\/www.europesays.com\/fr\/wp-json\/wp\/v2\/media\/266383"}],"wp:attachment":[{"href":"https:\/\/www.europesays.com\/fr\/wp-json\/wp\/v2\/media?parent=266382"}],"wp:term":[{"taxonomy":"category","embeddable":true,"href":"https:\/\/www.europesays.com\/fr\/wp-json\/wp\/v2\/categories?post=266382"},{"taxonomy":"post_tag","embeddable":true,"href":"https:\/\/www.europesays.com\/fr\/wp-json\/wp\/v2\/tags?post=266382"}],"curies":[{"name":"wp","href":"https:\/\/api.w.org\/{rel}","templated":true}]}}