{"id":266390,"date":"2025-07-22T20:05:17","date_gmt":"2025-07-22T20:05:17","guid":{"rendered":"https:\/\/www.europesays.com\/fr\/266390\/"},"modified":"2025-07-22T20:05:17","modified_gmt":"2025-07-22T20:05:17","slug":"drone-volt-drone-volt-annonce-un-rachat-strategique-et-se-positionne-comme-un-acteur-cle-du-lidar-embarque-par-drone-22-07-2025-a-1800","status":"publish","type":"post","link":"https:\/\/www.europesays.com\/fr\/266390\/","title":{"rendered":"DRONE VOLT : DRONE VOLT annonce un rachat strat\u00e9gique et se positionne comme un acteur cl\u00e9 du LiDAR embarqu\u00e9 par drone &#8211; 22\/07\/2025 \u00e0 18:00"},"content":{"rendered":"<p>  Villepinte, le 22 juillet 2025<\/p>\n<p>\n <strong><br \/>\n  DRONE VOLT, constructeur de drones civils professionnels et expert en solutions embarqu\u00e9es, annonce l&rsquo;acquisition d&rsquo;une entreprise sp\u00e9cialis\u00e9e dans la captation et le traitement de donn\u00e9es LiDAR par drone. Le LiDAR est une technologie de t\u00e9l\u00e9d\u00e9tection laser qui permet de mod\u00e9liser un environnement en 3D avec une extr\u00eame pr\u00e9cision.<br \/>\n <\/strong>\n<\/p>\n<p>\n Ce rachat strat\u00e9gique s&rsquo;inscrit dans la dynamique de croissance de DRONE VOLT, qui entend renforcer son expertise sur des segments \u00e0 tr\u00e8s forte valeur ajout\u00e9e. L&rsquo;entreprise rachet\u00e9e par DRONE VOLT s&rsquo;est impos\u00e9e ces derni\u00e8res ann\u00e9es comme un acteur de r\u00e9f\u00e9rence du LiDAR,  avec des activit\u00e9s pluridisciplinaires : prestations de services a\u00e9roport\u00e9s par drone, vente de mat\u00e9riels et logiciels, ainsi que de formations sp\u00e9cialis\u00e9es m\u00e9tiers. Elle dispose, comme DRONE VOLT, de la certification Qualiopi, r\u00e9f\u00e9rence nationale en mati\u00e8re de formation professionnelle.\n<\/p>\n<p>\n Dans le cadre de cette op\u00e9ration, une \u00e9quipe hautement qualifi\u00e9e rejoint le collectif<br \/>\n <strong><br \/>\n  DRONE VOLT EXPERT<br \/>\n <\/strong><br \/>\n , la division de DRONE VOLT d\u00e9di\u00e9e aux prestations de services par drone.\n<\/p>\n<p>\n <strong><br \/>\n  Le LiDAR embarqu\u00e9 par drone, une technologie \u00e0 haute valeur ajout\u00e9e<br \/>\n <\/strong>\n<\/p>\n<p>\n Le LiDAR (Light Detection And Ranging) est une technologie de t\u00e9l\u00e9d\u00e9tection laser qui permet d&rsquo;obtenir des mod\u00e8les num\u00e9riques d&rsquo; environnements complexes, naturels ou urbains, avec une tr\u00e8s grande r\u00e9solution. Associ\u00e9e \u00e0 un syst\u00e8me GNSS et une centrale inertielle, elle g\u00e9n\u00e8re des nuages de points haute densit\u00e9, exploitables pour la cartographie, la topographie, l&rsquo;am\u00e9nagement du territoire, l&rsquo;inspection ou encore la mod\u00e9lisation 3D.\n<\/p>\n<p>\n Aujourd&rsquo;hui, la technologie LiDAR par drone et les traitements de donn\u00e9es associ\u00e9es ouvrent des perspectives consid\u00e9rables. Cette approche est particuli\u00e8rement prometteuse pour les op\u00e9rateurs civils, mais aussi pour des usages industriels avanc\u00e9s, qu&rsquo;il s&rsquo;agisse des v\u00e9hicules autonomes ou des chantiers d&rsquo;infrastructure majeurs.\n<\/p>\n<p>\n <strong><br \/>\n  Une acquisition \u00e0 fort impact pour DRONE VOLT<br \/>\n <\/strong>\n<\/p>\n<p>\n Gr\u00e2ce \u00e0 cette int\u00e9gration, DRONE VOLT renforce son offre \u00e0 trois niveaux :\n<\/p>\n<ul class=\"c-news-detail__content-list\">\n<li>\n  <strong><br \/>\n   Conception &amp; production<br \/>\n  <\/strong><br \/>\n  : cette acquisition permettra d&rsquo;int\u00e9grer des syst\u00e8mes LIDAR sur les drones de la gamme DRONE VOLT, en particulier le<br \/>\n  <strong><br \/>\n   KOBRA<br \/>\n  <\/strong><br \/>\n  , pour r\u00e9pondre aux demandes clients les plus sp\u00e9cifiques.\n <\/li>\n<li>\n  <strong><br \/>\n   Prestations de services<br \/>\n  <\/strong><br \/>\n  : les solutions LIDAR pourront d\u00e9sormais \u00eatre propos\u00e9es \u00e0 l&rsquo;ensemble de la client\u00e8le de<br \/>\n  <strong><br \/>\n   DRONE VOLT EXPERT<br \/>\n  <\/strong><br \/>\n  , en France comme \u00e0 l&rsquo;international.\n <\/li>\n<li>\n  <strong><br \/>\n   Consolidation d&rsquo;un r\u00e9seau d&rsquo;experts au maillage national<br \/>\n  <\/strong><br \/>\n  : un  r\u00e9seau de t\u00e9l\u00e9pilotes (externes) LiDAR, vient renforcer le r\u00e9seau d&rsquo;experts Ambassadors de DRONE VOLT, avec un savoir-faire unique en mati\u00e8re de captation, traitement et exploitation des donn\u00e9es LiDAR.\n <\/li>\n<\/ul>\n<p>\n <strong><br \/>\n  Marc COURCELLE, Directeur G\u00e9n\u00e9ral de DRONE VOLT :<br \/>\n <\/strong>\n<\/p>\n<p>  \u00ab Cette acquisition strat\u00e9gique est une \u00e9tape importante pour DRONE VOLT. Elle renforce notre capacit\u00e9 \u00e0 proposer des solutions tr\u00e8s haut de gamme \u00e0 nos clients, dans des domaines en pleine croissance. Le LiDAR est une technologie d&rsquo;avenir, et l&rsquo;expertise des \u00e9quipes qui nous rejoignent nous permettra d&rsquo;aller plus loin dans l&rsquo;innovation, la personnalisation et la performance de nos services. \u00bb<\/p>\n<p>\n <strong><\/p>\n<p>   Prochain communiqu\u00e9 : R\u00e9sultats semestriels 2025, mercredi 17 septembre 2025.<\/p>\n<p> <\/strong>\n<\/p>\n<p>\n  Tous les communiqu\u00e9s de presse DRONE VOLT sont disponibles<br \/>\n  <br \/>sur<\/p>\n<p>   www.dronevolt.com \/ Investisseurs\n <\/p>\n<p>\n  Pour recevoir gratuitement tous les communiqu\u00e9s de presse, inscrivez-vous sur<\/p>\n<p>   Actusnews\n <\/p>\n<p>\n  Pour recevoir la newsletter de la soci\u00e9t\u00e9, \u00e9crire \u00e0 :<\/p>\n<p>   finance@dronevolt.com\n <\/p>\n<p>\n <strong><br \/>\n  \u00c0 propos de DRONE VOLT<br \/>\n <\/strong>\n<\/p>\n<p>\n Cr\u00e9\u00e9 en 2011, DRONE VOLT est un constructeur a\u00e9ronautique sp\u00e9cialis\u00e9 dans les drones civils professionnels et l&rsquo;intelligence artificielle. DRONE VOLT est implant\u00e9 en France, au Benelux, au Canada, au Danemark, aux Pays-Bas, aux \u00c9tats-Unis et en Suisse. Partenaire global, DRONE VOLT offre \u00e0 ses clients des solutions m\u00e9tiers \u00ab cl\u00e9 en main \u00bb incluant diff\u00e9rents services et la formation au pilotage de drones.\n<\/p>\n<p>\n Le Groupe DRONE VOLT, membre du GICAT, a r\u00e9alis\u00e9 un chiffre d&rsquo;affaires de 32,7 millions d&rsquo;euros en 2024, en croissance annuelle de 36%.\n<\/p>\n<p>\n DRONE VOLT fournit notamment les administrations et les industriels tels que l&rsquo;Arm\u00e9e Fran\u00e7aise, le Minist\u00e8re des Arm\u00e9es, Engie, Total, Bouygues ES, ADP, la Gendarmerie des Transports A\u00e9riens (GTA), des Agences gouvernementales internationales\u2026\n<\/p>\n<p>\n DRONE VOLT est qualifi\u00e9 \u00ab Entreprise Innovante \u00bb par Bpifrance.\n<\/p>\n<p>\n <strong><\/p>\n<p>   DRONE VOLT est cot\u00e9 sur le march\u00e9 Euronext Growth \u00e0 Paris :<\/p>\n<p> <\/strong>\n<\/p>\n<p>  Action : Mn\u00e9mo : ALDRV &#8211; Code ISIN : FR001400SVN0 &#8211; Eligible : PEA, PEA-PME<\/p>\n<p>  Bon de souscription : Mn\u00e9mo : BNBS &#8211; Code ISIN : FR0014007951<\/p>\n<p>\n <strong><br \/>\n  Plus d&rsquo;informations sur<\/p>\n<p>  www.dronevolt.com<br \/>\n <\/strong>\n<\/p>\n<p>\n <strong><br \/>\n  Contacts :<br \/>\n <\/strong>\n<\/p>\n<tr>\n<td>\n    <strong><br \/>\n     Relations Investisseurs<br \/>\n    <\/strong><br \/>\n    <br \/><strong><br \/>\n     DRONE VOLT<br \/>\n    <\/strong><br \/>\n    <br \/>Sylvain Navarro \u2013 T: +33 7 88 87 50 88<br \/>\n    <br \/>finance@dronevolt.com\n   <\/td>\n<td>\n    <strong><br \/>\n     Relations m\u00e9dias FINANCE<br \/>\n    <\/strong><br \/>\n    <br \/><strong><br \/>\n     ACTUS finance &amp; communication<br \/>\n    <\/strong><br \/>\n    <br \/>Manon Clairet \u2013 T : +33 1 53 67 36 73<br \/>\n    <br \/>dronevolt@actus.fr\n   <\/td>\n<td>\n    <strong><br \/>\n     Relations m\u00e9dias GRAND PUBLIC ET METIER AYA communication<br \/>\n    <\/strong><br \/>\n    <br \/>Antonin Violette \u2013 T : +33 6 47 48 63 25<br \/>\n    <br \/>aviolette@aya-communication.fr\n   <\/td>\n<\/tr>\n<p><\/p>\n<p>\n  <strong><br \/>\n   Cette publication dispose du service \u00a0\u00bb \ud83d\udd12 Actusnews<\/p>\n<p>     SECURITY MASTER<\/p>\n<p>    \u00ab\u00a0.<br \/>\n  <\/strong><br \/>\n  <br \/><strong><br \/>\n   &#8211;<\/p>\n<p>     SECURITY MASTER<\/p>\n<p>    Key :<br \/>\n  <\/strong><br \/>\n  m29qk8mZk22bxp5rYpyWampob2aWlmCZm5bGx5JtlZqaam6VlmxjaJScZnJklmhu<br \/>\n  <br \/><strong><br \/>\n   &#8211; Pour contr\u00f4ler cette cl\u00e9 :<br \/>\n  <\/strong><br \/>\n  https:\/\/www.security-master-key.com<\/p>\n<p>   .\n <\/p>\n<p><\/p>\n<p>\n  <strong><br \/>\n   Information r\u00e9glement\u00e9e :<br \/>\n  <\/strong><br \/>\n  <br \/>Informations privil\u00e9gi\u00e9es :<br \/>\n  <br \/>&#8211; Autres communiqu\u00e9s\n <\/p>\n<p>\n  <strong><br \/>\n   Communiqu\u00e9 int\u00e9gral et original au format PDF  :<br \/>\n  <\/strong><br \/>\n  https:\/\/www.actusnews.com\/news\/93138-drone-volt-communique-de-presse-lidar-vdef.pdf\n <\/p>\n<p>\u00a9 Copyright Actusnews Wire<br \/>\n<br \/>Recevez gratuitement par email les prochains communiqu\u00e9s de la soci\u00e9t\u00e9 en vous inscrivant sur<\/p>\n<p>  www.actusnews.com<\/p>\n","protected":false},"excerpt":{"rendered":"Villepinte, le 22 juillet 2025 DRONE VOLT, constructeur de drones civils professionnels et expert en solutions embarqu\u00e9es, annonce&hellip;\n","protected":false},"author":2,"featured_media":8061,"comment_status":"","ping_status":"","sticky":false,"template":"","format":"standard","meta":{"footnotes":""},"categories":[6],"tags":[400,398,408,35,405,33,34,1011,27,403,402,399,404,401,406,407],"class_list":{"0":"post-266390","1":"post","2":"type-post","3":"status-publish","4":"format-standard","5":"has-post-thumbnail","7":"category-economie","8":"tag-action-cac-40","9":"tag-bourse-de-paris","10":"tag-boursorama","11":"tag-business","12":"tag-cotations","13":"tag-economie","14":"tag-economy","15":"tag-fr","16":"tag-france","17":"tag-indices-devises","18":"tag-investir","19":"tag-investissement","20":"tag-marche-boursier","21":"tag-sicav","22":"tag-trackers","23":"tag-warrants"},"share_on_mastodon":{"url":"https:\/\/pubeurope.com\/@fr\/114898686681880263","error":""},"_links":{"self":[{"href":"https:\/\/www.europesays.com\/fr\/wp-json\/wp\/v2\/posts\/266390","targetHints":{"allow":["GET"]}}],"collection":[{"href":"https:\/\/www.europesays.com\/fr\/wp-json\/wp\/v2\/posts"}],"about":[{"href":"https:\/\/www.europesays.com\/fr\/wp-json\/wp\/v2\/types\/post"}],"author":[{"embeddable":true,"href":"https:\/\/www.europesays.com\/fr\/wp-json\/wp\/v2\/users\/2"}],"replies":[{"embeddable":true,"href":"https:\/\/www.europesays.com\/fr\/wp-json\/wp\/v2\/comments?post=266390"}],"version-history":[{"count":0,"href":"https:\/\/www.europesays.com\/fr\/wp-json\/wp\/v2\/posts\/266390\/revisions"}],"wp:featuredmedia":[{"embeddable":true,"href":"https:\/\/www.europesays.com\/fr\/wp-json\/wp\/v2\/media\/8061"}],"wp:attachment":[{"href":"https:\/\/www.europesays.com\/fr\/wp-json\/wp\/v2\/media?parent=266390"}],"wp:term":[{"taxonomy":"category","embeddable":true,"href":"https:\/\/www.europesays.com\/fr\/wp-json\/wp\/v2\/categories?post=266390"},{"taxonomy":"post_tag","embeddable":true,"href":"https:\/\/www.europesays.com\/fr\/wp-json\/wp\/v2\/tags?post=266390"}],"curies":[{"name":"wp","href":"https:\/\/api.w.org\/{rel}","templated":true}]}}