{"id":266391,"date":"2025-07-22T20:06:09","date_gmt":"2025-07-22T20:06:09","guid":{"rendered":"https:\/\/www.europesays.com\/fr\/266391\/"},"modified":"2025-07-22T20:06:09","modified_gmt":"2025-07-22T20:06:09","slug":"les-deputes-rejettent-le-plan-preventif-presente-par-le-gouvernement","status":"publish","type":"post","link":"https:\/\/www.europesays.com\/fr\/266391\/","title":{"rendered":"les d\u00e9put\u00e9s rejettent le plan pr\u00e9ventif pr\u00e9sent\u00e9 par le gouvernement"},"content":{"rendered":"<p class=\"fig-paragraph\">Les d\u00e9put\u00e9s espagnols ont inflig\u00e9 mardi un revers majeur au gouvernement de Pedro S\u00e1nchez en rejetant la s\u00e9rie de mesures qu\u2019il avait \u00e9labor\u00e9es pour \u00e9carter le risque d\u2019une nouvelle\u00a0<a href=\"http:\/\/www.lefigaro.fr\/conjoncture\/au-lendemain-de-la-grande-panne-l-espagne-toujours-en-quete-d-explication-20250429\" data-fig-type=\"Article\" data-gtm-custom-categorie=\"navigation\" data-gtm-custom-action=\"crossclick\" data-gtm-custom-label=\"Contextuel\" data-gtm-event=\"customEventSPE\" data-fig-domain=\"LEFIGARO\" target=\"_blank\" rel=\"noopener\">m\u00e9ga-panne \u00e9lectrique<\/a>\u00a0comme celle du 28 avril qui avait paralys\u00e9 le pays. Une majorit\u00e9 de 183 d\u00e9put\u00e9s, rassemblant les extr\u00eames, ont vot\u00e9 contre ce texte adopt\u00e9 le 24 juin par le gouvernement, qui a pu compter sur le soutien de seulement 165 d\u00e9put\u00e9s. Interrog\u00e9 lors d\u2019une visite \u00e0 Montevideo avant m\u00eame le vote \u00e0 Madrid, Pedro S\u00e1nchez avait indiqu\u00e9 qu\u2019il pr\u00e9senterait le plan en cas d\u2019\u00e9chec. \u00abEt je vous pr\u00e9dis qu\u2019il sera vot\u00e9\u00bb, avait-il dit.<\/p>\n<p class=\"fig-paragraph\">Le d\u00e9cret-loi rejet\u00e9 par le Congr\u00e8s des d\u00e9put\u00e9s constituait la r\u00e9ponse du gouvernement de gauche pour garantir que l\u2019Espagne ne subisse pas une r\u00e9p\u00e9tition du chaos du 28 avril, lorsque le pays avait \u00e9t\u00e9 totalement priv\u00e9 d\u2019\u00e9lectricit\u00e9 pendant une dizaine d\u2019heures. La crise avait \u00e9galement affect\u00e9 le Portugal. Le but \u00e9tait de rendre le syst\u00e8me \u00e9lectrique espagnol \u00abplus robuste et efficace\u00bb, avait expliqu\u00e9 le 24 juin la ministre de la Transition \u00e9cologique, Sara Aagesen. Le plan s\u2019articulait autour d\u2019un renforcement de la supervision, des capacit\u00e9s de contr\u00f4le de la tension et d\u2019amortissement des oscillations \u00e9lectriques sur le r\u00e9seau, un facteur \u00abfondamental\u00bb selon la ministre, comme \u00able stockage, la flexibilit\u00e9 et l\u2019\u00e9lectrification\u00bb.<\/p>\n<p>                                    <a class=\"fig-a11y-skip a11y-hidden\" href=\"#fig-a11y-skip-main-inarticle\"><br \/>\n        Passer la publicit\u00e9<br \/>\n    <\/a><\/p>\n<p>Le gouvernement accus\u00e9 de \u00abmasquer ses erreurs\u00bb<\/p>\n<p class=\"fig-paragraph\">Parmi les mesures contenues dans ce d\u00e9cret-loi figuraient un assouplissement des d\u00e9lais pour l\u2019installation de nouveaux projets \u00e9oliens et photovolta\u00efques et des incitations \u00e0 d\u00e9velopper le stockage sur les sites de production d\u2019\u00e9nergie renouvelable, via notamment l\u2019implantation de \u00abbatteries\u00bb. \u00abCeux-l\u00e0 m\u00eames qui nous accusaient d\u2019obscurantisme et de ne pas proposer des solutions qui prot\u00e8gent l\u2019utilisateur, le consommateur et en fin de compte notre pays sont ceux qui font chuter\u00bb ce plan, avait comment\u00e9 le premier ministre \u00e0 Montevideo quelques minutes avant le vote.<\/p>\n<p class=\"fig-paragraph\">Il visait, sans le nommer, le Parti populaire (PP), premier parti de l\u2019opposition de droite, qui a choisi de votre contre le d\u00e9cret-loi, alors qu\u2019une abstention aurait permis son adoption. \u00abNous n\u2019approuvons pas la politique \u00e9nerg\u00e9tique de ce gouvernement, nous n\u2019approuvons pas ce soi-disant plan anti-pannes qui n\u2019est rien d\u2019autre qu\u2019une tentative (du gouvernement) de masquer ses erreurs et d\u2019effacer ses fautes\u00bb, avait lanc\u00e9 avant le vote le d\u00e9put\u00e9 du PP Guillermo Mariscal.<\/p>\n<p class=\"fig-paragraph\">Le PP avait fait l\u2019objet de tr\u00e8s fortes pressions des compagnies d\u2019\u00e9lectricit\u00e9 pour qu\u2019il permette l\u2019adoption de ce texte, mais n\u2019a pas voulu apporter une victoire\u00a0<a href=\"http:\/\/www.lefigaro.fr\/vox\/monde\/en-europe-pedro-sanchez-dernier-avatar-du-socialisme-zombie-20250718\" data-fig-type=\"Article\" data-gtm-custom-categorie=\"navigation\" data-gtm-custom-action=\"crossclick\" data-gtm-custom-label=\"Contextuel\" data-gtm-event=\"customEventSPE\" data-fig-domain=\"LEFIGARO\" target=\"_blank\" rel=\"noopener\">\u00e0 Pedro S\u00e1nchez<\/a>, avec qui les relations sont ex\u00e9crables. Selon un rapport publi\u00e9 le 17 juin par le gouvernement espagnol, la m\u00e9ga-panne qui s\u2019\u00e9tait produite dans la p\u00e9ninsule ib\u00e9rique avait \u00e9t\u00e9 provoqu\u00e9e par des \u00absurtensions\u00bb ayant entra\u00een\u00e9 \u00abune r\u00e9action en cha\u00eene\u00bb. Le rapport pointait aussi des erreurs d\u2019appr\u00e9ciation du gestionnaire du r\u00e9seau \u00e9lectrique et de certaines entreprises.<\/p>\n","protected":false},"excerpt":{"rendered":"Les d\u00e9put\u00e9s espagnols ont inflig\u00e9 mardi un revers majeur au gouvernement de Pedro S\u00e1nchez en rejetant la s\u00e9rie&hellip;\n","protected":false},"author":2,"featured_media":266392,"comment_status":"","ping_status":"","sticky":false,"template":"","format":"standard","meta":{"footnotes":""},"categories":[5],"tags":[11,423,123,1011,27,14,12,10899,28],"class_list":{"0":"post-266391","1":"post","2":"type-post","3":"status-publish","4":"format-standard","5":"has-post-thumbnail","7":"category-international","8":"tag-actualites","9":"tag-deputes","10":"tag-espagne","11":"tag-fr","12":"tag-france","13":"tag-international","14":"tag-news","15":"tag-panne","16":"tag-world"},"share_on_mastodon":{"url":"https:\/\/pubeurope.com\/@fr\/114898690635618709","error":""},"_links":{"self":[{"href":"https:\/\/www.europesays.com\/fr\/wp-json\/wp\/v2\/posts\/266391","targetHints":{"allow":["GET"]}}],"collection":[{"href":"https:\/\/www.europesays.com\/fr\/wp-json\/wp\/v2\/posts"}],"about":[{"href":"https:\/\/www.europesays.com\/fr\/wp-json\/wp\/v2\/types\/post"}],"author":[{"embeddable":true,"href":"https:\/\/www.europesays.com\/fr\/wp-json\/wp\/v2\/users\/2"}],"replies":[{"embeddable":true,"href":"https:\/\/www.europesays.com\/fr\/wp-json\/wp\/v2\/comments?post=266391"}],"version-history":[{"count":0,"href":"https:\/\/www.europesays.com\/fr\/wp-json\/wp\/v2\/posts\/266391\/revisions"}],"wp:featuredmedia":[{"embeddable":true,"href":"https:\/\/www.europesays.com\/fr\/wp-json\/wp\/v2\/media\/266392"}],"wp:attachment":[{"href":"https:\/\/www.europesays.com\/fr\/wp-json\/wp\/v2\/media?parent=266391"}],"wp:term":[{"taxonomy":"category","embeddable":true,"href":"https:\/\/www.europesays.com\/fr\/wp-json\/wp\/v2\/categories?post=266391"},{"taxonomy":"post_tag","embeddable":true,"href":"https:\/\/www.europesays.com\/fr\/wp-json\/wp\/v2\/tags?post=266391"}],"curies":[{"name":"wp","href":"https:\/\/api.w.org\/{rel}","templated":true}]}}