{"id":266394,"date":"2025-07-22T20:07:11","date_gmt":"2025-07-22T20:07:11","guid":{"rendered":"https:\/\/www.europesays.com\/fr\/266394\/"},"modified":"2025-07-22T20:07:11","modified_gmt":"2025-07-22T20:07:11","slug":"incendie-a-la-roche-sur-yon-ce-que-lon-sait","status":"publish","type":"post","link":"https:\/\/www.europesays.com\/fr\/266394\/","title":{"rendered":"Incendie \u00e0 La Roche-sur-Yon : ce que l&rsquo;on sait"},"content":{"rendered":"<p>            Par<br \/>\n        <strong><br \/>\n            <a href=\"https:\/\/actu.fr\/auteur\/lou-vancauvenberghe\" title=\"Consulter tous les articles de Lou Van Cauvenberghe\" rel=\"nofollow noopener\" target=\"_blank\">Lou Van Cauvenberghe<\/a><br \/>\n        <\/strong><\/p>\n<p>        Publi\u00e9 le<\/p>\n<p>            22 juil. 2025 \u00e0 18h36        <\/p>\n<p>Mardi 22\u00a0juillet, aux alentours de 8\u2009h\u200955, un feu a ravag\u00e9 30 appartements de l\u2019immeuble Libert\u00e9 dans le quartier Libert\u00e9 \u00e0 La Roche-sur-Yon.<\/p>\n<p class=\" wall-content\">Le foyer de l\u2019incendie a \u00e9t\u00e9 localis\u00e9 au quatri\u00e8me \u00e9tage, dans l\u2019appartement d\u2019un homme de 61\u00a0ans. L\u2019occupant, pris au pi\u00e8ge par les flammes, s\u2019est jet\u00e9 dans le vide, son chat dans les bras.<\/p>\n<p data-end=\"705\" class=\" wall-content\">D\u2019apr\u00e8s plusieurs t\u00e9moignages, l\u2019homme, venait de perdre sa femme il y a un mois. La veille, il avait jet\u00e9 ses affaires par la fen\u00eatre, dont ses vinyles.<\/p>\n<p data-end=\"705\" class=\" wall-content\">Lorsque le feu s\u2019est propag\u00e9, des ouvriers travaillant dans l\u2019immeuble d\u2019en face, suite \u00e0 un autre incendie survenu en mai, ont tent\u00e9 de lui venir en aide avec leur nacelle, en vain. L\u2019homme a d\u00e9clin\u00e9 alors que son appartement flambait.<\/p>\n<p data-end=\"705\" class=\" wall-content\">C\u2019est au moment o\u00f9 les ouvriers se sont r\u00e9solus \u00e0 partir qu\u2019il a saut\u00e9. Selon ces t\u00e9moins, la th\u00e8se du suicide ne peut pas \u00eatre exclue.<\/p>\n<p>79\u00a0personnes touch\u00e9es<\/p>\n<p class=\" wall-content\">Le feu qui s\u2019est d\u00e9clar\u00e9 c\u00f4t\u00e9 place, s\u2019est propag\u00e9 par le toit de l\u2019autre c\u00f4t\u00e9, atteignant les appartements mitoyens et la cage d\u2019escalier.<\/p>\n<p>Vid\u00e9os : en ce moment sur Actu<br \/>\n    <img   decoding=\"async\" loading=\"lazy\" class=\"size-large\" src=\"https:\/\/www.europesays.com\/fr\/wp-content\/uploads\/2025\/07\/788fb3be4f786ae8fb3be4f78829fbv-1-960x640.jpeg\" alt=\"Les pompiers tentent de ma\u00eetriser le feu qui se propage sur l\u2019autre fa\u00e7ade de l\u2019immeuble.\" width=\"960\" height=\"640\"\/><br \/>\n    La grande \u00e9chelle a \u00e9t\u00e9 d\u00e9ploy\u00e9e pour \u00e9teindre le feu qui s\u2019est propag\u00e9 par le toit. \u00a9Nicolas Pipelier<\/p>\n<p class=\" wall-content\">Le b\u00e2timent construit en 1958 a \u00e9t\u00e9 \u00e9vacu\u00e9. \u00ab\u00a0\u200930 logements ont \u00e9t\u00e9 d\u00e9truits\u2009\u00a0\u00bb dans l\u2019incendie, a indiqu\u00e9 Vend\u00e9e Habitat et d\u2019autres ont \u00e9t\u00e9 partiellement touch\u00e9s. Pour tenter de limiter la propagation des flammes, les pompiers ont sci\u00e9 la charpente.<\/p>\n<p class=\" wall-content\">Tous les habitants de l\u2019immeuble Libert\u00e9 ont \u00e9t\u00e9 \u00e9vacu\u00e9s.<\/p>\n<p>    <a href=\"https:\/\/maps.google.com\/maps?q=46.662623287768845,-1.4348959289054863&amp;z=15&amp;output=embed\" title=\"Ouvrie le lien\" rel=\"nofollow noopener\" target=\"_blank\">Cliquez ici pour visualiser le contenu<\/a><\/p>\n<p class=\" wall-content\">Une permanence de Vend\u00e9e Habitat et des cellules sanitaires ont \u00e9t\u00e9 install\u00e9es dans l\u2019\u00e9cole \u00e9l\u00e9mentaire publique \u00e9l\u00e9mentaire Laennec.<\/p>\n<p class=\" wall-content\">Vend\u00e9e Habitat et la Ville travaillent sur des solutions de relogements pour les 79\u00a0personnes touch\u00e9es par le sinistre.<\/p>\n<p>De multiples explosions<\/p>\n<p class=\" wall-content\">\u00ab\u00a0\u2009Une vie enti\u00e8re qui part en feu\u2009\u00a0\u00bb a t\u00e9moign\u00e9, m\u00e9dus\u00e9e, une habitante du quartier. \u00ab\u00a0\u2009La fum\u00e9e \u00e9tait visible de la quatre voies des Sables vers 8\u2009h\u200955\u2009\u00a0\u00bb, a comment\u00e9 Delphine Durand sur Facebook.<\/p>\n<p class=\" wall-content\">\u00ab\u00a0\u2009J\u2019ai vu le feu \u00e0 9\u2009h\u200920, je ne comprends pas qu\u2019ils mettent autant de temps \u00e0 venir\u2009\u00a0\u00bb, s\u2019est inqui\u00e9t\u00e9e une r\u00e9sidente de la rue d\u2019\u00e0 c\u00f4t\u00e9.<\/p>\n<p>    <img   decoding=\"async\" loading=\"lazy\" class=\"size-large\" src=\"https:\/\/www.europesays.com\/fr\/wp-content\/uploads\/2025\/07\/1f0059d5bf786831059d5bf7844205v-960x640.jpeg\" alt=\"feu Libert\u00e9\" width=\"960\" height=\"640\"\/><br \/>\n    Les secouristes ont proc\u00e9d\u00e9 \u00e0 des travaux \u00ab\u00a0\u2009de d\u00e9garnissage\u2009\u00a0\u00bb apr\u00e8s avoir ma\u00eetris\u00e9 l\u2019incendie. \u00a9Lou Van Cauvenberghe<\/p>\n<p class=\" wall-content\">A 9\u2009h\u200955, les gros moyens ont \u00e9t\u00e9 d\u00e9ploy\u00e9s. Les policiers ont \u00e9vacu\u00e9 le quartier pendant que de multiples explosions se faisaient entendre. Six engins d\u2019assistance aux victimes, six camions \u00e0 lance et trois camions \u00e0 grande \u00e9chelle ont \u00e9t\u00e9 mobilis\u00e9s. Des v\u00e9hicules de soutien sanitaires et logistiques, d\u2019autres de commandements des op\u00e9rations de secours \u00e9taient pr\u00e9sents.<\/p>\n<p class=\" wall-content\">A 11\u2009h\u200955, l\u2019incendie \u00e9tait ma\u00eetris\u00e9.<\/p>\n<p class=\" wall-content\">Des travaux <b>\u00ab\u00a0\u2009de d\u00e9garnissage\u2009\u00a0\u00bb<\/b> ont suivi. <b>\u00ab\u00a0\u2009Une op\u00e9ration de longue dur\u00e9e\u2009\u00a0\u00bb<\/b>, a pr\u00e9cis\u00e9 le Service d\u00e9partemental d\u2019incendie et de secours de la Vend\u00e9e.<\/p>\n<p class=\" wall-content\">Suivez toute l\u2019actualit\u00e9 de vos villes et m\u00e9dias favoris en vous inscrivant \u00e0 <a href=\"https:\/\/moncompte.actu.fr\" title=\"D\u00e9couvez Mon Actu\" rel=\"nofollow noopener\" data-trk=\"{&quot;cta&quot;:{&quot;action&quot;:&quot;https:\\\/\\\/moncompte.actu.fr&quot;,&quot;category&quot;:&quot;mon compte&quot;,&quot;from&quot;:&quot;article footer&quot;,&quot;name&quot;:&quot;Mon actu&quot;,&quot;type&quot;:&quot;cta&quot;}}\" target=\"_blank\">Mon Actu<\/a>.<\/p>\n","protected":false},"excerpt":{"rendered":"Par Lou Van Cauvenberghe Publi\u00e9 le 22 juil. 2025 \u00e0 18h36 Mardi 22\u00a0juillet, aux alentours de 8\u2009h\u200955, un&hellip;\n","protected":false},"author":2,"featured_media":266395,"comment_status":"","ping_status":"","sticky":false,"template":"","format":"standard","meta":{"footnotes":""},"categories":[4],"tags":[11,118,1011,27,1310,12,25],"class_list":{"0":"post-266394","1":"post","2":"type-post","3":"status-publish","4":"format-standard","5":"has-post-thumbnail","7":"category-france","8":"tag-actualites","9":"tag-faits-divers","10":"tag-fr","11":"tag-france","12":"tag-incendie","13":"tag-news","14":"tag-republique-francaise"},"share_on_mastodon":{"url":"https:\/\/pubeurope.com\/@fr\/114898694626390783","error":""},"_links":{"self":[{"href":"https:\/\/www.europesays.com\/fr\/wp-json\/wp\/v2\/posts\/266394","targetHints":{"allow":["GET"]}}],"collection":[{"href":"https:\/\/www.europesays.com\/fr\/wp-json\/wp\/v2\/posts"}],"about":[{"href":"https:\/\/www.europesays.com\/fr\/wp-json\/wp\/v2\/types\/post"}],"author":[{"embeddable":true,"href":"https:\/\/www.europesays.com\/fr\/wp-json\/wp\/v2\/users\/2"}],"replies":[{"embeddable":true,"href":"https:\/\/www.europesays.com\/fr\/wp-json\/wp\/v2\/comments?post=266394"}],"version-history":[{"count":0,"href":"https:\/\/www.europesays.com\/fr\/wp-json\/wp\/v2\/posts\/266394\/revisions"}],"wp:featuredmedia":[{"embeddable":true,"href":"https:\/\/www.europesays.com\/fr\/wp-json\/wp\/v2\/media\/266395"}],"wp:attachment":[{"href":"https:\/\/www.europesays.com\/fr\/wp-json\/wp\/v2\/media?parent=266394"}],"wp:term":[{"taxonomy":"category","embeddable":true,"href":"https:\/\/www.europesays.com\/fr\/wp-json\/wp\/v2\/categories?post=266394"},{"taxonomy":"post_tag","embeddable":true,"href":"https:\/\/www.europesays.com\/fr\/wp-json\/wp\/v2\/tags?post=266394"}],"curies":[{"name":"wp","href":"https:\/\/api.w.org\/{rel}","templated":true}]}}