{"id":266406,"date":"2025-07-22T20:13:12","date_gmt":"2025-07-22T20:13:12","guid":{"rendered":"https:\/\/www.europesays.com\/fr\/266406\/"},"modified":"2025-07-22T20:13:12","modified_gmt":"2025-07-22T20:13:12","slug":"un-cas-de-dengue-signale-dans-le-var-une-operation-demoustication-a-venir-2","status":"publish","type":"post","link":"https:\/\/www.europesays.com\/fr\/266406\/","title":{"rendered":"Un cas de dengue signal\u00e9 dans le Var, une op\u00e9ration d\u00e9moustication \u00e0 venir"},"content":{"rendered":"<p>Il y a quelques jours, les autorit\u00e9s sanitaires alertaient sur le <strong>risque important<\/strong> de circulation, cet \u00e9t\u00e9, des maladies inocul\u00e9es par les <strong>moustiques tigres<\/strong>.<\/p>\n<p>Vendredi dernier, un cas de dengue a \u00e9t\u00e9 signal\u00e9 \u00e0 <strong>Sanary<\/strong>, dans le quartier de la Vernette, d\u00e9clenchant un protocole strict.<\/p>\n<p>\u00ab\u00a0Le jour m\u00eame, l\u2019Agence r\u00e9gionale de sant\u00e9 a mandat\u00e9 une enqu\u00eate entomologique, r\u00e9alis\u00e9e par l\u2019Entente interd\u00e9partementale de d\u00e9moustication (EID) M\u00e9diterran\u00e9e, explique une cadre de la Ville de Sanary. L\u2019\u00e9quipe sp\u00e9cialis\u00e9e s\u2019est rendue sur place pour \u00e9valuer la densit\u00e9 de moustiques et les risques de retransmission de la maladie, dans un p\u00e9rim\u00e8tre de 150 \u00e0 200m autour de l\u2019habitation du patient. Ou de la patiente d\u2019ailleurs, car nous n\u2019avons pas l\u2019identit\u00e9. Le secret professionnel s\u2019applique.\u00a0\u00bb<\/p>\n<p><strong>Pas d\u2019autres cas signal\u00e9s<\/strong><\/p>\n<p>La Ville peut affirmer en revanche qu\u2019<strong>aucun autre cas<\/strong> n\u2019est \u00e0 d\u00e9plorer pour l\u2019instant. Mais l\u2019enqu\u00eate a conclu \u00e0 une pr\u00e9sence de moustiques tigres suffisamment importante dans cette zone pour diligenter une op\u00e9ration de d\u00e9moustication.<\/p>\n<p>Celle-ci doit avoir lieu ce mercredi 23 juillet, \u00e0 3h, \u00ab\u00a0de nuit, pour limiter la g\u00eane occasionn\u00e9e aux riverains\u00a0\u00bb.<\/p>\n<p>Ce traitement prend deux formes: \u00a0\u00bb Dans un secteur rapproch\u00e9 de 50m autour de l\u2019habitation du patient, les agents de l\u2019EID pulv\u00e9riseront le produit adulticide \u00e0 pied, dans les jardins. Puis, dans les 200m autour, il s\u2019agira d\u2019une n\u00e9bulisation par camion. \u00ab\u00a0<\/p>\n<p>Les habitants concern\u00e9s ont \u00e9t\u00e9 inform\u00e9s de l\u2019op\u00e9ration et re\u00e7u des pr\u00e9conisations en amont, comme de rester \u00e0 l\u2019int\u00e9rieur, fen\u00eatres ferm\u00e9es, durant l\u2019op\u00e9ration; rentrer les animaux domestiques; ne pas laisser de linge dehors; ou encore attendre trois jours avant de consommer fruits et l\u00e9gumes du jardin.<\/p>\n<p>En cas de sympt\u00f4mes li\u00e9s \u00e0 ces maladies vectorielles susceptibles d\u2019\u00eatre transmises par le moustique tigre, comme <a href=\"https:\/\/www.varmatin.com\/sante\/le-cas-autochtone-de-chikungunya-le-plus-precoce-jamais-identifie-dans-le-var-on-fait-le-point-sur-la-transmission-des-maladies-par-les-moustiques-tigres-dans-la-region-paca-990619\" target=\"_blank\" rel=\"noopener\">la dengue, le zika et le chikungunya<\/a> (fi\u00e8vre d\u2019apparition brutale, douleurs musculaires ou articulaires, et\/ou \u00e9ruption cutan\u00e9e), il convient de de consulter un m\u00e9decin qui posera un diagnostic apr\u00e8s analyses, puis alertera l\u2019ARS si n\u00e9cessaire.<\/p>\n<p>Rappelons que le meilleur moyen de lutter contre la prolif\u00e9ration des moustiques reste la chasse aux <strong>points d\u2019eau stagnante<\/strong>, m\u00eame petits, dans lesquels les larves s\u2019\u00e9panouissent.<\/p>\n","protected":false},"excerpt":{"rendered":"Il y a quelques jours, les autorit\u00e9s sanitaires alertaient sur le risque important de circulation, cet \u00e9t\u00e9, des&hellip;\n","protected":false},"author":2,"featured_media":265525,"comment_status":"","ping_status":"","sticky":false,"template":"","format":"standard","meta":{"footnotes":""},"categories":[9619],"tags":[1111,11,1777,674,1011,27,12,882,25,71,2310,3366],"class_list":{"0":"post-266406","1":"post","2":"type-post","3":"status-publish","4":"format-standard","5":"has-post-thumbnail","7":"category-toulon","8":"tag-actu","9":"tag-actualites","10":"tag-eu","11":"tag-europe","12":"tag-fr","13":"tag-france","14":"tag-news","15":"tag-provence-alpes-cote-dazur","16":"tag-republique-francaise","17":"tag-sante","18":"tag-toulon","19":"tag-vie-locale"},"share_on_mastodon":{"url":"https:\/\/pubeurope.com\/@fr\/114898718134408629","error":""},"_links":{"self":[{"href":"https:\/\/www.europesays.com\/fr\/wp-json\/wp\/v2\/posts\/266406","targetHints":{"allow":["GET"]}}],"collection":[{"href":"https:\/\/www.europesays.com\/fr\/wp-json\/wp\/v2\/posts"}],"about":[{"href":"https:\/\/www.europesays.com\/fr\/wp-json\/wp\/v2\/types\/post"}],"author":[{"embeddable":true,"href":"https:\/\/www.europesays.com\/fr\/wp-json\/wp\/v2\/users\/2"}],"replies":[{"embeddable":true,"href":"https:\/\/www.europesays.com\/fr\/wp-json\/wp\/v2\/comments?post=266406"}],"version-history":[{"count":0,"href":"https:\/\/www.europesays.com\/fr\/wp-json\/wp\/v2\/posts\/266406\/revisions"}],"wp:featuredmedia":[{"embeddable":true,"href":"https:\/\/www.europesays.com\/fr\/wp-json\/wp\/v2\/media\/265525"}],"wp:attachment":[{"href":"https:\/\/www.europesays.com\/fr\/wp-json\/wp\/v2\/media?parent=266406"}],"wp:term":[{"taxonomy":"category","embeddable":true,"href":"https:\/\/www.europesays.com\/fr\/wp-json\/wp\/v2\/categories?post=266406"},{"taxonomy":"post_tag","embeddable":true,"href":"https:\/\/www.europesays.com\/fr\/wp-json\/wp\/v2\/tags?post=266406"}],"curies":[{"name":"wp","href":"https:\/\/api.w.org\/{rel}","templated":true}]}}