{"id":266417,"date":"2025-07-22T20:20:28","date_gmt":"2025-07-22T20:20:28","guid":{"rendered":"https:\/\/www.europesays.com\/fr\/266417\/"},"modified":"2025-07-22T20:20:28","modified_gmt":"2025-07-22T20:20:28","slug":"des-perturbations-attendues-jusquen-aout","status":"publish","type":"post","link":"https:\/\/www.europesays.com\/fr\/266417\/","title":{"rendered":"des perturbations attendues jusqu&rsquo;en ao\u00fbt"},"content":{"rendered":"<p>            Par<br \/>\n        <strong><br \/>\n            <a href=\"https:\/\/actu.fr\/auteur\/redaction-grenoble\" title=\"Consulter tous les articles de R\u00e9daction Grenoble\" target=\"_blank\" rel=\"noopener\">R\u00e9daction Grenoble<\/a><br \/>\n        <\/strong><\/p>\n<p>        Publi\u00e9 le<\/p>\n<p>            22 juil. 2025 \u00e0 16h46        <\/p>\n<p>Depuis le lundi 7\u00a0juillet et le d\u00e9part officiel des vacances scolaires, le r\u00e9seau de transport grenoblois est pass\u00e9 <strong>\u00e0 l\u2019heure d\u2019\u00e9t\u00e9<\/strong>. Et comme chaque ann\u00e9e, MR\u00e9so, gestionnaire des mobilit\u00e9s sur <a href=\"https:\/\/actu.fr\/tag\/grenoble-alpes-metropole\" target=\"_blank\" rel=\"noopener\">Grenoble-Alpes M\u00e9tropole<\/a>, en profite pour assurer ses travaux d\u2019entretien des voies de tram.<\/p>\n<p>    <a href=\"https:\/\/www.facebook.com\/plugins\/video.php?height=476&amp;href=https%3A%2F%2Fwww.facebook.com%2FTransports.Mreso%2Fvideos%2F1150818280419213%2F&amp;show_text=false&amp;width=350&amp;t=0\" title=\"Ouvrie le lien\" target=\"_blank\" rel=\"noopener\">Cliquez ici pour visualiser le contenu<\/a><\/p>\n<p class=\" wall-content\">Des <strong>modifications de desserte<\/strong> sur plusieurs lignes sont donc en vigueur depuis d\u00e9but juillet et vont se poursuivre jusqu\u2019en ao\u00fbt.<\/p>\n<p>Terminus modifi\u00e9s<\/p>\n<p class=\" wall-content\">Jusqu\u2019au vendredi 1er\u00a0ao\u00fbt, les lignes de tram B et D circulent <strong>uniquement entre les arr\u00eats \u00ab\u2009Oxford\u2009\u00bb et \u00ab\u2009Sainte-Claire Les Halles\u2009\u00bb<\/strong> en journ\u00e9e.<\/p>\n<p class=\" wall-content\">De \u00ab\u2009Notre-Dame Mus\u00e9e\u2009\u00bb \u00e0 \u00ab\u2009Universit\u00e9 Condillac\u2009\u00bb pour la ligne B et de \u00ab\u2009Notre-Dame Mus\u00e9e\u2009\u00bb \u00e0 \u00ab\u2009\u00c9tienne Grappe\u2009\u00bb pour la ligne D, des <strong>bus relais<\/strong> sont mis en place. Les fr\u00e9quences de passages annonc\u00e9es sont de 8\u00a0minutes pour le bus relais B, et de 16\u00a0minutes pour le bus relais D.<\/p>\n<p class=\" wall-content\">Pour continuer d\u2019assurer une desserte convenable du <a href=\"https:\/\/actu.fr\/auvergne-rhone-alpes\/grenoble_38185\/grenoble-agressions-en-serie-sur-le-campus-des-situations-prises-tres-au-serieux_62184163.html\" target=\"_blank\" rel=\"noopener\">domaine universitaire<\/a> la ligne de tram C est \u00e9galement prolong\u00e9e jusqu\u2019\u00e0 \u00ab\u2009Gi\u00e8res \u2013 Plaine des Sports\u2009\u00bb jusqu\u2019au vendredi 1er\u00a0ao\u00fbt.<\/p>\n<p>Pas de tram D les soirs jusqu\u2019\u00e0 la mi-ao\u00fbt<\/p>\n<p class=\" wall-content\">Les lignes B et D adaptent \u00e9galement leurs horaires <strong>\u00e0 partir de 22\u00a0heures<\/strong> en semaine, jusqu\u2019au jeudi 14\u00a0ao\u00fbt\u2009:<\/p>\n<ul class=\" wall-content\">\n<li>La ligne B continue, comme en journ\u00e9e, de fonctionner uniquement entre \u00ab\u2009Oxford\u2009\u00bb et \u00ab\u2009Sainte-Claire Les Halles\u2009\u00bb,<\/li>\n<li>En revanche, la <strong>ligne D<\/strong><strong> ne circule pas<\/strong>. Des bus relais assurent la liaison entre \u00ab\u2009Notre-Dame Mus\u00e9e\u2009\u00bb et \u00ab\u2009\u00c9tienne Grappe\u2009\u00bb. La correspondance avec le tram C se fait \u00e0 l\u2019arr\u00eat \u00ab\u2009Neyrpic-Belledonne\u2009\u00bb.<\/li>\n<\/ul>\n<p class=\" wall-content\">Il est aussi \u00e0 noter que la station \u00ab\u2009H\u00f4pital Michallon \u2013 Gr\u00e9sivaudan\u2009\u00bb n\u2019est pas desservie le temps des travaux estivaux. Il est conseill\u00e9 de se reporter aux arr\u00eats \u00ab\u2009H\u00f4pital Couple Enfant\u2009\u00bb ou \u00ab\u2009Grand Sablon\u2009\u00bb pour s\u2019y rendre.<\/p>\n<p class=\" wall-content\">Suivez toute l\u2019actualit\u00e9 de vos villes et m\u00e9dias favoris en vous inscrivant \u00e0 <a href=\"https:\/\/moncompte.actu.fr\" title=\"D\u00e9couvez Mon Actu\" rel=\"nofollow noopener\" data-trk=\"{&quot;cta&quot;:{&quot;action&quot;:&quot;https:\\\/\\\/moncompte.actu.fr&quot;,&quot;category&quot;:&quot;mon compte&quot;,&quot;from&quot;:&quot;article footer&quot;,&quot;name&quot;:&quot;Mon actu&quot;,&quot;type&quot;:&quot;cta&quot;}}\" target=\"_blank\">Mon Actu<\/a>.<\/p>\n<ul class=\"ac-article-tag wall-content\">\n<li><a href=\"https:\/\/actu.fr\/tag\/transport-de-lagglomeration-grenobloise-tag\" data-trk=\"{&quot;cta&quot;:{&quot;action&quot;:&quot;Transport de l&#039;agglom\\u00e9ration grenobloise (TAG)&quot;,&quot;category&quot;:&quot;tag&quot;,&quot;from&quot;:&quot;article footer&quot;,&quot;name&quot;:&quot;Transport de l&#039;agglom\\u00e9ration grenobloise (TAG)&quot;,&quot;type&quot;:&quot;cta&quot;}}\" target=\"_blank\" rel=\"noopener\">#Transport de l&rsquo;agglom\u00e9ration grenobloise (TAG)<\/a><\/li>\n<li><a href=\"https:\/\/actu.fr\/tag\/travaux\" data-trk=\"{&quot;cta&quot;:{&quot;action&quot;:&quot;Travaux&quot;,&quot;category&quot;:&quot;tag&quot;,&quot;from&quot;:&quot;article footer&quot;,&quot;name&quot;:&quot;Travaux&quot;,&quot;type&quot;:&quot;cta&quot;}}\" target=\"_blank\" rel=\"noopener\">#Travaux<\/a><\/li>\n<\/ul>\n","protected":false},"excerpt":{"rendered":"Par R\u00e9daction Grenoble Publi\u00e9 le 22 juil. 2025 \u00e0 16h46 Depuis le lundi 7\u00a0juillet et le d\u00e9part officiel&hellip;\n","protected":false},"author":2,"featured_media":266418,"comment_status":"","ping_status":"","sticky":false,"template":"","format":"standard","meta":{"footnotes":""},"categories":[9566],"tags":[1111,11,2430,1777,674,1011,27,2731,12,25,104,8194,2086],"class_list":{"0":"post-266417","1":"post","2":"type-post","3":"status-publish","4":"format-standard","5":"has-post-thumbnail","7":"category-grenoble","8":"tag-actu","9":"tag-actualites","10":"tag-auvergne-rhone-alpes","11":"tag-eu","12":"tag-europe","13":"tag-fr","14":"tag-france","15":"tag-grenoble","16":"tag-news","17":"tag-republique-francaise","18":"tag-societe","19":"tag-transport-de-lagglomeration-grenobloise-tag","20":"tag-travaux"},"share_on_mastodon":{"url":"https:\/\/pubeurope.com\/@fr\/114898745672330845","error":""},"_links":{"self":[{"href":"https:\/\/www.europesays.com\/fr\/wp-json\/wp\/v2\/posts\/266417","targetHints":{"allow":["GET"]}}],"collection":[{"href":"https:\/\/www.europesays.com\/fr\/wp-json\/wp\/v2\/posts"}],"about":[{"href":"https:\/\/www.europesays.com\/fr\/wp-json\/wp\/v2\/types\/post"}],"author":[{"embeddable":true,"href":"https:\/\/www.europesays.com\/fr\/wp-json\/wp\/v2\/users\/2"}],"replies":[{"embeddable":true,"href":"https:\/\/www.europesays.com\/fr\/wp-json\/wp\/v2\/comments?post=266417"}],"version-history":[{"count":0,"href":"https:\/\/www.europesays.com\/fr\/wp-json\/wp\/v2\/posts\/266417\/revisions"}],"wp:featuredmedia":[{"embeddable":true,"href":"https:\/\/www.europesays.com\/fr\/wp-json\/wp\/v2\/media\/266418"}],"wp:attachment":[{"href":"https:\/\/www.europesays.com\/fr\/wp-json\/wp\/v2\/media?parent=266417"}],"wp:term":[{"taxonomy":"category","embeddable":true,"href":"https:\/\/www.europesays.com\/fr\/wp-json\/wp\/v2\/categories?post=266417"},{"taxonomy":"post_tag","embeddable":true,"href":"https:\/\/www.europesays.com\/fr\/wp-json\/wp\/v2\/tags?post=266417"}],"curies":[{"name":"wp","href":"https:\/\/api.w.org\/{rel}","templated":true}]}}