{"id":266435,"date":"2025-07-22T20:30:13","date_gmt":"2025-07-22T20:30:13","guid":{"rendered":"https:\/\/www.europesays.com\/fr\/266435\/"},"modified":"2025-07-22T20:30:13","modified_gmt":"2025-07-22T20:30:13","slug":"bordeaux-veut-repenser-ses-entrees-de-metropole","status":"publish","type":"post","link":"https:\/\/www.europesays.com\/fr\/266435\/","title":{"rendered":"Bordeaux veut repenser ses entr\u00e9es de m\u00e9tropole"},"content":{"rendered":"<p>Une m\u00e9thode nouvelle pour r\u00e9fl\u00e9chir au devenir des zones commerciales et industrielles qui ceinturent la m\u00e9tropole bordelaise. C\u2019est ainsi que Christine Bost, la pr\u00e9sidente de la m\u00e9tropole, a pr\u00e9sent\u00e9 la d\u00e9marche sur les portes m\u00e9tropolitaines de Bordeaux le 10 juillet dernier. Une d\u00e9marche qui s\u2019inscrit dans le plan M\u00e9tropole \u00e0 vivre lanc\u00e9 depuis 2023, qui vise \u00e9galement les quartiers de gare, les centre-villes et centre -bourgs, les corridors du tram et bus express, la transformation de l\u2019habitat et les grands territoires de nature. Au niveau national, le second volet du programme Action Coeur de ville porte notamment sur la requalification des entr\u00e9es de ville, mais tarde \u00e0 se d\u00e9ployer.<\/p>\n<ul>\n<li>L\u2019Etat au chevet des entr\u00e9es de villes<\/li>\n<\/ul>\n<p>Six entr\u00e9e de ville &#8230;<\/p>\n<p class=\"blocCut__title\">\n\t\t\t\t\t\t\t\t\t[80% reste \u00e0 lire]\n\t\t\t\t\t\t\t<\/p>\n<p class=\"blocCut__title--type2\">Article r\u00e9serv\u00e9 aux abonn\u00e9s<\/p>\n<p class=\"blocCut__title--type3\">Gazette des Communes<\/p>\n<p class=\"blocCut__title--type2\">VOUS N&rsquo;\u00eaTES PAS ABONN\u00e9 ?<\/p>\n<p class=\"blocCut__title--type4\">D\u00e9couvrez nos formules et acc\u00e9dez aux articles en illimit\u00e9<\/p>\n<p>\t\t\t\t\t\t\t\t<a href=\"https:\/\/www.abonnement.infopro-digital.com\/la-gazette-des-communes\/formule\/1111\/CTA-P\" target=\"_blank\" class=\"btn__full buttonTypeA buttonTypeA--1\" rel=\"noopener\">Je m\u2019abonne<\/a><\/p>\n","protected":false},"excerpt":{"rendered":"Une m\u00e9thode nouvelle pour r\u00e9fl\u00e9chir au devenir des zones commerciales et industrielles qui ceinturent la m\u00e9tropole bordelaise. C\u2019est&hellip;\n","protected":false},"author":2,"featured_media":266436,"comment_status":"","ping_status":"","sticky":false,"template":"","format":"standard","meta":{"footnotes":""},"categories":[2817],"tags":[1111,47,11,9250,2349,1997,20657,40578,1777,674,1011,27,1908,12,2219,25],"class_list":{"0":"post-266435","1":"post","2":"type-post","3":"status-publish","4":"format-standard","5":"has-post-thumbnail","7":"category-bordeaux","8":"tag-actu","9":"tag-actualite","10":"tag-actualites","11":"tag-amenagement-urbain","12":"tag-articles-reserves","13":"tag-bordeaux","14":"tag-developpement-economique","15":"tag-dgerbeau","16":"tag-eu","17":"tag-europe","18":"tag-fr","19":"tag-france","20":"tag-logement","21":"tag-news","22":"tag-nouvelle-aquitaine","23":"tag-republique-francaise"},"share_on_mastodon":{"url":"https:\/\/pubeurope.com\/@fr\/114898784975493709","error":""},"_links":{"self":[{"href":"https:\/\/www.europesays.com\/fr\/wp-json\/wp\/v2\/posts\/266435","targetHints":{"allow":["GET"]}}],"collection":[{"href":"https:\/\/www.europesays.com\/fr\/wp-json\/wp\/v2\/posts"}],"about":[{"href":"https:\/\/www.europesays.com\/fr\/wp-json\/wp\/v2\/types\/post"}],"author":[{"embeddable":true,"href":"https:\/\/www.europesays.com\/fr\/wp-json\/wp\/v2\/users\/2"}],"replies":[{"embeddable":true,"href":"https:\/\/www.europesays.com\/fr\/wp-json\/wp\/v2\/comments?post=266435"}],"version-history":[{"count":0,"href":"https:\/\/www.europesays.com\/fr\/wp-json\/wp\/v2\/posts\/266435\/revisions"}],"wp:featuredmedia":[{"embeddable":true,"href":"https:\/\/www.europesays.com\/fr\/wp-json\/wp\/v2\/media\/266436"}],"wp:attachment":[{"href":"https:\/\/www.europesays.com\/fr\/wp-json\/wp\/v2\/media?parent=266435"}],"wp:term":[{"taxonomy":"category","embeddable":true,"href":"https:\/\/www.europesays.com\/fr\/wp-json\/wp\/v2\/categories?post=266435"},{"taxonomy":"post_tag","embeddable":true,"href":"https:\/\/www.europesays.com\/fr\/wp-json\/wp\/v2\/tags?post=266435"}],"curies":[{"name":"wp","href":"https:\/\/api.w.org\/{rel}","templated":true}]}}