{"id":266439,"date":"2025-07-22T20:32:10","date_gmt":"2025-07-22T20:32:10","guid":{"rendered":"https:\/\/www.europesays.com\/fr\/266439\/"},"modified":"2025-07-22T20:32:10","modified_gmt":"2025-07-22T20:32:10","slug":"ligue-1-toulouse-paris-saint-germain-j3-programme","status":"publish","type":"post","link":"https:\/\/www.europesays.com\/fr\/266439\/","title":{"rendered":"Ligue 1 &#8211; Toulouse \/ Paris Saint-Germain (J3) programm\u00e9"},"content":{"rendered":"<p><img width=\"700\" height=\"350\" src=\"https:\/\/www.europesays.com\/fr\/wp-content\/uploads\/2025\/07\/Toulouse-PSG.png\" class=\"attachment-jannah-image-post size-jannah-image-post wp-post-image\" alt=\"tfc PSG\" is_main_img=\"1\" decoding=\"async\" fetchpriority=\"high\"  \/><\/p>\n<p>Dans deux semaines, le PSG retrouvera le chemin de<br \/>\nl\u2019entra\u00eenement pour pr\u00e9parer sa saison 2025-2026. Et un programme<br \/>\ncharg\u00e9 attend les Rouge &amp; Bleu d\u00e8s la reprise.<\/p>\n<p>Auteur d\u2019une saison 2024-2025 historique avec un quadrupl\u00e9, le<br \/>\n<strong>PSG<\/strong> compte bien conserver ses titres lors de<br \/>\nl\u2019exercice 2025-2026. Pour cela, <strong>Luis Enrique<\/strong><br \/>\nattend des renforts pour r\u00e9pondre aux nombreux objectifs. Et un<br \/>\ntitre sera d\u00e9j\u00e0 en jeu d\u00e8s le premier match officiel avec la<br \/>\n<strong><a href=\"https:\/\/canal-supporters.com\/psg-tottenham-tout-savoir-sur-la-billetterie-pour-la-supercoupe-deurope-2025\/\" title=\"\" target=\"_blank\" rel=\"noopener\">Supercoupe d\u2019Europe<\/a><\/strong> face \u00e0<br \/>\n<strong>Tottenham<\/strong> le 13 ao\u00fbt prochain. Concernant la<br \/>\n<strong>Ligue 1<\/strong>, les Rouge &amp; Bleu auront un premier mois<br \/>\nsans grosse affiche avec des rencontres face au <strong>FC<br \/>\nNantes<\/strong> (17), <strong>l\u2019Angers SCO<\/strong> (22) et le<br \/>\n<strong>Toulouse FC<\/strong>.<\/p>\n<p>TFC \/ PSG le<br \/>\nsamedi 30 ao\u00fbt<\/p>\n<p>Et la <strong>LFP<\/strong> a d\u00e9voil\u00e9 la programmation de la<br \/>\n<strong><a href=\"https:\/\/ligue1.fr\/fr\/articles\/l1_article_2908-programmation-tv-j3-2526-l1\" target=\"_blank\" rel=\"noopener\" title=\"\">3e journ\u00e9e de Ligue<br \/>\n1<\/a><\/strong>. \u00c0 cette occasion, les champions de France se<br \/>\nd\u00e9placeront sur la pelouse du <strong>TFC<\/strong>. Une rencontre<br \/>\nprogramm\u00e9e le samedi 30 ao\u00fbt \u00e0 21h05 et diffus\u00e9e sur la nouvelle<br \/>\ncha\u00eene <strong><a href=\"https:\/\/canal-supporters.com\/officiel-ligue-1-les-informations-et-details-de-la-nouvelle-chaine-de-la-lfp\/\" title=\"\" target=\"_blank\" rel=\"noopener\">Ligue 1+<\/a><\/strong>. Cette 3e journ\u00e9e se cl\u00f4turera<br \/>\navec l\u2019Olympico entre l\u2019OL et l\u2019OM. Apr\u00e8s cette journ\u00e9e de<br \/>\nchampionnat, la premi\u00e8re tr\u00eave internationale de la saison aura<br \/>\nlieu.<\/p>\n<p>Le programme de la 3e journ\u00e9e de Ligue<br \/>\n1<\/p>\n<ul class=\"wp-block-list\">\n<li><strong>Vendredi 29 ao\u00fbt<\/strong>\n<ul class=\"wp-block-list\">\n<li>RC Lens \/ Stade Brestois 29 (20h45 sur Ligue 1+)<\/li>\n<\/ul>\n<\/li>\n<li><strong>Samedi 30 ao\u00fbt<\/strong>\n<ul class=\"wp-block-list\">\n<li>FC Lorient \/ LOSC (17h sur beIN SPORTS 1)<\/li>\n<li>FC Nantes \/ AJ Auxerre (19h sur Ligue 1+)<\/li>\n<li><strong>Toulouse FC \/ Paris Saint-Germain (21h05 sur Ligue 1+)<\/strong><\/li>\n<\/ul>\n<\/li>\n<li><strong>Dimanche 31 ao\u00fbt<\/strong>\n<ul class=\"wp-block-list\">\n<li>Angers SCO \/ Stade Rennais (15h sur Ligue 1+)<\/li>\n<li>AS Monaco \/ RC Strasbourg (17h15 sur Ligue 1+)<\/li>\n<li>Paris FC \/ FC Metz (17h15 sur Ligue 1+)<\/li>\n<li>Le Havre \/ OGC Nice (17h15 sur Ligue 1+)<\/li>\n<li>Olympique Lyonnais \/ Olympique de Marseille (20h45 sur Ligue 1+)<\/li>\n<\/ul>\n<\/li>\n<\/ul>\n<p>Youtube :<br \/>\n<strong><a href=\"https:\/\/www.youtube.com\/@CanalSupportersParis\" target=\"_blank\" rel=\"noopener\" title=\"\">Canal Supporters<br \/>\nParis<\/a><\/strong><\/p>\n","protected":false},"excerpt":{"rendered":"Dans deux semaines, le PSG retrouvera le chemin de l\u2019entra\u00eenement pour pr\u00e9parer sa saison 2025-2026. Et un programme&hellip;\n","protected":false},"author":2,"featured_media":266440,"comment_status":"","ping_status":"","sticky":false,"template":"","format":"standard","meta":{"footnotes":""},"categories":[2816],"tags":[40579,1111,11,81,787,1777,674,1011,27,66,12,2680,91,92,40580,93,25,40581,2312,40582,96],"class_list":{"0":"post-266439","1":"post","2":"type-post","3":"status-publish","4":"format-standard","5":"has-post-thumbnail","7":"category-toulouse","8":"tag-3e-journee-ligue-1","9":"tag-actu","10":"tag-actualites","11":"tag-canal-supporters","12":"tag-cs","13":"tag-eu","14":"tag-europe","15":"tag-fr","16":"tag-france","17":"tag-ligue-1","18":"tag-news","19":"tag-occitanie","20":"tag-paris-saint-germain","21":"tag-paris-sg","22":"tag-programmation-ligue-1","23":"tag-psg","24":"tag-republique-francaise","25":"tag-tfc-psg","26":"tag-toulouse","27":"tag-toulouse-psg","28":"tag-une"},"share_on_mastodon":{"url":"https:\/\/pubeurope.com\/@fr\/114898792811015897","error":""},"_links":{"self":[{"href":"https:\/\/www.europesays.com\/fr\/wp-json\/wp\/v2\/posts\/266439","targetHints":{"allow":["GET"]}}],"collection":[{"href":"https:\/\/www.europesays.com\/fr\/wp-json\/wp\/v2\/posts"}],"about":[{"href":"https:\/\/www.europesays.com\/fr\/wp-json\/wp\/v2\/types\/post"}],"author":[{"embeddable":true,"href":"https:\/\/www.europesays.com\/fr\/wp-json\/wp\/v2\/users\/2"}],"replies":[{"embeddable":true,"href":"https:\/\/www.europesays.com\/fr\/wp-json\/wp\/v2\/comments?post=266439"}],"version-history":[{"count":0,"href":"https:\/\/www.europesays.com\/fr\/wp-json\/wp\/v2\/posts\/266439\/revisions"}],"wp:featuredmedia":[{"embeddable":true,"href":"https:\/\/www.europesays.com\/fr\/wp-json\/wp\/v2\/media\/266440"}],"wp:attachment":[{"href":"https:\/\/www.europesays.com\/fr\/wp-json\/wp\/v2\/media?parent=266439"}],"wp:term":[{"taxonomy":"category","embeddable":true,"href":"https:\/\/www.europesays.com\/fr\/wp-json\/wp\/v2\/categories?post=266439"},{"taxonomy":"post_tag","embeddable":true,"href":"https:\/\/www.europesays.com\/fr\/wp-json\/wp\/v2\/tags?post=266439"}],"curies":[{"name":"wp","href":"https:\/\/api.w.org\/{rel}","templated":true}]}}