{"id":266441,"date":"2025-07-22T20:34:15","date_gmt":"2025-07-22T20:34:15","guid":{"rendered":"https:\/\/www.europesays.com\/fr\/266441\/"},"modified":"2025-07-22T20:34:15","modified_gmt":"2025-07-22T20:34:15","slug":"lillustratrice-jenny-en-dedicace-a-la-fnac-lille","status":"publish","type":"post","link":"https:\/\/www.europesays.com\/fr\/266441\/","title":{"rendered":"L&rsquo;illustratrice Jenny en d\u00e9dicace \u00e0 la Fnac Lille"},"content":{"rendered":"<p>L\u2019illustratrice de la bande dessin\u00e9e \u00ab Les L\u00e9gendaires \u00bb sera l\u2019invit\u00e9e de la Fnac Lille pour une s\u00e9ance de d\u00e9dicaces \u00e0 l\u2019occasion de la sortie du tome 2 de son sh\u014djo \u00ab Brille \u00bb (septembre 2025, \u00c9ditions Delcourt).<\/p>\n<p><strong>Jenny<\/strong> est n\u00e9e \u00e0 Madagascar en 1979. Elle arrive en banlieue parisienne \u00e0 3 ans.<\/p>\n<p>Apr\u00e8s avoir suivi des cours d\u2019arts du Centre Saint-Charles \u00e0 Paris, elle se forme \u00e0 l\u2019animation \u00e0 l\u2019\u00c9cole des Gobelins. Son premier court-m\u00e9trage,\u00a0Le Papillon, re\u00e7oit le prix Canal J au festival d\u2019Annecy 2002.\u00a0Elle travaille ensuite sur les s\u00e9ries\u00a0Martin Myst\u00e8re et\u00a0Totally Spies pour les\u00a0studios Marathon.<\/p>\n<p>En 2005, Jenny r\u00e9alise le premier sh\u014djo manga fran\u00e7ais : Pink Diary. Elle poursuit avec la s\u00e9rie franco-belge Mathilde et le manga\u00a0Sara et les contes perdus.\u00a0<\/p>\n<p>Jenny est l\u2019autrice de la s\u00e9rie Comme un gar\u00e7on, la dessinatrice du 1er tome et des couvertures de la s\u00e9rie\u00a0Les Mythics,\u00a0et des derni\u00e8res planches de l\u2019\u00e9pisode 5 des L\u00e9gendaires Origines. Elle dessine pour la s\u00e9rie Les L\u00e9gendaires R\u00e9sistance depuis 2021.<\/p>\n<p>En juin 2025, elle sort le tome 1 de son sh\u014djo Brille.<\/p>\n<p><strong>Brille ! \u2013 Tome 2<\/strong><\/p>\n<p>\u00c9milie croise le regard de Simon lors de sa premi\u00e8re escapade hors de chez elle. Cette fois, le regard d\u2019un autre ne l\u2019effraie pas. Tiraill\u00e9e entre la peur de revivre son pass\u00e9 et l\u2019envie irr\u00e9pressible de recr\u00e9er des liens humains, \u00c9milie se bat contre ses vieux d\u00e9mons et essaie de faire un pas vers ses proches. Et Simon pourrait bien l\u2019y aider\u2026<\/p>\n<p style=\"text-align: center;\">*\u00c9v\u00e9nement gratuit, acc\u00e8s dans la limite des places disponibles<\/p>\n<p>        <img decoding=\"async\" src=\"https:\/\/www.europesays.com\/fr\/wp-content\/uploads\/2025\/04\/logo-rse.png\" alt=\"Logo RSE\" loading=\"lazy\" width=\"84\" height=\"116\"\/><\/p>\n<p>\n        La Fnac s\u2019engage activement dans les initiatives de responsabilit\u00e9 soci\u00e9tale des entreprises (RSE).\n    <\/p>\n<p>\n        Aidez-nous en choisissant la mobilit\u00e9 douce en privil\u00e9giant par exemple le v\u00e9lo (pistes cyclables et stationnements \u00e0 disposition), les transports en commun ou le covoiturage pour nous rejoindre. Ainsi, vous contribuez \u00e0 r\u00e9duire les \u00e9missions de gaz \u00e0 effet de serre et \u00e0 am\u00e9liorer notre qualit\u00e9 de l\u2019air. Pour plus d\u2019information, consultez la fiche du magasin.<br \/>Tous nos \u00e9v\u00e8nements sont en acc\u00e8s gratuit, dans la limite des places disponibles.\n    <\/p>\n","protected":false},"excerpt":{"rendered":"L\u2019illustratrice de la bande dessin\u00e9e \u00ab Les L\u00e9gendaires \u00bb sera l\u2019invit\u00e9e de la Fnac Lille pour une s\u00e9ance&hellip;\n","protected":false},"author":2,"featured_media":266442,"comment_status":"","ping_status":"","sticky":false,"template":"","format":"standard","meta":{"footnotes":""},"categories":[2815],"tags":[1111,11,19042,40583,1777,674,9391,1011,27,811,40584,40585,1307,6681,12,25,40586],"class_list":{"0":"post-266441","1":"post","2":"type-post","3":"status-publish","4":"format-standard","5":"has-post-thumbnail","7":"category-lille","8":"tag-actu","9":"tag-actualites","10":"tag-brille","11":"tag-delcourt","12":"tag-eu","13":"tag-europe","14":"tag-evenement-fnac-gratuit","15":"tag-fr","16":"tag-france","17":"tag-hauts-de-france","18":"tag-jenny","19":"tag-les-legendaires","20":"tag-lille","21":"tag-manga","22":"tag-news","23":"tag-republique-francaise","24":"tag-shonjo"},"share_on_mastodon":{"url":"https:\/\/pubeurope.com\/@fr\/114898800736733487","error":""},"_links":{"self":[{"href":"https:\/\/www.europesays.com\/fr\/wp-json\/wp\/v2\/posts\/266441","targetHints":{"allow":["GET"]}}],"collection":[{"href":"https:\/\/www.europesays.com\/fr\/wp-json\/wp\/v2\/posts"}],"about":[{"href":"https:\/\/www.europesays.com\/fr\/wp-json\/wp\/v2\/types\/post"}],"author":[{"embeddable":true,"href":"https:\/\/www.europesays.com\/fr\/wp-json\/wp\/v2\/users\/2"}],"replies":[{"embeddable":true,"href":"https:\/\/www.europesays.com\/fr\/wp-json\/wp\/v2\/comments?post=266441"}],"version-history":[{"count":0,"href":"https:\/\/www.europesays.com\/fr\/wp-json\/wp\/v2\/posts\/266441\/revisions"}],"wp:featuredmedia":[{"embeddable":true,"href":"https:\/\/www.europesays.com\/fr\/wp-json\/wp\/v2\/media\/266442"}],"wp:attachment":[{"href":"https:\/\/www.europesays.com\/fr\/wp-json\/wp\/v2\/media?parent=266441"}],"wp:term":[{"taxonomy":"category","embeddable":true,"href":"https:\/\/www.europesays.com\/fr\/wp-json\/wp\/v2\/categories?post=266441"},{"taxonomy":"post_tag","embeddable":true,"href":"https:\/\/www.europesays.com\/fr\/wp-json\/wp\/v2\/tags?post=266441"}],"curies":[{"name":"wp","href":"https:\/\/api.w.org\/{rel}","templated":true}]}}