{"id":266446,"date":"2025-07-22T20:37:08","date_gmt":"2025-07-22T20:37:08","guid":{"rendered":"https:\/\/www.europesays.com\/fr\/266446\/"},"modified":"2025-07-22T20:37:08","modified_gmt":"2025-07-22T20:37:08","slug":"quatre-blesses-dont-un-bebe-et-un-enfant-en-urgence-absolue","status":"publish","type":"post","link":"https:\/\/www.europesays.com\/fr\/266446\/","title":{"rendered":"quatre bless\u00e9s dont un b\u00e9b\u00e9 et un enfant en urgence absolue"},"content":{"rendered":"<p>            Par<br \/>\n        <strong><br \/>\n            <a href=\"https:\/\/actu.fr\/auteur\/redaction-lyon\" title=\"Consulter tous les articles de R\u00e9daction Lyon\" rel=\"nofollow noopener\" target=\"_blank\">R\u00e9daction Lyon<\/a><br \/>\n        <\/strong><\/p>\n<p>        Publi\u00e9 le<\/p>\n<p>            22 juil. 2025 \u00e0 22h08        <\/p>\n<p>Un grave accident s\u2019est d\u00e9roul\u00e9 ce mardi 22 juillet 2025 \u00e0 Denic\u00e9 (Rh\u00f4ne) pr\u00e8s de <a href=\"https:\/\/actu.fr\/auvergne-rhone-alpes\/lyon_69123\/lyon-derriere-l-evacuation-du-campement-de-la-honte-une-nouvelle-polemique-commence-a-gonfler_62942809.html\" rel=\"nofollow noopener\" target=\"_blank\">Lyon<\/a> faisant quatre bless\u00e9s dont un b\u00e9b\u00e9 et un enfant de 5 ans. Ce dernier a \u00e9t\u00e9 pris en charge en \u00e9tat d\u2019urgence absolue, selon les pompiers, confirmant une information du <a href=\"https:\/\/www.leprogres.fr\/faits-divers-justice\/2025\/07\/22\/quatre-blesses-dans-un-accident-a-denice-dont-un-bebe-et-un-enfant-de-5-ans-transporte-en-urgence-absolue\" rel=\"nofollow noopener\" target=\"_blank\">Progr\u00e8s<\/a>.\u00a0<\/p>\n<p class=\" wall-content\">Deux voitures sont entr\u00e9es en collision route de Montmelas vers 18h dans cette commune au nord de Lyon.<\/p>\n<p>Une femme et un enfant de 5 ans en urgence absolue\u00a0<\/p>\n<p class=\" wall-content\">Selon le bilan des pompiers, l\u2019accident a fait quatre victimes, deux sont en urgence absolue. Une femme, un homme, un b\u00e9b\u00e9 \u00e2g\u00e9 de six mois et un enfant de cinq ans sont impliqu\u00e9s. La femme et l\u2019enfant de 5 ans sont en urgence absolue, les deux autres en urgence relative.\u00a0<\/p>\n<p class=\" wall-content\">Le nourrisson, le b\u00e9b\u00e9 de 5 ans en urgence absolue et l\u2019homme ont \u00e9t\u00e9 \u00e9vacu\u00e9s par les secours vers l\u2019H\u00f4pital femme m\u00e8re enfant (HFME) de Bron dans la m\u00e9tropole de Lyon.<\/p>\n<p>La femme h\u00e9liport\u00e9e vers Lyon\u00a0<\/p>\n<p class=\" wall-content\">La femme a \u00e9t\u00e9 h\u00e9liport\u00e9e en urgence vers l\u2019h\u00f4pital \u00c9douard Herriot de Lyon.<\/p>\n<p class=\" wall-content\">Une dizaine de sapeurs-pompiers, le SAMU et les gendarmes ont \u00e9t\u00e9 mobilis\u00e9s sur place. Une enqu\u00eate de gendarmerie est ouverte pour d\u00e9terminer les circonstances du drame.\u00a0<\/p>\n<p class=\" wall-content\">Suivez toute l\u2019actualit\u00e9 de vos villes et m\u00e9dias favoris en vous inscrivant \u00e0 <a href=\"https:\/\/moncompte.actu.fr\" title=\"D\u00e9couvez Mon Actu\" rel=\"nofollow noopener\" data-trk=\"{&quot;cta&quot;:{&quot;action&quot;:&quot;https:\\\/\\\/moncompte.actu.fr&quot;,&quot;category&quot;:&quot;mon compte&quot;,&quot;from&quot;:&quot;article footer&quot;,&quot;name&quot;:&quot;Mon actu&quot;,&quot;type&quot;:&quot;cta&quot;}}\" target=\"_blank\">Mon Actu<\/a>.<\/p>\n","protected":false},"excerpt":{"rendered":"Par R\u00e9daction Lyon Publi\u00e9 le 22 juil. 2025 \u00e0 22h08 Un grave accident s\u2019est d\u00e9roul\u00e9 ce mardi 22&hellip;\n","protected":false},"author":2,"featured_media":266447,"comment_status":"","ping_status":"","sticky":false,"template":"","format":"standard","meta":{"footnotes":""},"categories":[1889],"tags":[119,1111,11,2430,1777,674,118,1011,27,2428,12,1311,25],"class_list":{"0":"post-266446","1":"post","2":"type-post","3":"status-publish","4":"format-standard","5":"has-post-thumbnail","7":"category-lyon","8":"tag-accident","9":"tag-actu","10":"tag-actualites","11":"tag-auvergne-rhone-alpes","12":"tag-eu","13":"tag-europe","14":"tag-faits-divers","15":"tag-fr","16":"tag-france","17":"tag-lyon","18":"tag-news","19":"tag-pompiers","20":"tag-republique-francaise"},"share_on_mastodon":{"url":"https:\/\/pubeurope.com\/@fr\/114898812524321691","error":""},"_links":{"self":[{"href":"https:\/\/www.europesays.com\/fr\/wp-json\/wp\/v2\/posts\/266446","targetHints":{"allow":["GET"]}}],"collection":[{"href":"https:\/\/www.europesays.com\/fr\/wp-json\/wp\/v2\/posts"}],"about":[{"href":"https:\/\/www.europesays.com\/fr\/wp-json\/wp\/v2\/types\/post"}],"author":[{"embeddable":true,"href":"https:\/\/www.europesays.com\/fr\/wp-json\/wp\/v2\/users\/2"}],"replies":[{"embeddable":true,"href":"https:\/\/www.europesays.com\/fr\/wp-json\/wp\/v2\/comments?post=266446"}],"version-history":[{"count":0,"href":"https:\/\/www.europesays.com\/fr\/wp-json\/wp\/v2\/posts\/266446\/revisions"}],"wp:featuredmedia":[{"embeddable":true,"href":"https:\/\/www.europesays.com\/fr\/wp-json\/wp\/v2\/media\/266447"}],"wp:attachment":[{"href":"https:\/\/www.europesays.com\/fr\/wp-json\/wp\/v2\/media?parent=266446"}],"wp:term":[{"taxonomy":"category","embeddable":true,"href":"https:\/\/www.europesays.com\/fr\/wp-json\/wp\/v2\/categories?post=266446"},{"taxonomy":"post_tag","embeddable":true,"href":"https:\/\/www.europesays.com\/fr\/wp-json\/wp\/v2\/tags?post=266446"}],"curies":[{"name":"wp","href":"https:\/\/api.w.org\/{rel}","templated":true}]}}