{"id":26645,"date":"2025-04-15T13:44:09","date_gmt":"2025-04-15T13:44:09","guid":{"rendered":"https:\/\/www.europesays.com\/fr\/26645\/"},"modified":"2025-04-15T13:44:09","modified_gmt":"2025-04-15T13:44:09","slug":"laeticia-hallyday-endettee-jusquau-cou-avec-jade-et-joy-elle-flambe-les-quen-dira-t-on","status":"publish","type":"post","link":"https:\/\/www.europesays.com\/fr\/26645\/","title":{"rendered":"Laeticia Hallyday endett\u00e9e jusqu\u2019au cou ? Avec Jade et Joy, elle flambe les qu\u2019en-dira-t-on"},"content":{"rendered":"<p>Laeticia Hallyday avait-elle besoin de se vider la t\u00eate ? Ne se<br \/>\nsoucie-t-elle gu\u00e8re de ses <a href=\"https:\/\/www.closermag.fr\/people\/laeticia-hallyday-bientot-ruinee-les-grosses-dettes-de-johnny-vont-la-plomber-mais-la-justice-a-tranche-3536051\" rel=\"nofollow noopener\" target=\"_blank\"><br \/>\ndettes<\/a> ? Une chose est s\u00fbre, la veuve de Johnny Hallyday s&rsquo;est<br \/>\noctroy\u00e9e quelques jours de plaisir \u00e0 Coachella. Alors que le<br \/>\nfestival le plus hupp\u00e9 de la plan\u00e8te a d\u00e9but\u00e9 en Californie le 11<br \/>\navril 2025, la jeune femme a pris la direction de la manifestation<br \/>\navec sa fille <strong>Jade Hallyday<\/strong>. Comme elle l&rsquo;a<br \/>\nd\u00e9voil\u00e9 sur son compte Instagram, c&rsquo;est le sourire aux l\u00e8vres que<br \/>\nm\u00e8re et fille ont partag\u00e9 de bons moments, dans l&rsquo;effervescence<br \/>\nmusicale.<\/p>\n<p>Pourtant, actuellement, tout n&rsquo;est pas tout rose dans la vie de<br \/>\nLaeticia Hallyday&#8230; En effet, comme le r\u00e9v\u00e9lait \u00ab\u00a0L&rsquo;Inform\u00e9\u00a0\u00bb le 11<br \/>\navril, la m\u00e8re de famille <strong>n&rsquo;a pas obtenu gain de cause face<br \/>\nau fisc<\/strong> et a donc \u00e9t\u00e9 somm\u00e9e de r\u00e9gler une dette de<br \/>\n<strong>7,7 millions d&rsquo;euros<\/strong>. Un v\u00e9ritable coup de massue<br \/>\npour celle qui a perdu sa villa de Pacific Palisades lors des<br \/>\n<a href=\"https:\/\/www.closermag.fr\/people\/exclu-laeticia-hallyday-sa-maison-detruite-a-los-angeles-elle-active-son-plan-de-secours-avec-jade-et-joy-3509616\" rel=\"nofollow noopener\" target=\"_blank\"><br \/>\nincendies de Los Angeles<\/a>. Si elle avait propos\u00e9 de r\u00e9duire les<br \/>\ndettes du rockeur dont elle avait h\u00e9rit\u00e9 apr\u00e8s sa mort en d\u00e9cembre<br \/>\n2017, Laeticia Hallyday n&rsquo;a obtenu aucune issue favorable.<\/p>\n<p>Laeticia Hallyday pas \u00ab\u00a0dans la mis\u00e8re\u00a0\u00bb<\/p>\n<blockquote class=\"instagram-media\" style=\"background: #ffffff;border: 0;margin: 1px;width: 100%;padding: 0;max-width: 500px;\" data-instgrm-permalink=\"https:\/\/www.instagram.com\/p\/DIZf6mKzNcx\/\" data-instgrm-version=\"14\"\/>\n<p>\u00ab\u00a0Elle a ouvert des discussions avec le fisc pour obtenir une<br \/>\nristourne. Dans un premier temps, elle propose de payer tout de<br \/>\nsuite 1,9 million d\u2019euros pour solde de tout compte et que Bercy<br \/>\nfasse une croix sur les 9 millions restants&#8230; Une proposition<br \/>\nimm\u00e9diatement rejet\u00e9e par l\u2019administration\u00a0\u00bb, avaient d\u00e9voil\u00e9<br \/>\nnos confr\u00e8res. Dans cette affaire, le tribunal administratif de<br \/>\nParis estimerait que Laeticia Hallyday ne serait pas \u00ab\u00a0dans la<br \/>\nmis\u00e8re\u00a0\u00bb et donc en mesure de payer ses dettes.<\/p>\n<p>D\u00e9j\u00e0 en 2022, le minist\u00e8re de l&rsquo;Economie avait accept\u00e9 de faire<br \/>\nun pas vers elle. En \u00e9change de l&rsquo;arr\u00eat de la contestation de son<br \/>\nredressement fiscal et contre le r\u00e9glement de ses 7,7 millions<br \/>\nd\u00a0\u00bbeuros, l&rsquo;admistration \u00e9tait d&rsquo;accord pour renoncer \u00e0 <strong>3,2<br \/>\nmillions d&rsquo;euros de p\u00e9nalit\u00e9s<\/strong>. Un geste rejet\u00e9 par la<br \/>\nprincipale concern\u00e9e qui avait fait appel. Laeticia Hallyday s&rsquo;est<br \/>\nalors lanc\u00e9e dans de nouvelles n\u00e9gociations, en vain. Alors, que<br \/>\nva-t-elle d\u00e9cider ?<\/p>\n<p>Laeticia Hallyday en couple, son<br \/>\nsoutien infaillible<\/p>\n<p>Heureusement, en plus de l&rsquo;amour de ses filles, Laeticia<br \/>\nHallyday peut compter sur le soutien de son nouveau compagnon,<br \/>\n<a href=\"https:\/\/www.closermag.fr\/people\/laeticia-hallyday-officialise-avec-son-nouveau-compagnon-frederic-les-images-de-leur-bonheur-a-saint-barth-3536440\" rel=\"nofollow noopener\" target=\"_blank\"><br \/>\nFr\u00e9d\u00e9ric<\/a>. Il a par exemple \u00e9t\u00e9 d&rsquo;un grand soutien pour elle<br \/>\napr\u00e8s les\u00a0incendies de Los Angeles, il a \u00e9t\u00e9 pr\u00e9sent \u00e0 ses 50<br \/>\nans ou encore au receuillement sur la tombe du rockeur. Une<br \/>\npr\u00e9sence qui ressert les liens familiaux. M\u00eame ses filles Jade et<br \/>\nJoy l&rsquo;ont accept\u00e9. Nul doute qu&rsquo;il saura \u00eatre une \u00e9paule dans cette<br \/>\naffaire.<\/p>\n<p><script async src=\"\/\/www.instagram.com\/embed.js\"><\/script><\/p>\n","protected":false},"excerpt":{"rendered":"Laeticia Hallyday avait-elle besoin de se vider la t\u00eate ? Ne se soucie-t-elle gu\u00e8re de ses dettes ?&hellip;\n","protected":false},"author":2,"featured_media":26646,"comment_status":"","ping_status":"","sticky":false,"template":"","format":"standard","meta":{"footnotes":""},"categories":[8],"tags":[548,58,59,1011,27,7648],"class_list":{"0":"post-26645","1":"post","2":"type-post","3":"status-publish","4":"format-standard","5":"has-post-thumbnail","7":"category-divertissement","8":"tag-article-simple","9":"tag-divertissement","10":"tag-entertainment","11":"tag-fr","12":"tag-france","13":"tag-laeticia-hallyday"},"share_on_mastodon":{"url":"https:\/\/pubeurope.com\/@fr\/114342282110912719","error":""},"_links":{"self":[{"href":"https:\/\/www.europesays.com\/fr\/wp-json\/wp\/v2\/posts\/26645","targetHints":{"allow":["GET"]}}],"collection":[{"href":"https:\/\/www.europesays.com\/fr\/wp-json\/wp\/v2\/posts"}],"about":[{"href":"https:\/\/www.europesays.com\/fr\/wp-json\/wp\/v2\/types\/post"}],"author":[{"embeddable":true,"href":"https:\/\/www.europesays.com\/fr\/wp-json\/wp\/v2\/users\/2"}],"replies":[{"embeddable":true,"href":"https:\/\/www.europesays.com\/fr\/wp-json\/wp\/v2\/comments?post=26645"}],"version-history":[{"count":0,"href":"https:\/\/www.europesays.com\/fr\/wp-json\/wp\/v2\/posts\/26645\/revisions"}],"wp:featuredmedia":[{"embeddable":true,"href":"https:\/\/www.europesays.com\/fr\/wp-json\/wp\/v2\/media\/26646"}],"wp:attachment":[{"href":"https:\/\/www.europesays.com\/fr\/wp-json\/wp\/v2\/media?parent=26645"}],"wp:term":[{"taxonomy":"category","embeddable":true,"href":"https:\/\/www.europesays.com\/fr\/wp-json\/wp\/v2\/categories?post=26645"},{"taxonomy":"post_tag","embeddable":true,"href":"https:\/\/www.europesays.com\/fr\/wp-json\/wp\/v2\/tags?post=26645"}],"curies":[{"name":"wp","href":"https:\/\/api.w.org\/{rel}","templated":true}]}}