{"id":266456,"date":"2025-07-22T20:42:09","date_gmt":"2025-07-22T20:42:09","guid":{"rendered":"https:\/\/www.europesays.com\/fr\/266456\/"},"modified":"2025-07-22T20:42:09","modified_gmt":"2025-07-22T20:42:09","slug":"polemiques-personnalites-et-fronde-des-riverains","status":"publish","type":"post","link":"https:\/\/www.europesays.com\/fr\/266456\/","title":{"rendered":"pol\u00e9miques, personnalit\u00e9s et fronde des riverains"},"content":{"rendered":"<p>Dans l\u2019un des quartiers les plus embl\u00e9matiques et ais\u00e9s de la capitale, un projet d\u2019implantation de sup\u00e9rette soul\u00e8ve une vague d\u2019indignation. Plusieurs figures publiques, cit\u00e9es \u00e0 tort parmi les signataires d\u2019une p\u00e9tition d\u2019opposition, ont tenu \u00e0 r\u00e9tablir la v\u00e9rit\u00e9.<\/p>\n<p>\u00a0<\/p>\n<p><strong>Un projet d\u2019implantation commerciale qui divise un quartier r\u00e9sidentiel hupp\u00e9<\/strong><\/p>\n<p>\u00a0<\/p>\n<p>Depuis plusieurs jours, une pol\u00e9mique enfle dans le <strong>6e arrondissement de Paris<\/strong>. En cause, l\u2019ouverture pr\u00e9vue d\u2019un <strong>Carrefour City<\/strong>, une enseigne de proximit\u00e9 du groupe Carrefour, dans un secteur r\u00e9put\u00e9 pour son calme et son caract\u00e8re r\u00e9sidentiel. Une <strong>p\u00e9tition citoyenne<\/strong> a circul\u00e9 pour s\u2019opposer \u00e0 cette implantation, d\u00e9non\u00e7ant notamment les nuisances sonores potentielles, les probl\u00e8mes de circulation et les risques de banalisation du quartier.<\/p>\n<p>Ce texte, relay\u00e9 massivement sur les r\u00e9seaux sociaux, a rapidement attir\u00e9 l\u2019attention m\u00e9diatique, notamment parce qu\u2019il aurait \u00e9t\u00e9 sign\u00e9 par plusieurs personnalit\u00e9s du monde artistique et intellectuel.<\/p>\n<p>\u00a0<\/p>\n<p><strong>Des figures publiques cit\u00e9es \u00e0 tort : Pierre Richard et Ruth Elkrief s\u2019expriment<\/strong><\/p>\n<p>\u00a0<\/p>\n<p>Parmi les noms mentionn\u00e9s, celui de <strong>Pierre Richard<\/strong> a suscit\u00e9 de vives r\u00e9actions. Or, l\u2019acteur embl\u00e9matique a pris la parole sur Instagram le <strong>20 juillet 2025<\/strong> pour d\u00e9mentir toute implication dans cette p\u00e9tition :<\/p>\n<blockquote><p>\u00ab Je ne sais m\u00eame pas ce que c\u2019est que Carrefour City\u2026 J\u2019habite m\u00eame pas dans le 6e, pourquoi irais-je signer une p\u00e9tition pour un magasin dont j\u2019ignore tout ? \u00bb<\/p><\/blockquote>\n<p>L\u2019explication a rapidement \u00e9t\u00e9 apport\u00e9e par <strong>Le Parisien<\/strong> : il s\u2019agirait d\u2019un homonyme, un banquier portant le m\u00eame nom que le c\u00e9l\u00e8bre com\u00e9dien.<\/p>\n<p>Dans la foul\u00e9e, une autre personnalit\u00e9 m\u00e9diatique, <strong>Ruth Elkrief<\/strong>, journaliste de renom ayant marqu\u00e9 l\u2019histoire des cha\u00eenes d\u2019information en continu, a \u00e9galement publi\u00e9 un message de clarification sur le r\u00e9seau X (anciennement Twitter) :<\/p>\n<blockquote><p>\u00ab Je pr\u00e9cise que je n\u2019ai PAS sign\u00e9 la p\u00e9tition contre le Carrefour City. J\u2019ai juste r\u00e9pondu dans la rue \u00e0 l\u2019initiateur que je ne connaissais pas. Cela n\u2019\u00e9tait en aucun cas un soutien. Je regrette qu\u2019il ait ainsi utilis\u00e9 mon nom. \u00bb<\/p><\/blockquote>\n<p>\u00a0<\/p>\n<p><strong>Les motivations des opposants : entre cadre de vie et inqui\u00e9tudes sociologiques<\/strong><\/p>\n<p>\u00a0<\/p>\n<p>Les riverains du secteur invoquent plusieurs arguments pour justifier leur opposition \u00e0 l\u2019implantation du supermarch\u00e9 :<\/p>\n<p>&#13;<br \/>\n\t&#13;<\/p>\n<tr>&#13;<br \/>\n\t\t\tArgument avanc\u00e9&#13;<br \/>\n\t\t\tJustification des riverains&#13;<br \/>\n\t\t<\/tr>\n<p>&#13;<br \/>\n\t&#13;<br \/>\n\t&#13;<\/p>\n<tr>&#13;<\/p>\n<td>Nuisances sonores<\/td>\n<p>&#13;<\/p>\n<td>Livraisons d\u00e8s 6h du matin jug\u00e9es inacceptables dans un quartier r\u00e9sidentiel<\/td>\n<p>&#13;<br \/>\n\t\t<\/tr>\n<p>&#13;<\/p>\n<tr>&#13;<\/p>\n<td>Changement de typologie sociale<\/td>\n<p>&#13;<\/p>\n<td>Crainte d\u2019une \u00ab banalisation \u00bb ou d\u2019un afflux d\u2019une population non d\u00e9sir\u00e9e<\/td>\n<p>&#13;<br \/>\n\t\t<\/tr>\n<p>&#13;<\/p>\n<tr>&#13;<\/p>\n<td>Impact sur le commerce de proximit\u00e9<\/td>\n<p>&#13;<\/p>\n<td>Risques pour les petits commer\u00e7ants locaux face \u00e0 une enseigne nationale<\/td>\n<p>&#13;<br \/>\n\t\t<\/tr>\n<p>&#13;<\/p>\n<tr>&#13;<\/p>\n<td>Valeur immobili\u00e8re<\/td>\n<p>&#13;<\/p>\n<td>Peurs exprim\u00e9es quant \u00e0 une \u00e9ventuelle baisse des prix du m\u00e8tre carr\u00e9<\/td>\n<p>&#13;<br \/>\n\t\t<\/tr>\n<p>&#13;<br \/>\n\t&#13;<\/p>\n<p>\u00a0<\/p>\n<p><strong>Une fronde m\u00e9diatis\u00e9e et amplifi\u00e9e par les r\u00e9seaux sociaux<\/strong><\/p>\n<p>\u00a0<\/p>\n<p>La p\u00e9tition, bien qu\u2019initi\u00e9e localement, a \u00e9t\u00e9 rapidement propuls\u00e9e au rang de ph\u00e9nom\u00e8ne m\u00e9diatique. En cause : la publication d\u2019articles dans Le Figaro, Le Monde, ou encore les relais sur les r\u00e9seaux sociaux. Certaines d\u00e9clarations ont particuli\u00e8rement interpell\u00e9 :<\/p>\n<blockquote><p>\u00ab Quand on est \u00e0 plus de 20.000 euros le m\u00e8tre carr\u00e9, on n\u2019a pas envie d\u2019avoir de la racaille en bas de chez soi. \u00bb \u2014 un commer\u00e7ant local cit\u00e9 par Le Monde<\/p><\/blockquote>\n<p>Cette d\u00e9claration, jug\u00e9e stigmatisante et \u00e9litiste, a accentu\u00e9 les tensions, mettant en lumi\u00e8re les fractures sociales et culturelles au sein m\u00eame de la capitale.<\/p>\n<p>\u00a0<\/p>\n<p><strong>La position de Carrefour : transparence et insertion locale<\/strong><\/p>\n<p>\u00a0<\/p>\n<p>Contact\u00e9 par certains m\u00e9dias, le groupe Carrefour s\u2019est montr\u00e9 transparent quant \u00e0 sa volont\u00e9 d\u2019ouvrir une sup\u00e9rette de quartier \u00e0 destination des habitants. L\u2019objectif affich\u00e9 : proposer une offre alimentaire de proximit\u00e9, adapt\u00e9e aux usages urbains, sans nuire \u00e0 l\u2019\u00e9quilibre local.<\/p>\n<p>Un repr\u00e9sentant du groupe a d\u00e9clar\u00e9 :<\/p>\n<blockquote><p>\u00ab Nos Carrefour City s\u2019inscrivent dans une logique d\u2019utilit\u00e9 locale, avec des plages horaires adapt\u00e9es et un effort particulier sur la discr\u00e9tion logistique. \u00bb<\/p><\/blockquote>\n<p>Mais l\u2019enseigne n\u2019a pas encore officiellement communiqu\u00e9 sur la date d\u2019ouverture, ni sur les \u00e9ventuels ajustements li\u00e9s \u00e0 la contestation.<\/p>\n<p>\u00a0<\/p>\n<p><strong>Quand notori\u00e9t\u00e9 et confusion m\u00e9diatique s\u2019entrem\u00ealent<\/strong><\/p>\n<p>\u00a0<\/p>\n<p>Cette affaire illustre aussi les d\u00e9rives possibles d\u2019une exposition m\u00e9diatique mal contr\u00f4l\u00e9e. L\u2019utilisation du nom de c\u00e9l\u00e9brit\u00e9s pour renforcer la l\u00e9gitimit\u00e9 d\u2019une cause locale soul\u00e8ve une question \u00e9thique : peut-on mobiliser sans consentement explicite ?<\/p>\n<p>La r\u00e9ponse semble claire pour Ruth Elkrief, qui s\u2019est dite choqu\u00e9e d\u2019\u00eatre instrumentalis\u00e9e. Ce cas r\u00e9v\u00e8le un besoin croissant de vigilance quant \u00e0 l\u2019usage de l\u2019image publique dans des combats de territoire.<\/p>\n<p>\u00a0<\/p>\n<p><strong>Au-del\u00e0 du supermarch\u00e9, une fracture sociale<\/strong><\/p>\n<p>\u00a0<\/p>\n<p>Ce projet, en apparence anodin, devient le symbole d\u2019un clivage bien plus profond. Il met en lumi\u00e8re les tensions entre pr\u00e9servation d\u2019un mode de vie privil\u00e9gi\u00e9 et les r\u00e9alit\u00e9s de la vie urbaine moderne, o\u00f9 les services de proximit\u00e9 r\u00e9pondent \u00e0 des besoins essentiels.<\/p>\n<p>Si Carrefour d\u00e9cide d\u2019aller jusqu\u2019au bout, malgr\u00e9 les pressions, il est probable que le d\u00e9bat s\u2019invite durablement dans l\u2019espace public. Entre attachement au patrimoine local, rejet d\u2019une certaine forme de modernit\u00e9, et peurs sociales parfois inavou\u00e9es, le 6e arrondissement de Paris devient un th\u00e9\u00e2tre r\u00e9v\u00e9lateur des mutations et crispations de la soci\u00e9t\u00e9 fran\u00e7aise.<\/p>\n<p>La mobilisation citoyenne, dans ce contexte, pourrait m\u00eame inciter d\u2019autres arrondissements parisiens \u00e0 anticiper ou encadrer l\u2019installation de grandes enseignes dans des zones per\u00e7ues comme prot\u00e9g\u00e9es.<\/p>\n","protected":false},"excerpt":{"rendered":"Dans l\u2019un des quartiers les plus embl\u00e9matiques et ais\u00e9s de la capitale, un projet d\u2019implantation de sup\u00e9rette soul\u00e8ve&hellip;\n","protected":false},"author":2,"featured_media":266457,"comment_status":"","ping_status":"","sticky":false,"template":"","format":"standard","meta":{"footnotes":""},"categories":[1888],"tags":[1111,1928,40589,11,1927,2369,40587,1777,674,1011,27,40588,3754,10159,500,12,1926,40590,626,1925,2844,7705,39931,25,39937],"class_list":{"0":"post-266456","1":"post","2":"type-post","3":"status-publish","4":"format-standard","5":"has-post-thumbnail","7":"category-paris","8":"tag-actu","9":"tag-actu-paris","10":"tag-actualite-paris-6e","11":"tag-actualites","12":"tag-actualites-paris","13":"tag-audience-tv","14":"tag-carrefour-city-paris","15":"tag-eu","16":"tag-europe","17":"tag-fr","18":"tag-france","19":"tag-installation-supermarche-paris","20":"tag-media","21":"tag-mediametrie","22":"tag-medias","23":"tag-news","24":"tag-news-paris","25":"tag-opposition-riverains-commerce","26":"tag-paris","27":"tag-paris-news","28":"tag-petition","29":"tag-pierre-richard","30":"tag-programme-tv-hier-soir","31":"tag-republique-francaise","32":"tag-ruth-elkrief"},"share_on_mastodon":{"url":"https:\/\/pubeurope.com\/@fr\/114898832179482154","error":""},"_links":{"self":[{"href":"https:\/\/www.europesays.com\/fr\/wp-json\/wp\/v2\/posts\/266456","targetHints":{"allow":["GET"]}}],"collection":[{"href":"https:\/\/www.europesays.com\/fr\/wp-json\/wp\/v2\/posts"}],"about":[{"href":"https:\/\/www.europesays.com\/fr\/wp-json\/wp\/v2\/types\/post"}],"author":[{"embeddable":true,"href":"https:\/\/www.europesays.com\/fr\/wp-json\/wp\/v2\/users\/2"}],"replies":[{"embeddable":true,"href":"https:\/\/www.europesays.com\/fr\/wp-json\/wp\/v2\/comments?post=266456"}],"version-history":[{"count":0,"href":"https:\/\/www.europesays.com\/fr\/wp-json\/wp\/v2\/posts\/266456\/revisions"}],"wp:featuredmedia":[{"embeddable":true,"href":"https:\/\/www.europesays.com\/fr\/wp-json\/wp\/v2\/media\/266457"}],"wp:attachment":[{"href":"https:\/\/www.europesays.com\/fr\/wp-json\/wp\/v2\/media?parent=266456"}],"wp:term":[{"taxonomy":"category","embeddable":true,"href":"https:\/\/www.europesays.com\/fr\/wp-json\/wp\/v2\/categories?post=266456"},{"taxonomy":"post_tag","embeddable":true,"href":"https:\/\/www.europesays.com\/fr\/wp-json\/wp\/v2\/tags?post=266456"}],"curies":[{"name":"wp","href":"https:\/\/api.w.org\/{rel}","templated":true}]}}