{"id":266460,"date":"2025-07-22T20:44:09","date_gmt":"2025-07-22T20:44:09","guid":{"rendered":"https:\/\/www.europesays.com\/fr\/266460\/"},"modified":"2025-07-22T20:44:09","modified_gmt":"2025-07-22T20:44:09","slug":"gerald-darmanin-souhaite-ardemment-quelle-soit-maire-de-paris","status":"publish","type":"post","link":"https:\/\/www.europesays.com\/fr\/266460\/","title":{"rendered":"G\u00e9rald Darmanin \u00ab\u00a0souhaite ardemment qu&rsquo;elle soit maire de Paris\u00a0\u00bb"},"content":{"rendered":"<p>\u00ab\u00a0Je ne peux pas commenter une proc\u00e9dure judiciaire, mais il est \u00e9vident que Rachida Dati, qui est une grande femme politique dont je souhaite ardemment qu&rsquo;elle soit maire de Paris d&rsquo;abord, est pr\u00e9sum\u00e9e innocente\u00a0\u00bb, a d\u00e9clar\u00e9 le garde des Sceaux sur TF1.\u00a0<\/p>\n<p>La perspective d&rsquo;un proc\u00e8s pour corruption va peser sur les \u00e9paules de Rachida Dati qui vise l&rsquo;H\u00f4tel de ville de Paris en 2026, m\u00eame si l&rsquo;actuelle ministre de la Culture ne cesse de clamer qu&rsquo;elle n&rsquo;a \u00ab\u00a0peur de rien, ni de personne\u00a0\u00bb.<\/p>\n<p>Des juges d&rsquo;instruction ont ordonn\u00e9 mardi que <a href=\"https:\/\/www.laprovence.com\/article\/faits-divers-justice\/1735805449351115\/rachida-dati-et-carlos-ghosn-renvoyes-en-proces-pour-corruption\" target=\"_blank\" rel=\"nofollow noopener\">Rachida Dati et l&rsquo;ex-patron de Renault-Nissan Carlos Ghosn<\/a> soient jug\u00e9s en correctionnelle pour corruption et trafic d&rsquo;influence, lors d&rsquo;un proc\u00e8s qui pourrait se tenir apr\u00e8s les \u00e9lections municipales pr\u00e9vues en mars 2026.<\/p>\n<p>La ministre de la Culture, 59 ans, qui a fait appel de la d\u00e9cision, est soup\u00e7onn\u00e9e d&rsquo;avoir per\u00e7u 900.000 euros entre 2010 et 2012 pour des prestations de conseil avec une filiale de l&rsquo;alliance Renault-Nissan, mais sans avoir r\u00e9ellement travaill\u00e9, alors qu&rsquo;elle \u00e9tait avocate et d\u00e9put\u00e9e europ\u00e9enne.<\/p>\n<p><a href=\"https:\/\/www.laprovence.com\/article\/politique\/1866142860782315\/je-n-ai-jamais-ete-un-adolescent-les-confidences-d-emmanuel-macron-dans-the-guardian\" target=\"_blank\" rel=\"nofollow noopener\">Emmanuel Macron<\/a> \u00ab\u00a0a pris note\u00a0\u00bb de la d\u00e9cision. \u00ab\u00a0Un renvoi n&rsquo;\u00e9tant pas une condamnation, elle poursuit son travail au gouvernement\u00a0\u00bb, a r\u00e9agi l&rsquo;entourage du pr\u00e9sident de la R\u00e9publique.<\/p>\n<p>Au sein du gouvernement, o\u00f9 Rachida Dati a \u00e9t\u00e9 nomm\u00e9e \u00e0 la surprise g\u00e9n\u00e9rale en janvier 2024, son renvoi en proc\u00e8s n&rsquo;a pas \u00e9t\u00e9 comment\u00e9, hormis par le ministre de la Justice G\u00e9rald Darmanin qui a dit sur TF1 souhaiter \u00ab\u00a0ardemment qu&rsquo;elle soit maire de Paris\u00a0\u00bb.<\/p>\n<p>Le porte-parole du PS Arthur Delaporte a lui demand\u00e9 sur X la d\u00e9mission de la ministre, tout comme le candidat Horizons \u00e0 la mairie de Paris Pierre-Yves Bournazel, \u00ab\u00a0afin de prot\u00e9ger la fonction de ministre de la Culture\u00a0\u00bb. Quant aux municipales, \u00ab\u00a0cela rel\u00e8ve de son \u00e9thique personnelle\u00a0\u00bb, a ajout\u00e9 l&rsquo;\u00e9lu.\u00a0<\/p>\n<p>L&rsquo;annonce de ce proc\u00e8s retentissant risque de peser dans la campagne municipale de la candidate malheureuse en 2020 face \u00e0 la socialiste Anne Hidalgo.<\/p>\n<p>\u00ab\u00a0Paris m\u00e9rite un maire, pas un pr\u00e9venu\u00a0\u00bb, a tacl\u00e9 dans une tribune au Nouvel Obs le d\u00e9put\u00e9 Emmanuel Gr\u00e9goire, candidat PS \u00e0 la succession d&rsquo;Anne Hidalgo qui n&rsquo;a pour sa part pas souhait\u00e9 commenter.\u00a0<\/p>\n<p>\u00ab\u00a0Jusqu&rsquo;au bout\u00a0\u00bb<\/p>\n<p>\u00ab\u00a0On savait que la droite et les macronistes n&rsquo;avaient pas de projet pour Paris, maintenant on sait qu&rsquo;ils n&rsquo;ont comme candidate qu&rsquo;une ministre (&#8230;) accus\u00e9e de faits graves de corruption. Quel manque de respect pour les Parisiens\u00a0\u00bb, s&rsquo;est emport\u00e9 le candidat \u00e9cologiste David Belliard aupr\u00e8s de l&rsquo;AFP.<\/p>\n<p>Mais l&rsquo;entourage de Rachida Dati affirme qu&rsquo;elle ira \u00ab\u00a0jusqu&rsquo;au bout\u00a0\u00bb. Sans \u00eatre encore investie par un parti, elle figure en t\u00eate du premier tour des \u00e9lections dans un r\u00e9cent sondage.\u00a0<\/p>\n<p>\u00ab\u00a0Elle est pr\u00e9sum\u00e9e innocente, cela n&rsquo;entame en rien sa d\u00e9termination pour les municipales\u00a0\u00bb, a dit \u00e0 l&rsquo;AFP le maire LR du 6e arrondissement Jean-Pierre Lecoq, proche de la maire du 7e arrondissement.<\/p>\n<p>\u00ab\u00a0Je vous m\u00e8nerai \u00e0 la victoire\u00a0\u00bb, avait lanc\u00e9 lundi soir Rachida Dati devant environ 250 militants r\u00e9unis dans un restaurant de son arrondissement. \u00ab\u00a0Certains essaient de m&rsquo;attaquer sur ma vie priv\u00e9e, sur plein d&rsquo;aspects qui sont collat\u00e9raux \u00e0 ma candidature. Je n&rsquo;ai peur de rien, de personne\u00a0\u00bb, leur a-t-elle assur\u00e9.<\/p>\n<p>Sa campagne pour Paris est contrari\u00e9e depuis l&rsquo;annonce de la candidature de Michel Barnier \u00e0 la l\u00e9gislative partielle dans la 2e circonscription de la capitale,\u00a0o\u00f9\u00a0l&rsquo;\u00e9lection du d\u00e9put\u00e9 macroniste Jean Laussucq a \u00e9t\u00e9 invalid\u00e9e par le Conseil constitutionnel.<\/p>\n<p>La maire du 7e soup\u00e7onne ses rivaux LR parisiens, dont le s\u00e9nateur Francis Szpiner qui demande l&rsquo;investiture de son parti pour les municipales, d'\u00a0\u00bbinstrumentaliser\u00a0\u00bb l&rsquo;ex-Premier ministre pour en faire un \u00ab\u00a0plan B\u00a0\u00bb \u00e0 sa candidature en cas d&#8217;emp\u00eachement judiciaire.<\/p>\n<p>Pour barrer la route \u00e0 son rival &#8211; m\u00eame s&rsquo;il se d\u00e9fend de toute ambition municipale &#8211; elle a demand\u00e9 \u00e0 \u00eatre entendue par la commission nationale d&rsquo;investiture des <a href=\"https:\/\/www.laprovence.com\/article\/politique\/93843871960724\/presidence-des-republicains-bruno-retailleau-elu-a-la-tete-du-parti\" target=\"_blank\" rel=\"nofollow noopener\">R\u00e9publicains<\/a>. Elle doit se prononcer le 28 juillet sur son candidat dans cette circonscription hupp\u00e9e qui recouvre une partie des 5e, 6e et 7e arrondissements, r\u00e9put\u00e9e imperdable pour la droite.<\/p>\n<p>Son renvoi en proc\u00e8s arrive aussi \u00e0 un moment critique au minist\u00e8re de la Culture, o\u00f9 elle a surv\u00e9cu \u00e0 la dissolution et aux remaniements. \u00a0<\/p>\n<p>Depuis plusieurs mois, elle y porte un tr\u00e8s contest\u00e9 projet de regroupement de l&rsquo;audiovisuel public dans une holding, qu&rsquo;elle d\u00e9fend bec et ongles allant jusqu&rsquo;\u00e0 s&rsquo;en prendre ouvertement \u00e0 la direction de Radio France ou au journaliste Patrick Cohen.<\/p>\n<p>Combattu par les syndicats, ce texte au parcours chaotique a \u00e9t\u00e9 rejet\u00e9 en juillet par les d\u00e9put\u00e9s, avant d&rsquo;\u00eatre adopt\u00e9 par le S\u00e9nat au terme de d\u00e9bats \u00e9court\u00e9s par la ministre pour contrer \u00ab\u00a0l&rsquo;obstruction\u00a0\u00bb de la gauche. Le projet doit revenir \u00e0 l&rsquo;Assembl\u00e9e \u00e0 la rentr\u00e9e et Mme Dati aura besoin de convaincre au-del\u00e0 de son camp.<\/p>\n","protected":false},"excerpt":{"rendered":"\u00ab\u00a0Je ne peux pas commenter une proc\u00e9dure judiciaire, mais il est \u00e9vident que Rachida Dati, qui est une&hellip;\n","protected":false},"author":2,"featured_media":266461,"comment_status":"","ping_status":"","sticky":false,"template":"","format":"standard","meta":{"footnotes":""},"categories":[1888],"tags":[17,11,40591,9632,33380,1777,674,1011,27,9631,12,626,316,2694,33379,25,37624],"class_list":{"0":"post-266460","1":"post","2":"type-post","3":"status-publish","4":"format-standard","5":"has-post-thumbnail","7":"category-paris","8":"tag-17","9":"tag-actualites","10":"tag-ardemment","11":"tag-darmanin","12":"tag-dati","13":"tag-eu","14":"tag-europe","15":"tag-fr","16":"tag-france","17":"tag-gerald","18":"tag-news","19":"tag-paris","20":"tag-politique","21":"tag-proces","22":"tag-rachida","23":"tag-republique-francaise","24":"tag-souhaite"},"share_on_mastodon":{"url":"https:\/\/pubeurope.com\/@fr\/114898840077788222","error":""},"_links":{"self":[{"href":"https:\/\/www.europesays.com\/fr\/wp-json\/wp\/v2\/posts\/266460","targetHints":{"allow":["GET"]}}],"collection":[{"href":"https:\/\/www.europesays.com\/fr\/wp-json\/wp\/v2\/posts"}],"about":[{"href":"https:\/\/www.europesays.com\/fr\/wp-json\/wp\/v2\/types\/post"}],"author":[{"embeddable":true,"href":"https:\/\/www.europesays.com\/fr\/wp-json\/wp\/v2\/users\/2"}],"replies":[{"embeddable":true,"href":"https:\/\/www.europesays.com\/fr\/wp-json\/wp\/v2\/comments?post=266460"}],"version-history":[{"count":0,"href":"https:\/\/www.europesays.com\/fr\/wp-json\/wp\/v2\/posts\/266460\/revisions"}],"wp:featuredmedia":[{"embeddable":true,"href":"https:\/\/www.europesays.com\/fr\/wp-json\/wp\/v2\/media\/266461"}],"wp:attachment":[{"href":"https:\/\/www.europesays.com\/fr\/wp-json\/wp\/v2\/media?parent=266460"}],"wp:term":[{"taxonomy":"category","embeddable":true,"href":"https:\/\/www.europesays.com\/fr\/wp-json\/wp\/v2\/categories?post=266460"},{"taxonomy":"post_tag","embeddable":true,"href":"https:\/\/www.europesays.com\/fr\/wp-json\/wp\/v2\/tags?post=266460"}],"curies":[{"name":"wp","href":"https:\/\/api.w.org\/{rel}","templated":true}]}}