{"id":266462,"date":"2025-07-22T20:45:13","date_gmt":"2025-07-22T20:45:13","guid":{"rendered":"https:\/\/www.europesays.com\/fr\/266462\/"},"modified":"2025-07-22T20:45:13","modified_gmt":"2025-07-22T20:45:13","slug":"manifestation-a-kiev-contre-le-vote-dune-loi-privant-les-instances-anticorruption-de-leur-independance","status":"publish","type":"post","link":"https:\/\/www.europesays.com\/fr\/266462\/","title":{"rendered":"manifestation \u00e0 Kiev contre le vote d\u2019une loi privant les instances anticorruption de leur ind\u00e9pendance"},"content":{"rendered":"<p>   Les d\u00e9put\u00e9s ukrainiens privent les instances anticorruption de leur ind\u00e9pendance             <\/p>\n<p class=\"post__live-container--answer-text post__space-node\">Les d\u00e9put\u00e9s ukrainiens ont adopt\u00e9 mardi une loi qui prive les deux institutions charg\u00e9es de la lutte anticorruption de leur ind\u00e9pendance, au lendemain de l\u2019arrestation, tr\u00e8s critiqu\u00e9e, d\u2019un responsable travaillant dans l\u2019une de ces structures.<\/p>\n<p class=\"post__live-container--answer-text post__space-node\">Malgr\u00e9 les critiques, le Parlement a vot\u00e9 mardi \u00e0 263\u00a0voix pour, 13 contre et 13\u00a0abstentions, pour subordonner les activit\u00e9s du Bureau national de lutte contre la corruption (NABU) et du parquet sp\u00e9cialis\u00e9 (SAP) au procureur g\u00e9n\u00e9ral, lui-m\u00eame subordonn\u00e9 au pr\u00e9sident, Volodymyr Zelensky.<\/p>\n<p class=\"post__live-container--answer-text post__space-node\">Semen Kryvonos, directeur du NABU, a exhort\u00e9 le chef de l\u2019Etat \u00e0 ne pas promulguer le texte qui, selon lui, \u00ab\u00a0d\u00e9truit\u00a0\u00bb l\u2019infrastructure anticorruption<strong> <\/strong>et permettra \u00e0 certains de devenir \u00ab\u00a0intouchables\u00a0\u00bb. Le texte\u00a0\u00ab\u00a0ruine effectivement l\u2019ind\u00e9pendance de ces deux institutions vis-\u00e0-vis de toute influence politique et pression sur nos enqu\u00eates\u00a0\u00bb, a abond\u00e9 le directeur du SAP, Oleksandr Klymenko.<\/p>\n<p class=\"post__live-container--answer-text post__space-node\">\u00ab\u00a0Aujourd\u2019hui est un jour de honte pour le Parlement ukrainien. Les autorit\u00e9s ont introduit des amendements \u00e0 la loi visant \u00e0 d\u00e9truire l\u2019organe de lutte contre la corruption\u00a0\u00bb, s\u2019est, lui aussi, indign\u00e9 sur Telegram le d\u00e9put\u00e9 ind\u00e9pendant Oleksi\u00ef Gontcharenko, disant y voir un\u00a0\u00ab\u00a0pas vers un r\u00e9gime autoritaire\u00a0\u00bb.<\/p>\n<p class=\"post__live-container--answer-text post__space-node\">Selon le d\u00e9put\u00e9 Roman Lozinsky, ce texte accorde au procureur g\u00e9n\u00e9ral le pouvoir de g\u00e9rer le SAP, de donner des\u00a0\u00ab\u00a0instructions \u00e9crites obligatoires\u00a0\u00bb\u00a0au NABU, d\u2019acc\u00e9der aux d\u00e9tails de n\u2019importe quelle affaire et de les d\u00e9l\u00e9guer au procureur de son choix ou \u00e0 d\u2019autres agences.<\/p>\n<p class=\"post__live-container--answer-text post__space-node\">Quelques heures avant le vote, l\u2019Union europ\u00e9enne s\u2019est dite, par la voix de son porte-parole, Guillaume Mercier,\u00a0\u00ab\u00a0pr\u00e9occup\u00e9e\u00a0\u00bb, rappelant que ces deux instances \u00e9taient\u00a0\u00ab\u00a0essentielles au programme de r\u00e9forme\u00a0\u00bb\u00a0que l\u2019Ukraine s\u2019est engag\u00e9e \u00e0 mener pour pouvoir adh\u00e9rer \u00e0 l\u2019UE.<\/p>\n<p class=\"post__live-container--answer-text post__space-node\">Lundi, les services de s\u00e9curit\u00e9 ukrainiens (SBU) avaient annonc\u00e9 l\u2019arrestation d\u2019un responsable du NABU soup\u00e7onn\u00e9 d\u2019espionnage au profit de Moscou et ont perquisitionn\u00e9 les locaux de l\u2019organisation, qui rejette ces accusations.<\/p>\n<p>                            Jean-No\u00ebl Barrot en d\u00e9placement \u00e0 Kharkiv               <img decoding=\"async\" class=\"post__live-container--img post__space-node\"  src=\"https:\/\/www.europesays.com\/fr\/wp-content\/uploads\/2025\/07\/a8ea037_ftp-import-images-1-h3b3javupc0e-5469045-01-06.jpg\" data- alt=\"Le ministre des affaires \u00e9trang\u00e8res fran\u00e7ais, Jean-No\u00ebl Barrot, \u00e0 Kharkiv, mardi 22\u00a0juillet 2025.\"\/>   Le ministre des affaires \u00e9trang\u00e8res fran\u00e7ais, Jean-No\u00ebl Barrot, \u00e0 Kharkiv, mardi 22\u00a0juillet 2025. IVAN SAMOILOV \/ AFP               <\/p>\n<p class=\"post__live-container--answer-text post__space-node\">Le ministre des affaires \u00e9trang\u00e8res, Jean-No\u00ebl\u00a0Barrot, vient de quitter Kharkiv, o\u00f9 il s\u2019\u00e9tait rendu ce matin par le train de nuit avec son homologue ukrainien, Andrii Sybiha.<\/p>\n<p class=\"post__live-container--answer-text post__space-node\">Pour la deuxi\u00e8me fois apr\u00e8s son d\u00e9placement \u00e0 Soumy, en octobre\u00a02024, ville o\u00f9 les Ukrainiens avaient lanc\u00e9 leur offensive dans l\u2019oblast russe de Koursk, il a souhait\u00e9 se rendre sur une position militaire et s\u2019entretenir des avanc\u00e9es du front oriental avec le g\u00e9n\u00e9ral\u00a0Mykha\u00eflo Drapaty, commandant des forces terrestres ukrainiennes.<\/p>\n<p class=\"post__live-container--answer-text post__space-node\">Il a ensuite partag\u00e9 un borchtch dans un abri militaire avec les chefs d\u2019une brigade post\u00e9e \u00e0 une vingtaine de kilom\u00e8tres \u00e0 l\u2019est de Kharkiv. \u00ab\u00a0Le front russe n\u2019a avanc\u00e9 que de 0,25\u00a0% depuis le d\u00e9but de l\u2019ann\u00e9e\u00a0\u00bb, soutient le patron du Quai d\u2019Orsay.<\/p>\n<p class=\"post__live-container--answer-text post__space-node\">Le matin, \u00e0 Kharkiv, distante de seulement 30\u00a0kilom\u00e8tres de la fronti\u00e8re russe, il \u00e9tait mont\u00e9 sur le toit du si\u00e8ge de la BNP Paribas \u00ab\u00a0pris pour cible par les missiles de Vladimir Poutine, car la guerre d\u2019agression ne se joue pas seulement sur le front\u00a0\u00bb, et a pu constater les d\u00e9g\u00e2ts tr\u00e8s visibles dans le centre-ville, avant de visiter le Mus\u00e9e de la litt\u00e9rature de Kharkiv, \u00ab\u00a0car la guerre ne se m\u00e8ne pas seulement avec les canons et les tanks, mais avec les armes de l\u2019esprit\u00a0\u00bb.<\/p>\n<p>         Ariane Chemin                 Les faits essentiels\u00a0(1) Afficher      <\/p>\n<ul class=\"article__unordered-list js-post-essential-desktop\">\n<li>   Ce qu\u2019il faut retenir, mardi 22\u00a0juillet \u00e0 21\u00a0heures   <\/li>\n<\/ul>\n<p class=\"capping__notice\">Lecture du Monde en cours sur un autre appareil.<\/p>\n<p class=\"capping__title\">Vous pouvez lire Le Monde sur un seul appareil \u00e0 la fois<\/p>\n<p>  Continuer \u00e0 lire ici <\/p>\n<p class=\"capping__cta-text\">Ce message s\u2019affichera sur l\u2019autre appareil.<\/p>\n<p> <a href=\"https:\/\/moncompte.lemonde.fr\" id=\"js-capping-yellow-button\" class=\"button button--border-grey capping__cta capping__cta--next\" rel=\"nofollow noopener\" target=\"_blank\"> Ajouter un compte D\u00e9couvrir l\u2019offre Famille D\u00e9couvrir les offres multicomptes <\/a>   Pourquoi voyez-vous ce message ? <\/p>\n<ul id=\"js-capping-faq\" class=\"capping__faq capping__faq--famille-integral lmd-u-hide\">\n<li class=\"capping__item\">\n<p class=\"capping__answer\">Parce qu\u2019une autre personne (ou vous) est en train de lire Le Monde avec ce compte sur un autre appareil.<\/p>\n<p class=\"capping__answer\">Vous ne pouvez lire Le Monde que sur <strong>un seul appareil<\/strong> \u00e0 la fois (ordinateur, t\u00e9l\u00e9phone ou tablette).<\/p>\n<\/li>\n<li class=\"capping__item\">\n<p class=\"capping__question\">Comment ne plus voir ce message ?<\/p>\n<p class=\"capping__answer\">En cliquant sur \u00ab\u00a0Continuer \u00e0 lire ici\u00a0\u00bb et en vous assurant que vous \u00eates la seule personne \u00e0 consulter Le Monde avec ce compte.<\/p>\n<\/li>\n<li class=\"capping__item\">\n<p class=\"capping__question\">Vous ignorez qui est l\u2019autre personne ?<\/p>\n<p class=\"capping__answer\">Nous vous conseillons de <a href=\"https:\/\/secure.lemonde.fr\/sfuser\/password\/lost\" class=\"capping__link js-capping-password\" rel=\"nofollow noopener\" target=\"_blank\">modifier votre mot de passe<\/a>.<\/p>\n<\/li>\n<li class=\"capping__item\">\n<p class=\"capping__question\">Que se passera-t-il si vous continuez \u00e0 lire ici ?<\/p>\n<p class=\"capping__answer\">Ce message s\u2019affichera sur l\u2019autre appareil. Ce dernier restera connect\u00e9 avec ce compte.<\/p>\n<\/li>\n<li class=\"capping__item\">\n<p class=\"capping__question\">Y a-t-il d\u2019autres limites ?<\/p>\n<p class=\"capping__answer\">Non. Vous pouvez vous connecter avec votre compte sur autant d\u2019appareils que vous le souhaitez, mais en les utilisant \u00e0 des moments diff\u00e9rents.<\/p>\n<\/li>\n<\/ul>\n<ul id=\"js-capping-faq\" class=\"capping__faq capping__faq--famille-integral-not-max lmd-u-hide\">\n<li class=\"capping__item\">\n<p class=\"capping__answer\">Parce qu\u2019une autre personne (ou vous) est en train de lire Le Monde avec ce compte sur un autre appareil.<\/p>\n<p class=\"capping__answer\">Vous ne pouvez lire Le Monde que sur <strong>un seul appareil<\/strong> \u00e0 la fois (ordinateur, t\u00e9l\u00e9phone ou tablette).<\/p>\n<\/li>\n<li class=\"capping__item\">\n<p class=\"capping__question\">Comment ne plus voir ce message ?<\/p>\n<p class=\"capping__answer\">Si vous utilisez ce compte \u00e0 plusieurs, <a href=\"https:\/\/moncompte.lemonde.fr\" class=\"capping__link\" rel=\"nofollow noopener\" target=\"_blank\">cr\u00e9ez un compte pour votre proche<\/a> (inclus dans votre abonnement). Puis connectez-vous chacun avec vos identifiants. Sinon, cliquez sur \u00ab\u00a0Continuer \u00e0 lire ici\u00a0\u00bb et assurez-vous que vous \u00eates la seule personne \u00e0 consulter Le Monde avec ce compte. <\/p>\n<\/li>\n<li class=\"capping__item\">\n<p class=\"capping__question\">Vous ignorez qui d\u2019autre utilise ces identifiants ?<\/p>\n<p class=\"capping__answer\">Nous vous conseillons de <a href=\"https:\/\/secure.lemonde.fr\/sfuser\/password\/lost\" class=\"capping__link js-capping-password\" rel=\"nofollow noopener\" target=\"_blank\">modifier votre mot de passe<\/a>.<\/p>\n<\/li>\n<li class=\"capping__item\">\n<p class=\"capping__question\">Que se passera-t-il si vous continuez \u00e0 lire ici ?<\/p>\n<p class=\"capping__answer\">Ce message s\u2019affichera sur l\u2019autre appareil. Ce dernier restera connect\u00e9 avec ce compte.<\/p>\n<\/li>\n<li class=\"capping__item\">\n<p class=\"capping__question\">Y a-t-il d\u2019autres limites ?<\/p>\n<p class=\"capping__answer\">Non. Vous pouvez vous connecter avec votre compte sur autant d\u2019appareils que vous le souhaitez, mais en les utilisant \u00e0 des moments diff\u00e9rents.<\/p>\n<\/li>\n<\/ul>\n<ul id=\"js-capping-faq\" class=\"capping__faq capping__faq--integral-max lmd-u-hide\">\n<li class=\"capping__item\">\n<p class=\"capping__answer\">Parce qu\u2019une autre personne (ou vous) est en train de lire Le Monde avec ce compte sur un autre appareil.<\/p>\n<p class=\"capping__answer\">Vous ne pouvez lire Le Monde que sur <strong>un seul appareil<\/strong> \u00e0 la fois (ordinateur, t\u00e9l\u00e9phone ou tablette).<\/p>\n<\/li>\n<li class=\"capping__item\">\n<p class=\"capping__question\">Comment ne plus voir ce message ?<\/p>\n<p class=\"capping__answer\">Si vous \u00eates b\u00e9n\u00e9ficiaire de l\u2019abonnement, connectez-vous avec vos identifiants. Si vous \u00eates 3 ou plus \u00e0 utiliser l\u2019abonnement, <a href=\"https:\/\/moncompte.lemonde.fr\" class=\"capping__link\" rel=\"nofollow noopener\" target=\"_blank\">passez \u00e0 l\u2019offre Famille<\/a>. Sinon, cliquez sur \u00ab\u00a0Continuer \u00e0 lire ici\u00a0\u00bb et assurez-vous que vous \u00eates la seule personne \u00e0 consulter Le Monde avec ce compte. <\/p>\n<\/li>\n<li class=\"capping__item\">\n<p class=\"capping__question\">Vous ignorez qui d\u2019autre utilise ces identifiants ?<\/p>\n<p class=\"capping__answer\">Nous vous conseillons de <a href=\"https:\/\/secure.lemonde.fr\/sfuser\/password\/lost\" class=\"capping__link js-capping-password\" rel=\"nofollow noopener\" target=\"_blank\">modifier votre mot de passe<\/a>.<\/p>\n<\/li>\n<li class=\"capping__item\">\n<p class=\"capping__question\">Que se passera-t-il si vous continuez \u00e0 lire ici ?<\/p>\n<p class=\"capping__answer\">Ce message s\u2019affichera sur l\u2019autre appareil. Ce dernier restera connect\u00e9 avec ce compte.<\/p>\n<\/li>\n<li class=\"capping__item\">\n<p class=\"capping__question\">Y a-t-il d\u2019autres limites ?<\/p>\n<p class=\"capping__answer\">Non. Vous pouvez vous connecter avec votre compte sur autant d\u2019appareils que vous le souhaitez, mais en les utilisant \u00e0 des moments diff\u00e9rents.<\/p>\n<\/li>\n<\/ul>\n<ul id=\"js-capping-faq\" class=\"capping__faq capping__faq--famille-max lmd-u-hide\">\n<li class=\"capping__item\">\n<p class=\"capping__answer\">Parce qu\u2019une autre personne (ou vous) est en train de lire Le Monde avec ce compte sur un autre appareil.<\/p>\n<p class=\"capping__answer\">Vous ne pouvez lire Le Monde que sur <strong>un seul appareil<\/strong> \u00e0 la fois (ordinateur, t\u00e9l\u00e9phone ou tablette).<\/p>\n<\/li>\n<li class=\"capping__item\">\n<p class=\"capping__question\">Comment ne plus voir ce message ?<\/p>\n<p class=\"capping__answer\">Si vous \u00eates b\u00e9n\u00e9ficiaire de l\u2019abonnement, connectez-vous avec vos identifiants. Sinon, cliquez sur \u00ab\u00a0Continuer \u00e0 lire ici\u00a0\u00bb et assurez-vous que vous \u00eates la seule personne \u00e0 consulter Le Monde avec ce compte. <\/p>\n<\/li>\n<li class=\"capping__item\">\n<p class=\"capping__question\">Vous ignorez qui d\u2019autre utilise ce compte ?<\/p>\n<p class=\"capping__answer\">Nous vous conseillons de <a href=\"https:\/\/secure.lemonde.fr\/sfuser\/password\/lost\" class=\"capping__link js-capping-password\" rel=\"nofollow noopener\" target=\"_blank\">modifier votre mot de passe<\/a>.<\/p>\n<\/li>\n<li class=\"capping__item\">\n<p class=\"capping__question\">Que se passera-t-il si vous continuez \u00e0 lire ici ?<\/p>\n<p class=\"capping__answer\">Ce message s\u2019affichera sur l\u2019autre appareil. Ce dernier restera connect\u00e9 avec ce compte.<\/p>\n<\/li>\n<li class=\"capping__item\">\n<p class=\"capping__question\">Y a-t-il d\u2019autres limites ?<\/p>\n<p class=\"capping__answer\">Non. Vous pouvez vous connecter avec votre compte sur autant d\u2019appareils que vous le souhaitez, mais en les utilisant \u00e0 des moments diff\u00e9rents.<\/p>\n<\/li>\n<\/ul>\n<ul id=\"js-capping-faq\" class=\"capping__faq capping__faq--essentiel lmd-u-hide\">\n<li class=\"capping__item\">\n<p class=\"capping__answer\">Parce qu\u2019une autre personne (ou vous) est en train de lire Le Monde avec ce compte sur un autre appareil.<\/p>\n<p class=\"capping__answer\">Vous ne pouvez lire Le Monde que sur <strong>un seul appareil<\/strong> \u00e0 la fois (ordinateur, t\u00e9l\u00e9phone ou tablette).<\/p>\n<\/li>\n<li class=\"capping__item\">\n<p class=\"capping__question\">Comment ne plus voir ce message ?<\/p>\n<p class=\"capping__answer\">Si vous utilisez ce compte \u00e0 plusieurs, <a href=\"https:\/\/moncompte.lemonde.fr\" class=\"capping__link\" rel=\"nofollow noopener\" target=\"_blank\">passez \u00e0 une offre multicomptes<\/a> pour faire profiter vos proches de votre abonnement avec leur propre compte. Sinon, cliquez sur \u00ab\u00a0Continuer \u00e0 lire ici\u00a0\u00bb et assurez-vous que vous \u00eates la seule personne \u00e0 consulter Le Monde avec ce compte. <\/p>\n<\/li>\n<li class=\"capping__item\">\n<p class=\"capping__question\">Vous ignorez qui d\u2019autre utilise ce compte ?<\/p>\n<p class=\"capping__answer\">Nous vous conseillons de <a href=\"https:\/\/secure.lemonde.fr\/sfuser\/password\/lost\" class=\"capping__link js-capping-password\" rel=\"nofollow noopener\" target=\"_blank\">modifier votre mot de passe<\/a>.<\/p>\n<\/li>\n<li class=\"capping__item\">\n<p class=\"capping__question\">Que se passera-t-il si vous continuez \u00e0 lire ici ?<\/p>\n<p class=\"capping__answer\">Ce message s\u2019affichera sur l\u2019autre appareil. Ce dernier restera connect\u00e9 avec ce compte.<\/p>\n<\/li>\n<li class=\"capping__item\">\n<p class=\"capping__question\">Y a-t-il d\u2019autres limites ?<\/p>\n<p class=\"capping__answer\">Non. Vous pouvez vous connecter avec votre compte sur autant d\u2019appareils que vous le souhaitez, mais en les utilisant \u00e0 des moments diff\u00e9rents.<\/p>\n<\/li>\n<\/ul>\n<ul id=\"js-capping-faq\" class=\"capping__faq capping__faq--default lmd-u-hide\">\n<li class=\"capping__item\">\n<p class=\"capping__answer\">Parce qu\u2019une autre personne (ou vous) est en train de lire Le Monde avec ce compte sur un autre appareil.<\/p>\n<p class=\"capping__answer\">Vous ne pouvez lire Le Monde que sur <strong>un seul appareil<\/strong> \u00e0 la fois (ordinateur, t\u00e9l\u00e9phone ou tablette).<\/p>\n<\/li>\n<li class=\"capping__item\">\n<p class=\"capping__question\">Comment ne plus voir ce message ?<\/p>\n<p class=\"capping__answer\">En cliquant sur \u00ab\u00a0Continuer \u00e0 lire ici\u00a0\u00bb et en vous assurant que vous \u00eates la seule personne \u00e0 consulter Le Monde avec ce compte.<\/p>\n<\/li>\n<li class=\"capping__item\">\n<p class=\"capping__question\">Que se passera-t-il si vous continuez \u00e0 lire ici ?<\/p>\n<p class=\"capping__answer\">Ce message s\u2019affichera sur l\u2019autre appareil. Ce dernier restera connect\u00e9 avec ce compte.<\/p>\n<\/li>\n<li class=\"capping__item\">\n<p class=\"capping__question\">Y a-t-il d\u2019autres limites ?<\/p>\n<p class=\"capping__answer\">Non. Vous pouvez vous connecter avec votre compte sur autant d\u2019appareils que vous le souhaitez, mais en les utilisant \u00e0 des moments diff\u00e9rents.<\/p>\n<\/li>\n<li class=\"capping__item\">\n<p class=\"capping__question\">Vous ignorez qui est l\u2019autre personne ?<\/p>\n<p class=\"capping__answer\">Nous vous conseillons de <a href=\"https:\/\/secure.lemonde.fr\/sfuser\/password\/lost\" class=\"capping__link js-capping-password\" rel=\"nofollow noopener\" target=\"_blank\">modifier votre mot de passe<\/a>.<\/p>\n<\/li>\n<\/ul>\n<p class=\"capping__notice\">Lecture restreinte<\/p>\n<p class=\"capping__title\">Votre abonnement n\u2019autorise pas la lecture de cet article<\/p>\n<p class=\"capping__cta-text\">Pour plus d\u2019informations, merci de contacter notre service commercial.<\/p>\n<p>                           Services Le Monde        Guides d&rsquo;achat Le Monde        Le Monde \u00e0 l&rsquo;international        Services Partenaires        Sites du groupe            <\/p>\n<p class=\"footer__title\">Newsletters du monde<\/p>\n<p>  <a class=\"footer__link footer__link--cta\" href=\"https:\/\/www.lemonde.fr\/newsletters\/\" rel=\"nofollow noopener\" target=\"_blank\">    Recevoir les newsletters du Monde <\/a>          <\/p>\n<p class=\"footer__title\">Applications Mobiles<\/p>\n<p class=\"footer__title\">  Abonnement <\/p>\n<p>   <a class=\"footer__link footer__link--cta\" href=\"https:\/\/www.lemonde.fr\/archives-du-monde\/\" rel=\"nofollow noopener\" target=\"_blank\">    Archives du Monde  <\/a>    <a class=\"footer__link footer__link--cta\" href=\"https:\/\/abo.lemonde.fr\/?lmd_medium=BOUTONS_LMFR&amp;lmd_campaign=CTA_LMFR&amp;lmd_position=FOOTER&amp;lmd_sequence=48&amp;lmd_type_de_page=Live\" rel=\"noopener nofollow\" target=\"_blank\">    S\u2019abonner \/ Se d\u00e9sabonner  <\/a>    <a class=\"footer__link footer__link--cta js-footer-login\" href=\"https:\/\/secure.lemonde.fr\/sfuser\/connexion\" rel=\"nofollow noopener\" target=\"_blank\">    Se connecter  <\/a>    <a class=\"footer__link footer__link--cta\" href=\"https:\/\/journal.lemonde.fr\/\" rel=\"nofollow noopener\" target=\"_blank\">    Consulter le Journal du jour  <\/a>    <a class=\"footer__link footer__link--cta\" href=\"https:\/\/evenements-abonnes.lemonde.fr\/\" rel=\"noopener nofollow\" target=\"_blank\">  \u00c9venements abonn\u00e9s  <\/a>    <a class=\"footer__link footer__link--cta\" href=\"https:\/\/www.lemonde.fr\/jeux-abonnes\/\" rel=\"nofollow noopener\" target=\"_blank\">  Jeux-concours abonn\u00e9s  <\/a>    <a class=\"footer__link footer__link--cta\" href=\"https:\/\/www.lemonde.fr\/faq\/?thematic=contacter\" rel=\"noopener nofollow\" target=\"_blank\">  Contacter Le Monde  <\/a>            Informations l\u00e9gales le Monde        Informations l\u00e9gales le Monde     <\/p>\n<p class=\"footer__title\">Suivez Le Monde<\/p>\n","protected":false},"excerpt":{"rendered":"Les d\u00e9put\u00e9s ukrainiens privent les instances anticorruption de leur ind\u00e9pendance Les d\u00e9put\u00e9s ukrainiens ont adopt\u00e9 mardi une loi&hellip;\n","protected":false},"author":2,"featured_media":266463,"comment_status":"","ping_status":"","sticky":false,"template":"","format":"standard","meta":{"footnotes":""},"categories":[1591],"tags":[11,1887,12,1885,1886,132],"class_list":{"0":"post-266462","1":"post","2":"type-post","3":"status-publish","4":"format-standard","5":"has-post-thumbnail","7":"category-russie","8":"tag-actualites","9":"tag-federation-de-russie","10":"tag-news","11":"tag-russia","12":"tag-russian-federation","13":"tag-russie"},"share_on_mastodon":{"url":"https:\/\/pubeurope.com\/@fr\/114898843995922124","error":""},"_links":{"self":[{"href":"https:\/\/www.europesays.com\/fr\/wp-json\/wp\/v2\/posts\/266462","targetHints":{"allow":["GET"]}}],"collection":[{"href":"https:\/\/www.europesays.com\/fr\/wp-json\/wp\/v2\/posts"}],"about":[{"href":"https:\/\/www.europesays.com\/fr\/wp-json\/wp\/v2\/types\/post"}],"author":[{"embeddable":true,"href":"https:\/\/www.europesays.com\/fr\/wp-json\/wp\/v2\/users\/2"}],"replies":[{"embeddable":true,"href":"https:\/\/www.europesays.com\/fr\/wp-json\/wp\/v2\/comments?post=266462"}],"version-history":[{"count":0,"href":"https:\/\/www.europesays.com\/fr\/wp-json\/wp\/v2\/posts\/266462\/revisions"}],"wp:featuredmedia":[{"embeddable":true,"href":"https:\/\/www.europesays.com\/fr\/wp-json\/wp\/v2\/media\/266463"}],"wp:attachment":[{"href":"https:\/\/www.europesays.com\/fr\/wp-json\/wp\/v2\/media?parent=266462"}],"wp:term":[{"taxonomy":"category","embeddable":true,"href":"https:\/\/www.europesays.com\/fr\/wp-json\/wp\/v2\/categories?post=266462"},{"taxonomy":"post_tag","embeddable":true,"href":"https:\/\/www.europesays.com\/fr\/wp-json\/wp\/v2\/tags?post=266462"}],"curies":[{"name":"wp","href":"https:\/\/api.w.org\/{rel}","templated":true}]}}