{"id":266466,"date":"2025-07-22T20:47:09","date_gmt":"2025-07-22T20:47:09","guid":{"rendered":"https:\/\/www.europesays.com\/fr\/266466\/"},"modified":"2025-07-22T20:47:09","modified_gmt":"2025-07-22T20:47:09","slug":"nafti-sentretient-avec-le-conseiller-de-donald-trump-pour-le-moyen-orient-le-monde-arabe-et-lafrique","status":"publish","type":"post","link":"https:\/\/www.europesays.com\/fr\/266466\/","title":{"rendered":"Nafti s\u2019entretient avec le conseiller de Donald Trump pour le Moyen-Orient, le Monde arabe et l\u2019Afrique"},"content":{"rendered":"<p class=\"rtejustify\">\u00a0<\/p>\n<p class=\"rtejustify\">Dans le cadre de sa visite officielle en Tunisie le Conseiller principal du Pr\u00e9sident am\u00e9ricain Donald Trump, pour les affaires du Moyen-Orient, du Monde arabe et de l\u2019Afrique Massad Boulos s\u2019est entretenu avec le ministre des Affaires Etrang\u00e8res, de la Migration et des Tunisiens \u00e0 l\u2019Etranger Mohamed Ali Nafti. Le haut responsable am\u00e9ricain \u00e9tait accompagn\u00e9 du Sous-Secr\u00e9taire adjoint aux Affaires \u00e9trang\u00e8res, Charg\u00e9 de l\u2019Afrique du Nord Joshua Harris.<\/p>\n<p class=\"rtejustify\">Selon le MAE, la rencontre a \u00e9t\u00e9 l\u2019occasion de r\u00e9affirmer la profondeur et la solidit\u00e9 des relations historiques entre la Tunisie et les \u00c9tats-Unis d\u2019Am\u00e9rique, qui durent depuis plus de 228 ans, et se sont poursuivies apr\u00e8s l\u2019Ind\u00e9pendance sur la base du respect mutuel et des int\u00e9r\u00eats mutuels des deux peuples amis.<\/p>\n<p class=\"rtejustify\">Les deux parties ont exprim\u00e9 leur engagement commun \u00e0 poursuivre le d\u00e9veloppement de ces relations et \u00e0 les renforcer davantage au service des int\u00e9r\u00eats des deux pays amis et en soutien aux efforts de d\u00e9veloppement et de stabilit\u00e9 aux niveaux r\u00e9gional et africain.<\/p>\n<p class=\"rtejustify\">Le ministre a discut\u00e9 avec le Conseiller am\u00e9ricain des voies et moyens de renforcer la coop\u00e9ration bilat\u00e9rale dans plusieurs domaines prioritaires, tout en soulignant l\u2019importance de d\u00e9velopper les \u00e9changes commerciaux et de stimuler les investissements am\u00e9ricains en Tunisie.<\/p>\n<p class=\"rtejustify\">Il a mis en avant les opportunit\u00e9s prometteuses qu\u2019offre le march\u00e9 tunisien et invit\u00e9 les entreprises am\u00e9ricaines \u00e0 participer \u00e0 la r\u00e9alisation de grands projets strat\u00e9gique en Tunisie<\/p>\n<p class=\"rtejustify\">. Il a \u00e9galement exprim\u00e9 le souhait de voir la communaut\u00e9 et les comp\u00e9tences tunisiennes r\u00e9sidant aux \u00c9tats-Unis d\u2019Am\u00e9rique b\u00e9n\u00e9ficier de l\u2019attention et de l\u2019accompagnement qu\u2019elles m\u00e9ritent, afin de faciliter leur int\u00e9gration dans le pays de r\u00e9sidence<\/p>\n<p class=\"rtejustify\">De son c\u00f4t\u00e9, M. Boulos a r\u00e9affirm\u00e9 la volont\u00e9 de la partie am\u00e9ricaine d\u2019ancrer une pratique r\u00e9guli\u00e8re de dialogue et de coop\u00e9ration avec la Tunisie, tant au niveau bilat\u00e9ral que multilat\u00e9ral, afin de renforcer davantage le rapprochement entre les deux pays ainsi qu\u2019entre les institutions tunisiennes et am\u00e9ricaines, aussi bien dans les secteurs publics que priv\u00e9.<\/p>\n<p class=\"rtejustify\">Les deux parties ont \u00e9galement abord\u00e9 les d\u00e9veloppements de la situation r\u00e9gionale et internationale, en particulier la crise humanitaire dans la bande de Gaza, en Palestine occup\u00e9e.<\/p>\n<p class=\"rtejustify\">Le ministre a soulign\u00e9 la n\u00e9cessit\u00e9 d\u2019assurer d\u2019urgence l\u2019acheminement de l\u2019aide humanitaire et m\u00e9dicale, mettant en garde contre les graves cons\u00e9quences humanitaires d\u2019un retard dans la r\u00e9ponse aux besoins vitaux de la population. Elles ont soulign\u00e9 l\u2019importance de parvenir \u00e0 une solution politique libyo-libyenne, sous l\u2019\u00e9gide des Nations Unies, qui pr\u00e9serve la s\u00e9curit\u00e9, la stabilit\u00e9 et l\u2019unit\u00e9 territoriale de la Libye.<\/p>\n","protected":false},"excerpt":{"rendered":"\u00a0 Dans le cadre de sa visite officielle en Tunisie le Conseiller principal du Pr\u00e9sident am\u00e9ricain Donald Trump,&hellip;\n","protected":false},"author":2,"featured_media":266467,"comment_status":"","ping_status":"","sticky":false,"template":"","format":"standard","meta":{"footnotes":""},"categories":[1589],"tags":[11,73,1866,12,1864,1865,1863,308],"class_list":{"0":"post-266466","1":"post","2":"type-post","3":"status-publish","4":"format-standard","5":"has-post-thumbnail","7":"category-etats-unis","8":"tag-actualites","9":"tag-etats-unis","10":"tag-etats-unis-damerique","11":"tag-news","12":"tag-united-states","13":"tag-united-states-of-america","14":"tag-us","15":"tag-usa"},"share_on_mastodon":{"url":"https:\/\/pubeurope.com\/@fr\/114898851857085138","error":""},"_links":{"self":[{"href":"https:\/\/www.europesays.com\/fr\/wp-json\/wp\/v2\/posts\/266466","targetHints":{"allow":["GET"]}}],"collection":[{"href":"https:\/\/www.europesays.com\/fr\/wp-json\/wp\/v2\/posts"}],"about":[{"href":"https:\/\/www.europesays.com\/fr\/wp-json\/wp\/v2\/types\/post"}],"author":[{"embeddable":true,"href":"https:\/\/www.europesays.com\/fr\/wp-json\/wp\/v2\/users\/2"}],"replies":[{"embeddable":true,"href":"https:\/\/www.europesays.com\/fr\/wp-json\/wp\/v2\/comments?post=266466"}],"version-history":[{"count":0,"href":"https:\/\/www.europesays.com\/fr\/wp-json\/wp\/v2\/posts\/266466\/revisions"}],"wp:featuredmedia":[{"embeddable":true,"href":"https:\/\/www.europesays.com\/fr\/wp-json\/wp\/v2\/media\/266467"}],"wp:attachment":[{"href":"https:\/\/www.europesays.com\/fr\/wp-json\/wp\/v2\/media?parent=266466"}],"wp:term":[{"taxonomy":"category","embeddable":true,"href":"https:\/\/www.europesays.com\/fr\/wp-json\/wp\/v2\/categories?post=266466"},{"taxonomy":"post_tag","embeddable":true,"href":"https:\/\/www.europesays.com\/fr\/wp-json\/wp\/v2\/tags?post=266466"}],"curies":[{"name":"wp","href":"https:\/\/api.w.org\/{rel}","templated":true}]}}