{"id":266470,"date":"2025-07-22T20:49:10","date_gmt":"2025-07-22T20:49:10","guid":{"rendered":"https:\/\/www.europesays.com\/fr\/266470\/"},"modified":"2025-07-22T20:49:10","modified_gmt":"2025-07-22T20:49:10","slug":"en-allemagne-la-fougue-de-la-jeunesse-profite-au-marche-du-livre","status":"publish","type":"post","link":"https:\/\/www.europesays.com\/fr\/266470\/","title":{"rendered":"En Allemagne, la fougue de la jeunesse profite au march\u00e9 du livre"},"content":{"rendered":"<p>Avec un chiffre d&rsquo;affaires en hausse de 1,8 % en 2024, l&rsquo;industrie du livre, en Allemagne, affiche sa satisfaction, m\u00eame si le B\u00f6rsenverein des Deutschen Buchhandels n&rsquo;\u00e9voque pas les cons\u00e9quences du taux d&rsquo;inflation de 2,2 % sur la m\u00eame p\u00e9riode. S&rsquo;il est moindre qu&rsquo;en 2023, il pourrait avoir influenc\u00e9 les prix des ouvrages et ainsi gonfl\u00e9 le chiffre d&rsquo;affaires global, estim\u00e9 \u00e0 9,88 milliards \u20ac.<\/p>\n<p>En 2023, le ph\u00e9nom\u00e8ne avait \u00e9t\u00e9 remarqu\u00e9, mais les niveaux de vente, en volume, ne sont pas d\u00e9taill\u00e9s dans le rapport annuel du B\u00f6rsenverein.\u00a0<\/p>\n<p>L&rsquo;heure semble donc aux r\u00e9jouissances, outre-Rhin, o\u00f9 l&rsquo;on se f\u00e9licite d&rsquo;une \u00ab\u2009passion pour la lecture, en particulier chez les jeunes\u2009\u00bb, d&rsquo;apr\u00e8s les termes du communiqu\u00e9 diffus\u00e9 par l&rsquo;organisation professionnelle. \u00ab\u2009Cette croissance du march\u00e9 du livre est port\u00e9e par l&rsquo;engouement des jeunes \u00e2g\u00e9s de 16 \u00e0 29 ans pour les livres, un public auquel l&rsquo;industrie propose des offres attrayantes et bien cibl\u00e9es\u2009\u00bb, assure Karin Schmidt-Friderichs, \u00e9ditrice et pr\u00e9sidente du conseil d&rsquo;administration du B\u00f6rsenverein.<\/p>\n<p>Elle rel\u00e8ve par ailleurs des ventes importantes pour les titres du fonds, publi\u00e9s un an ou plus longtemps avant la date d&rsquo;achat, le signe, selon elle, \u00ab\u2009de la stabilit\u00e9 du march\u00e9 sur le long terme et de la pertinence durable de ses propositions\u2009\u00bb. Ces ouvrages parus il y a quelque temps repr\u00e9sentent tout de m\u00eame 57 % des livres vendus en 2024.<\/p>\n<p>Les livres audio, comme sur d&rsquo;autres march\u00e9s occidentaux, jouissent aussi d&rsquo;une dynamique soutenue, avec un chiffre d&rsquo;affaires en hausse de 7,3 % sur un an, tr\u00e8s largement issu des t\u00e9l\u00e9chargements (49,2 %) et du streaming (43,4 %).<\/p>\n<p>L&rsquo;ann\u00e9e derni\u00e8re, en se penchant sur les chiffres de 2023, le secteur s&rsquo;\u00e9tait d\u00e9j\u00e0 r\u00e9joui <a href=\"https:\/\/actualitte.com\/article\/118088\/economie\/en-allemagne-l-edition-compte-sur-l-interet-de-la-jeunesse-pour-la-lecture\" rel=\"nofollow noopener\" target=\"_blank\">de l&rsquo;int\u00e9r\u00eat marqu\u00e9 des jeunes g\u00e9n\u00e9rations pour le livre<\/a>. N\u00e9anmoins, l&rsquo;ombre au tableau restait le nombre de lecteurs dans le pays, en baisse r\u00e9guli\u00e8re depuis plusieurs ann\u00e9es, et qui se ressent aussi dans l&rsquo;effectif d&rsquo;acheteurs : ils \u00e9taient 25 millions en 2023 [sur une population estim\u00e9e \u00e0 83,8 millions de personnes, NdR], mais la baisse atteint 2 % en 2024.<\/p>\n<p>\u00c0 l&rsquo;inverse, la cohorte d&rsquo;acheteurs chez les jeunes de 16 \u00e0 19 ans est en croissance de 9,6 %, et de 7,7 % pour les 20-29 ans.<\/p>\n<p>France et Allemagne, m\u00eames combats\u2009?<\/p>\n<p>Le B\u00f6rsenverein attire l&rsquo;attention des pouvoirs publics sur plusieurs terrains, en commen\u00e7ant par les politiques de soutien \u00e0 la lecture. L&rsquo;organisation appelle ainsi au maintien et au renforcement du KulturPass pour les jeunes \u00e2g\u00e9s de 18 ans. Cet \u00e9quivalent du Pass Culture a eu moins de succ\u00e8s que son homologue fran\u00e7ais, et le gouvernement f\u00e9d\u00e9ral ne serait pas forc\u00e9ment partant pour poursuivre l&rsquo;exp\u00e9rience.<\/p>\n<p>En mati\u00e8re de pratique de la lecture, le B\u00f6rsenverein s&rsquo;inqui\u00e8te de difficult\u00e9s croissantes au sein de la population, et souhaite une \u00ab\u2009strat\u00e9gie efficiente et suivie de promotion de la lecture\u2009\u00bb, d\u00e9plorant que les responsables politiques \u00ab\u2009restent de marbre\u2009\u00bb.<\/p>\n<p style=\"text-align: right;\"><a href=\"https:\/\/actualitte.com\/article\/124890\/international\/une-campagne-europeenne-pour-donner-l-envie-de-lire-sur-le-long-terme\" rel=\"nofollow noopener\" target=\"_blank\"><strong>\u00c0 LIRE &#8211; Une campagne europ\u00e9enne pour donner \u201cl\u2019envie de lire sur le long terme\u201d<\/strong><\/a><\/p>\n<p>Parmi les autres pr\u00e9occupations du secteur figurent le d\u00e9veloppement de l&rsquo;intelligence artificielle, les \u00e9diteurs allemands r\u00e9clamant des r\u00e9gulations et un encadrement du \u00ab\u2009pouvoir des oligopoles num\u00e9riques\u2009\u00bb. \u00c0 l&rsquo;inverse, l&rsquo;industrie souhaite un all\u00e8gement des r\u00e8gles europ\u00e9ennes, et notamment <a href=\"https:\/\/actualitte.com\/article\/120337\/edition\/la-planete-attendra-l-ue-retarde-son-reglement-deforestation\" rel=\"nofollow noopener\" target=\"_blank\">de son r\u00e8glement d\u00e9forestation<\/a>, qu&rsquo;elle rapproche d&rsquo;une \u00ab\u2009monstruosit\u00e9 bureaucratique\u2009\u00bb&#8230;<\/p>\n<p>\u00c0 ce titre, l&rsquo;\u00e9dition allemande a moins produit en 2024, avec 58.346 nouveaux titres, contre un peu plus de 60.000 l&rsquo;ann\u00e9e pass\u00e9e.\u00a0<\/p>\n<p>Anticipant les bilans de fin d&rsquo;ann\u00e9e, le B\u00f6rsenverein avance de premi\u00e8res donn\u00e9es pour 2025, moins r\u00e9jouissantes : les ventes seraient en baisse de 3,3 % sur les six premiers mois de l&rsquo;ann\u00e9e&#8230;<\/p>\n<p>Les donn\u00e9es sont accessibles ci-dessous, dans le document de pr\u00e9sentation du B\u00f6rsenverein (en allemand).<\/p>\n<p>Photographie : une librairie \u00e0 Francfort (illustration, conceptphoto.info, CC BY 2.0)<\/p>\n<\/p>\n<\/p>\n<p>\u00a0<\/p>\n<\/p>\n<p>\u00a0<\/p>\n<\/p>\n<p>\u00a0<\/p>\n<\/p>\n<p class=\"article-signature\">Par <a class=\"article-signature_url\" href=\"https:\/\/actualitte.com\/auteurs\/215\/antoine-oury\" rel=\"nofollow noopener\" target=\"_blank\">Antoine Oury<\/a><br \/>Contact : <a class=\"article-signature_mail\" href=\"https:\/\/actualitte.com\/article\/125132\/international\/mailto:ao@actualitte.com\" rel=\"nofollow noopener\" target=\"_blank\">ao@actualitte.com<\/a><\/p>\n","protected":false},"excerpt":{"rendered":"Avec un chiffre d&rsquo;affaires en hausse de 1,8 % en 2024, l&rsquo;industrie du livre, en Allemagne, affiche sa&hellip;\n","protected":false},"author":2,"featured_media":266471,"comment_status":"","ping_status":"","sticky":false,"template":"","format":"standard","meta":{"footnotes":""},"categories":[1587],"tags":[11,672,1804,1805,1803,1777,674,1801,12,1802],"class_list":{"0":"post-266470","1":"post","2":"type-post","3":"status-publish","4":"format-standard","5":"has-post-thumbnail","7":"category-allemagne","8":"tag-actualites","9":"tag-allemagne","10":"tag-bundesrepublik-deutschland","11":"tag-de","12":"tag-deutschland","13":"tag-eu","14":"tag-europe","15":"tag-germany","16":"tag-news","17":"tag-republique-federale-dallemagne"},"share_on_mastodon":{"url":"https:\/\/pubeurope.com\/@fr\/114898859671989823","error":""},"_links":{"self":[{"href":"https:\/\/www.europesays.com\/fr\/wp-json\/wp\/v2\/posts\/266470","targetHints":{"allow":["GET"]}}],"collection":[{"href":"https:\/\/www.europesays.com\/fr\/wp-json\/wp\/v2\/posts"}],"about":[{"href":"https:\/\/www.europesays.com\/fr\/wp-json\/wp\/v2\/types\/post"}],"author":[{"embeddable":true,"href":"https:\/\/www.europesays.com\/fr\/wp-json\/wp\/v2\/users\/2"}],"replies":[{"embeddable":true,"href":"https:\/\/www.europesays.com\/fr\/wp-json\/wp\/v2\/comments?post=266470"}],"version-history":[{"count":0,"href":"https:\/\/www.europesays.com\/fr\/wp-json\/wp\/v2\/posts\/266470\/revisions"}],"wp:featuredmedia":[{"embeddable":true,"href":"https:\/\/www.europesays.com\/fr\/wp-json\/wp\/v2\/media\/266471"}],"wp:attachment":[{"href":"https:\/\/www.europesays.com\/fr\/wp-json\/wp\/v2\/media?parent=266470"}],"wp:term":[{"taxonomy":"category","embeddable":true,"href":"https:\/\/www.europesays.com\/fr\/wp-json\/wp\/v2\/categories?post=266470"},{"taxonomy":"post_tag","embeddable":true,"href":"https:\/\/www.europesays.com\/fr\/wp-json\/wp\/v2\/tags?post=266470"}],"curies":[{"name":"wp","href":"https:\/\/api.w.org\/{rel}","templated":true}]}}