{"id":266472,"date":"2025-07-22T20:50:10","date_gmt":"2025-07-22T20:50:10","guid":{"rendered":"https:\/\/www.europesays.com\/fr\/266472\/"},"modified":"2025-07-22T20:50:10","modified_gmt":"2025-07-22T20:50:10","slug":"le-regroupement-familial-remis-en-cause-aussi-en-belgique","status":"publish","type":"post","link":"https:\/\/www.europesays.com\/fr\/266472\/","title":{"rendered":"Le regroupement familial remis en cause aussi en Belgique"},"content":{"rendered":"<p>\n         Publi\u00e9 le<br \/>\n            22\/07\/2025 &#8211; 22:15 UTC+2\n            <\/p>\n<p>            <img decoding=\"async\" class=\"c-ad__placeholder__logo\" src=\"https:\/\/static.euronews.com\/website\/images\/logos\/logo-euronews-grey-6-180x22.svg\" width=\"180\" height=\"22\" alt=\"\" loading=\"lazy\"\/><br \/>\n            PUBLICIT\u00c9<\/p>\n<p>C\u2019est un b\u00e2timent administratif comme en compte beaucoup la ville de Bruxelles. C\u2019est dans l\u2019un des douze \u00e9tages de l\u2019immeuble construit dans les ann\u00e9es 1960 que se trouve l\u2019Office des \u00e9trangers. C\u2019est ici que se d\u00e9cide le sort des migrants et celui de leur famille. <\/p>\n<p>Le service est au centre de l\u2019attention politique. Les d\u00e9put\u00e9s ont adopt\u00e9 la semaine derni\u00e8re le projet de loi du gouvernement qui <strong>restreint l&rsquo;acc\u00e8s au regroupement familial<\/strong>. Ce dispositif permet \u00e0 une personne \u00e9trang\u00e8re en situation r\u00e9guli\u00e8re de faire venir un ou plusieurs proches. <\/p>\n<p>Selon les nouvelles directives, <strong>les r\u00e9fugi\u00e9s n&rsquo;auront plus que six mois<\/strong> au lieux de 12 pour d\u00e9poser leur demande. <strong>Les b\u00e9n\u00e9ficiaires de la protection subsidiaire<\/strong>, autrement dit ceux qui n\u2019ont pas le statut de r\u00e9fugi\u00e9, devront eux <strong>attendre deux ans<\/strong> avant de pouvoir pr\u00e9senter leur dossier. <\/p>\n<p>Le texte exige aussi des ressources financi\u00e8res plus importantes. Le revenu minimum pour d\u00e9poser une demande est revu \u00e0 la hausse. Il faut d\u00e9sormais disposer d\u2019un <strong>salaire d\u2019environ 2 300 euros<\/strong>, contre 2 100 euros selon la r\u00e9glementation pr\u00e9c\u00e9dente. Ce montant est augment\u00e9 de <strong>10 % pour chaque membre suppl\u00e9mentaire de la famille<\/strong>.<\/p>\n<p>\u00ab\u00a0Si quelqu&rsquo;un veut faire venir son partenaire et ses deux enfants, il doit gagner 2 700 euros nets par mois \u00ab\u00a0, pr\u00e9cise Thomas Willekens, charg\u00e9 de politique pour l\u2019ONG Vluchtelingenwerk Vlaanderen, bas\u00e9e \u00e0 Bruxelles.<\/p>\n<p>Cette somme \u00ab\u00a0est \u00e9norme et je dirais que le salari\u00e9 moyen en Belgique ne gagne m\u00eame pas cette somme \u00ab\u00a0, ajoute-t-il.<\/p>\n<p>Une quasi-impossibilit\u00e9 qui ne dit pas son nom<\/p>\n<p>La ministre belge en charge de l&rsquo;Asile et de la Migration, la nationaliste flamande Anneleen Van Bossuyt, d\u00e9fend ces mesures. Pour celle qui a port\u00e9 le projet \u00ab\u00a0il faut r\u00e9duire les flux entrants. Notre soci\u00e9t\u00e9 n\u2019est pas plus en mesure de supporter cette charge \u00ab\u00a0.<\/p>\n<p>Le gouvernement veut r\u00e9duire les arriv\u00e9es de migrants par la voie du regroupement familial. Selon les chiffres de l&rsquo;Office des \u00e9trangers, <strong>20 724 personnes<\/strong> originaires de pays hors de l&rsquo;Union europ\u00e9enne ont obtenu l&rsquo;ann\u00e9e derni\u00e8re un visa pour la Belgique dans le cadre de ce dispositif.<\/p>\n<p>Les autorit\u00e9s belges ont par ailleurs d\u00e9cid\u00e9 d\u2019augmenter aussi les frais de dossier pour d\u00e9poser une proc\u00e9dure de naturalisation. Ils passent de 150 euros \u00e0 1 000 euros.<\/p>\n<p>Pour Thomas Willekens, ces nouvelles r\u00e8gles sont surtout une fa\u00e7on d\u00e9guis\u00e9e de <strong>rendre impossible le regroupement familial<\/strong> au risque de plonger ces familles dans une situation plus dangereuse encore. <\/p>\n<p>\u00ab\u00a0Les cons\u00e9quences pour les r\u00e9fugi\u00e9s en Belgique seront une s\u00e9paration prolong\u00e9e de leurs familles, ce qui aura un impact sur leur int\u00e9gration et leur inclusion dans la soci\u00e9t\u00e9 belge. Il est difficile d&rsquo;apprendre la langue si l&rsquo;on est pr\u00e9occup\u00e9 par son partenaire en Afghanistan, par exemple \u00ab\u00a0, explique-t-il.<\/p>\n<p>\u00ab\u00a0Quant aux r\u00e9fugi\u00e9s et aux pays d&rsquo;origine, alors qu&rsquo;ils pouvaient auparavant utiliser cette voie s\u00fbre et l\u00e9gale pour venir en Belgique, ils n&rsquo;y ont plus acc\u00e8s. Ils se tourneront donc vers les passeurs pour venir en Europe \u00ab\u00a0, poursuit-il.<\/p>\n<p>Une tendance europ\u00e9enne<\/p>\n<p>Le cas de la Belgique n&rsquo;est pas isol\u00e9 en Europe. Le Portugal a adopt\u00e9, lui aussi la semaine derni\u00e8re, des mesures plus exigeantes pour accorder le regroupement familial. <a href=\"https:\/\/fr.euronews.com\/my-europe\/2025\/06\/27\/allemagne-le-bundestag-restreint-le-regroupement-familial-pour-les-migrants\" rel=\"nofollow noopener\" target=\"_blank\"><strong>En Allemagne<\/strong><\/a>, les d\u00e9put\u00e9s ont approuv\u00e9 le mois dernier la suspension du dispositif pour les personnes qui rel\u00e8vent d&rsquo;une \u00ab\u00a0protection subsidiaire\u00a0\u00bb, autrement dit ceux qui n&rsquo;ont pas le statut de r\u00e9fugi\u00e9. Enfin, <a href=\"https:\/\/fr.euronews.com\/my-europe\/2025\/03\/13\/lautriche-interrompt-temporairement-le-regroupement-familial-pour-les-migrants\" rel=\"nofollow noopener\" target=\"_blank\"><strong>l&rsquo;Autriche<\/strong><\/a> a suspendu le rapprochement familial pour une p\u00e9riode de six mois. Concr\u00e8tement, les demandes peuvent \u00eatre d\u00e9pos\u00e9es aupr\u00e8s des autorit\u00e9s autrichiennes, mais elles ne seront pas trait\u00e9es.<\/p>\n","protected":false},"excerpt":{"rendered":"Publi\u00e9 le 22\/07\/2025 &#8211; 22:15 UTC+2 PUBLICIT\u00c9 C\u2019est un b\u00e2timent administratif comme en compte beaucoup la ville de&hellip;\n","protected":false},"author":2,"featured_media":266473,"comment_status":"","ping_status":"","sticky":false,"template":"","format":"standard","meta":{"footnotes":""},"categories":[1586],"tags":[11,672,828,1777,674,652,1011,27,1061,12,6996,25],"class_list":{"0":"post-266472","1":"post","2":"type-post","3":"status-publish","4":"format-standard","5":"has-post-thumbnail","7":"category-europe","8":"tag-actualites","9":"tag-allemagne","10":"tag-belgique","11":"tag-eu","12":"tag-europe","13":"tag-famille","14":"tag-fr","15":"tag-france","16":"tag-immigration","17":"tag-news","18":"tag-portugal","19":"tag-republique-francaise"},"share_on_mastodon":{"url":"https:\/\/pubeurope.com\/@fr\/114898863647985926","error":""},"_links":{"self":[{"href":"https:\/\/www.europesays.com\/fr\/wp-json\/wp\/v2\/posts\/266472","targetHints":{"allow":["GET"]}}],"collection":[{"href":"https:\/\/www.europesays.com\/fr\/wp-json\/wp\/v2\/posts"}],"about":[{"href":"https:\/\/www.europesays.com\/fr\/wp-json\/wp\/v2\/types\/post"}],"author":[{"embeddable":true,"href":"https:\/\/www.europesays.com\/fr\/wp-json\/wp\/v2\/users\/2"}],"replies":[{"embeddable":true,"href":"https:\/\/www.europesays.com\/fr\/wp-json\/wp\/v2\/comments?post=266472"}],"version-history":[{"count":0,"href":"https:\/\/www.europesays.com\/fr\/wp-json\/wp\/v2\/posts\/266472\/revisions"}],"wp:featuredmedia":[{"embeddable":true,"href":"https:\/\/www.europesays.com\/fr\/wp-json\/wp\/v2\/media\/266473"}],"wp:attachment":[{"href":"https:\/\/www.europesays.com\/fr\/wp-json\/wp\/v2\/media?parent=266472"}],"wp:term":[{"taxonomy":"category","embeddable":true,"href":"https:\/\/www.europesays.com\/fr\/wp-json\/wp\/v2\/categories?post=266472"},{"taxonomy":"post_tag","embeddable":true,"href":"https:\/\/www.europesays.com\/fr\/wp-json\/wp\/v2\/tags?post=266472"}],"curies":[{"name":"wp","href":"https:\/\/api.w.org\/{rel}","templated":true}]}}