{"id":266479,"date":"2025-07-22T20:54:10","date_gmt":"2025-07-22T20:54:10","guid":{"rendered":"https:\/\/www.europesays.com\/fr\/266479\/"},"modified":"2025-07-22T20:54:10","modified_gmt":"2025-07-22T20:54:10","slug":"guerre-en-europe-attaques-hybrides-en-france-le-scenario-noir-pour-larmee-francaise","status":"publish","type":"post","link":"https:\/\/www.europesays.com\/fr\/266479\/","title":{"rendered":"Guerre en Europe, attaques hybrides en France&#8230; Le sc\u00e9nario noir pour l\u2019arm\u00e9e fran\u00e7aise"},"content":{"rendered":"<p><strong>D\u00c9CRYPTAGE<\/strong> &#8211; La Revue nationale strat\u00e9gique, rendue publique le 13\u00a0juillet, envisage la possibilit\u00e9 d\u2019un conflit avec la Russie d\u2019ici 2030.<\/p>\n<p class=\"fig-paragraph\">Personne n\u2019a remis en cause l\u2019hypoth\u00e8se. Le sc\u00e9nario d\u2019une<a href=\"https:\/\/video.lefigaro.fr\/figaro\/video\/guerre-contre-leurope-en-allemagne-le-futur-chancelier-defend-un-arsenal-budgetaire-contre-la-menace-russe\/\" target=\"_blank\" data-fig-type=\"Video\" rel=\"noopener nofollow\" data-gtm-custom-categorie=\"navigation\" data-gtm-custom-action=\"crossclick\" data-gtm-custom-label=\"Contextuel\" data-gtm-event=\"customEventSPE\" data-fig-domain=\"VIDEO\">\u00a0agression russe contre un territoire europ\u00e9en<\/a>\u00a0\u00e0 moyenne \u00e9ch\u00e9ance, d\u2019ici 2030, a \u00e9t\u00e9 jug\u00e9 cr\u00e9dible par les r\u00e9dacteurs de la Revue nationale strat\u00e9gique, rendue publique dans la foul\u00e9e du\u00a0<a href=\"http:\/\/www.lefigaro.fr\/international\/discours-aux-armees-face-a-l-acceleration-des-menaces-emmanuel-macron-demande-un-effort-de-toute-la-nation-20250713\" target=\"_blank\" data-fig-type=\"Article\" rel=\"noopener nofollow\" data-gtm-custom-categorie=\"navigation\" data-gtm-custom-action=\"crossclick\" data-gtm-custom-label=\"Contextuel\" data-gtm-event=\"customEventSPE\" data-fig-domain=\"LEFIGARO\">discours\u00a0<\/a>du chef de l\u2019\u00c9tat, Emmanuel Macron, le 13\u00a0juillet. \u00ab\u00a0Il y a eu un consensus sur ce risque majeur\u00a0\u00bb, raconte une source au fait de l\u2019\u00e9criture de la RNS. \u00ab\u00a0Depuis 2022, la Russie a d\u00e9montr\u00e9 son agressivit\u00e9. C\u2019est aussi l\u2019analyse des services de renseignements\u00a0\u00bb, dit-on. Dans ses discours r\u00e9p\u00e9t\u00e9s depuis plusieurs ann\u00e9es, Vladimir Poutine a \u00ab\u00a0pos\u00e9 les bases d\u2019une intervention militaire\u00a0\u00bb contre l\u2019Occident, a, par exemple, indiqu\u00e9 le patron de la DGSE, Nicolas Lerner, au d\u00e9but juillet sur\u00a0<a href=\"https:\/\/x.com\/LCI\/status\/1942813967081951448\" target=\"_blank\" rel=\"noopener nofollow\" data-gtm-custom-categorie=\"navigation\" data-gtm-custom-action=\"crossclick\" data-gtm-custom-label=\"Contextuel\" data-gtm-event=\"customEventSPE\">LCI<\/a>. Les Europ\u00e9ens expriment tous la m\u00eame inqui\u00e9tude. \u00ab\u00a0Nous sommes convaincus, et nous disposons de preuves, que l\u2019Ukraine n\u2019est (pour Vladimir Poutine) qu\u2019une \u00e9tape sur le chemin contre l\u2019Occident\u00a0\u00bb, a d\u00e9clar\u00e9 en juin Bruno Kahl, le directeur\u2026<\/p>\n<p class=\"fig-premium-paywall__infos\">\n        Cet article est r\u00e9serv\u00e9 aux abonn\u00e9s.        Il vous reste 85% \u00e0 d\u00e9couvrir.\n    <\/p>\n<p>                <img  data- alt=\"Le Figaro\" class=\"fig-img--complete fig-img\"\/><\/p>\n<p class=\"fig-premium-paywall__title\">Vous avez envie de lire la suite ?<\/p>\n<p class=\"fig-premium-paywall__subtitle\">D\u00e9bloquez tous les articles imm\u00e9diatement.<\/p>\n<p class=\"fig-premium-paywall__connect\">\n                D\u00e9j\u00e0 abonn\u00e9\u00a0?                <a class=\"fig-premium-paywall__connect-link\" href=\"https:\/\/connect.lefigaro.fr\/login?client=horizon_web&amp;type=main&amp;redirect_uri=https%3A%2F%2Fwww.lefigaro.fr%2Finternational%2Fguerre-en-europe-attaques-hybrides-en-france-le-scenario-noir-pour-l-armee-francaise-20250722\" data-js-gtm=\"{&quot;customCategorie&quot;: &quot;conversion&quot;, &quot;customAction&quot;: &quot;before_Landing_Connexion_paywall_auto&quot;, &quot;customLabel&quot;: &quot;bGVmaWdhcm8uZnJfXzFmMDY2ZGQxLTcyZDYtNjcwYS05MDIzLTY3ZWFlNWI2M2Y2Zl9fQXJ0aWNsZQ==_Guerre en Europe, attaques hybrides en France... Le sc\u00e9nario noir pour l\u2019arm\u00e9e fran\u00e7aise_1000&quot;, &quot;customIDSPE&quot;: &quot;bGVmaWdhcm8uZnJfXzFmMDY2ZGQxLTcyZDYtNjcwYS05MDIzLTY3ZWFlNWI2M2Y2Zl9fQXJ0aWNsZQ==&quot;, &quot;event&quot;: &quot;customEventSPE&quot;}\" rel=\"nofollow noopener\" target=\"_blank\"><br \/>\n                    Connectez-vous<br \/>\n                <\/a>\n            <\/p>\n","protected":false},"excerpt":{"rendered":"D\u00c9CRYPTAGE &#8211; La Revue nationale strat\u00e9gique, rendue publique le 13\u00a0juillet, envisage la possibilit\u00e9 d\u2019un conflit avec la Russie&hellip;\n","protected":false},"author":2,"featured_media":266480,"comment_status":"","ping_status":"","sticky":false,"template":"","format":"standard","meta":{"footnotes":""},"categories":[4],"tags":[11,1813,554,1011,27,12,25,132],"class_list":{"0":"post-266479","1":"post","2":"type-post","3":"status-publish","4":"format-standard","5":"has-post-thumbnail","7":"category-france","8":"tag-actualites","9":"tag-armee","10":"tag-defense","11":"tag-fr","12":"tag-france","13":"tag-news","14":"tag-republique-francaise","15":"tag-russie"},"share_on_mastodon":{"url":"https:\/\/pubeurope.com\/@fr\/114898879383157762","error":""},"_links":{"self":[{"href":"https:\/\/www.europesays.com\/fr\/wp-json\/wp\/v2\/posts\/266479","targetHints":{"allow":["GET"]}}],"collection":[{"href":"https:\/\/www.europesays.com\/fr\/wp-json\/wp\/v2\/posts"}],"about":[{"href":"https:\/\/www.europesays.com\/fr\/wp-json\/wp\/v2\/types\/post"}],"author":[{"embeddable":true,"href":"https:\/\/www.europesays.com\/fr\/wp-json\/wp\/v2\/users\/2"}],"replies":[{"embeddable":true,"href":"https:\/\/www.europesays.com\/fr\/wp-json\/wp\/v2\/comments?post=266479"}],"version-history":[{"count":0,"href":"https:\/\/www.europesays.com\/fr\/wp-json\/wp\/v2\/posts\/266479\/revisions"}],"wp:featuredmedia":[{"embeddable":true,"href":"https:\/\/www.europesays.com\/fr\/wp-json\/wp\/v2\/media\/266480"}],"wp:attachment":[{"href":"https:\/\/www.europesays.com\/fr\/wp-json\/wp\/v2\/media?parent=266479"}],"wp:term":[{"taxonomy":"category","embeddable":true,"href":"https:\/\/www.europesays.com\/fr\/wp-json\/wp\/v2\/categories?post=266479"},{"taxonomy":"post_tag","embeddable":true,"href":"https:\/\/www.europesays.com\/fr\/wp-json\/wp\/v2\/tags?post=266479"}],"curies":[{"name":"wp","href":"https:\/\/api.w.org\/{rel}","templated":true}]}}