{"id":266481,"date":"2025-07-22T20:55:18","date_gmt":"2025-07-22T20:55:18","guid":{"rendered":"https:\/\/www.europesays.com\/fr\/266481\/"},"modified":"2025-07-22T20:55:18","modified_gmt":"2025-07-22T20:55:18","slug":"dans-cette-ferme-originale-du-cotentin-on-a-teste-pour-vous-le-golf-paysan-au-milieu-des-animaux","status":"publish","type":"post","link":"https:\/\/www.europesays.com\/fr\/266481\/","title":{"rendered":"Dans cette ferme originale du Cotentin, on a test\u00e9 pour vous le golf paysan\u2026 au milieu des animaux"},"content":{"rendered":"<p>            Par<br \/>\n        <strong><br \/>\n            <a href=\"https:\/\/actu.fr\/auteur\/redaction-pressemanche\" title=\"Consulter tous les articles de R\u00e9daction La Presse de la Manche\" target=\"_blank\" rel=\"noopener\">R\u00e9daction La Presse de la Manche<\/a><br \/>\n        <\/strong><\/p>\n<p>        Publi\u00e9 le<\/p>\n<p>            21 juil. 2025 \u00e0 9h21        <\/p>\n<p>Au c\u0153ur de la campagne de <a href=\"https:\/\/actu.fr\/normandie\/flamanville_50184\" target=\"_blank\" rel=\"noopener\">Flamanville <\/a>(Manche), une <b>ferme originale<\/b> attire les<b> curieux<\/b>.<\/p>\n<p class=\" wall-content\">M\u00ealant tradition, contes et activit\u00e9s insolites, la <a href=\"https:\/\/actu.fr\/c-est-a-cherbourg\/on-en-parle\/cet-ete-partez-a-la-decouverte-du-cotentin-cote-campagne_62834183.html\" target=\"_blank\" rel=\"noopener\">Ferme aux 5 Saisons<\/a> propose diff\u00e9rentes <b>activit\u00e9s<\/b>, propices \u00e0 la<b> p\u00e9riode estivale<\/b>. Parmi elles se trouve le<b> golf paysan<\/b>, que nous avons test\u00e9 pour vous.<\/p>\n<p>Un jeu unique<\/p>\n<p class=\" wall-content\">Ici, jouer au golf prend une dimension singuli\u00e8re. Loin des <b>parcours traditionnels<\/b>, le golf paysan, imagin\u00e9 par Anne (31\u00a0ans) et Fran\u00e7ois (64\u00a0ans) Thi\u00e9bot, s\u2019\u00e9tend sur pr\u00e8s de <b>cinq hectares de prairie<\/b>, en <b>pleine nature<\/b>.<\/p>\n<p class=\" wall-content\">Le terrain y est volontairement <b>rustique <\/b>et on y joue avec des <b>clubs en bois <\/b>plus gros et plus lourds, ainsi que des <b>petits ballons<\/b>. Afin de compliquer le parcours, des <b>obstacles <\/b>quelque peu improbables sont \u00e0 \u00e9viter\u2009: les <b>animaux <\/b>tels que les vaches, \u00e2nes, ch\u00e8vres et moutons peuvent \u00e9galement \u00eatre de la partie.<\/p>\n<p class=\" wall-content\">Sur place, B\u00e9atrice (65\u00a0ans), Pierre-Ama\u00ebl (41\u00a0ans) et Tiago (8\u00a0ans) sont ravis\u2009: \u00ab\u2009Nous aimons beaucoup le golf en g\u00e9n\u00e9ral. C\u2019est une activit\u00e9 originale et il faut \u00eatre entra\u00een\u00e9, entre les moutons et les vaches\u2026 mais<b> nous recommanderons cette activit\u00e9 <\/b>\u00e0 nos proches.\u2009\u00bb<\/p>\n<p>    <img   decoding=\"async\" loading=\"lazy\" class=\"size-large\" src=\"https:\/\/www.europesays.com\/fr\/wp-content\/uploads\/2025\/07\/121f91588f686061f91588f68e91f9v-768x640.jpeg\" alt=\"Un golf avec les animaux de la ferme.\" width=\"768\" height=\"640\"\/><br \/>\n    Un golf au milieu des animaux de la ferme. \u00a9M\u00e9line ICOLEVid\u00e9os : en ce moment sur ActuD\u2019o\u00f9 vient cette id\u00e9e inattendue\u2009?<\/p>\n<p class=\" wall-content\">C\u2019est lors d\u2019un <b>voyage <\/b>aux <b>Pays-Bas<\/b> que Fran\u00e7ois d\u00e9couvre une <b>activit\u00e9 originale<\/b>\u2009: des <b>habitants <\/b>frappant dans une balle et portant \u00e0 leurs pieds des sabots en bois au beau milieu de<b> champs plats<\/b>.<\/p>\n<p class=\" wall-content\">De cette observation na\u00eet l\u2019id\u00e9e de<b> transposer cette activit\u00e9 <\/b>dans ses propres champs. Il con\u00e7oit alors, avec son fr\u00e8re, un <b>club de golf rustique<\/b> parfaitement adapt\u00e9 au terrain. Un protocole particulier, qu\u2019il fait prot\u00e9ger par un <b>brevet<\/b>.<\/p>\n<p>    <img decoding=\"async\" loading=\"lazy\" class=\"size-large\" src=\"https:\/\/www.europesays.com\/fr\/wp-content\/uploads\/2025\/07\/5ff445b78f686830545b78f6887054v-586x640.jpg\" alt=\"Le golf paysan de la Ferme aux 5 Saisons.\" width=\"586\" height=\"640\"\/><br \/>\n    Le golf paysan de la Ferme aux 5 Saisons se joue avec un club en bois et une petite balle. \u00a9M\u00e9line ICOLEDu golf, des animaux, mais pas que\u2026<\/p>\n<p class=\" wall-content\">La ferme sait aussi se <b>diversifier<\/b>.<\/p>\n<p class=\" wall-content\">D\u2019autres activit\u00e9s sont propos\u00e9es autour de cette <b>ambiance bucolique<\/b>, qui saura ravir les<b> petits <\/b>et les <b>grands<\/b>. Fran\u00e7ois et Anne proposent des <b>visites de la ferme<\/b> d\u00e8s l\u2019\u00e2ge de 2\u00a0ans, o\u00f9 les participants peuvent <b>fabriquer du pain <\/b>et en apprendre plus sur les diff\u00e9rents animaux.<\/p>\n<p>    <img   decoding=\"async\" loading=\"lazy\" class=\"size-large\" src=\"https:\/\/www.europesays.com\/fr\/wp-content\/uploads\/2025\/07\/96775c076e6869a775c076e686e775v-960x640.jpg\" alt=\"La ferme aux Cinq Saisons propose diverses activit\u00e9s propices \u00e0 la p\u00e9riode estivale.\" width=\"960\" height=\"640\"\/><br \/>\n    La Ferme aux 5 Saisons propose diverses activit\u00e9s propices \u00e0 la p\u00e9riode estivale. \u00a9M\u00e9line ICOLEUn restaurant, des \u00e9v\u00e9nements et m\u00eame des logements<\/p>\n<p class=\" wall-content\">L\u2019\u00e9t\u00e9, la ferme a aussi un <b>restaurant <\/b>ouvert le midi, o\u00f9 sont mis en avant les produits issus de leur <b>exploitation familiale<\/b>. Pain, lait, cidre, jus de pomme, teurgoule et rillettes sont au rendez-vous. Les <b>mardis et les vendredis soir<\/b>, des <b>animations <\/b>sont organis\u00e9es autour de la <b>culture <\/b>et de la <b>musique<\/b>. L\u2019occasion de d\u00e9couvrir le slam ou un nouveau groupe de folk en pleine nature.<\/p>\n<p class=\" wall-content\">Niveau <b>logement<\/b>, on est aussi servi\u2009: un<b> petit camping<\/b> de six places et des cabanes en bois sont disponibles pour passer quelques jours au vert.\u00a0Pour tous vos<b> \u00e9v\u00e9nements sp\u00e9ciaux,<\/b> la Ferme aux 5 Saisons saura r\u00e9pondre \u00e0 vos attentes. Ils sont par\u00e9s pour les enterrements de vie de jeune fille et jeune gar\u00e7on, les anniversaires, les vins d\u2019honneur et les s\u00e9minaires d\u2019entreprise.<\/p>\n<p class=\" wall-content\">Somme toute, la Ferme aux 5 Saisons se place comme un <b>incontournable de l\u2019\u00e9t\u00e9<\/b>, si vous \u00eates dans le <a href=\"https:\/\/actu.fr\/tag\/cotentin\" target=\"_blank\" rel=\"noopener\">Cotentin<\/a>.<\/p>\n<p class=\" wall-content\"><b>M\u00e9line ICOLE et K\u00e9tana MEN<\/b><\/p>\n<p>La Ferme aux 5 Saisons, rue des Moliers \u00e0 Flamanville. Ouverte du 1er\u00a0avril au 31\u00a0octobre 2025 tous les jours du 10\u2009h \u00e0 12\u2009h\u200930 et de 14\u2009h \u00e0 17\u2009h. Tarifs\u2009: 13\u00a0euros, 9\u00a0euros (-12\u00a0ans), 5\u00a0euros (- 5\u00a0ans).Activit\u00e9s et visites uniquement disponibles sur r\u00e9servation par t\u00e9l\u00e9phone\u2009: 06\u200968\u200900\u200939\u200980<\/p>\n<p class=\" wall-content\">Suivez toute l\u2019actualit\u00e9 de vos villes et m\u00e9dias favoris en vous inscrivant \u00e0 <a href=\"https:\/\/moncompte.actu.fr\" title=\"D\u00e9couvez Mon Actu\" rel=\"nofollow noopener\" data-trk=\"{&quot;cta&quot;:{&quot;action&quot;:&quot;https:\\\/\\\/moncompte.actu.fr&quot;,&quot;category&quot;:&quot;mon compte&quot;,&quot;from&quot;:&quot;article footer&quot;,&quot;name&quot;:&quot;Mon actu&quot;,&quot;type&quot;:&quot;cta&quot;}}\" target=\"_blank\">Mon Actu<\/a>.<\/p>\n","protected":false},"excerpt":{"rendered":"Par R\u00e9daction La Presse de la Manche Publi\u00e9 le 21 juil. 2025 \u00e0 9h21 Au c\u0153ur de la&hellip;\n","protected":false},"author":2,"featured_media":266482,"comment_status":"","ping_status":"","sticky":false,"template":"","format":"standard","meta":{"footnotes":""},"categories":[1418],"tags":[7552,3168,1011,27,1472,1652,60,3176],"class_list":{"0":"post-266481","1":"post","2":"type-post","3":"status-publish","4":"format-standard","5":"has-post-thumbnail","7":"category-golf","8":"tag-balade","9":"tag-cotentin","10":"tag-fr","11":"tag-france","12":"tag-golf","13":"tag-loisirs-culture","14":"tag-sports","15":"tag-vacances-scolaires"},"share_on_mastodon":{"url":"https:\/\/pubeurope.com\/@fr\/114898883270454506","error":""},"_links":{"self":[{"href":"https:\/\/www.europesays.com\/fr\/wp-json\/wp\/v2\/posts\/266481","targetHints":{"allow":["GET"]}}],"collection":[{"href":"https:\/\/www.europesays.com\/fr\/wp-json\/wp\/v2\/posts"}],"about":[{"href":"https:\/\/www.europesays.com\/fr\/wp-json\/wp\/v2\/types\/post"}],"author":[{"embeddable":true,"href":"https:\/\/www.europesays.com\/fr\/wp-json\/wp\/v2\/users\/2"}],"replies":[{"embeddable":true,"href":"https:\/\/www.europesays.com\/fr\/wp-json\/wp\/v2\/comments?post=266481"}],"version-history":[{"count":0,"href":"https:\/\/www.europesays.com\/fr\/wp-json\/wp\/v2\/posts\/266481\/revisions"}],"wp:featuredmedia":[{"embeddable":true,"href":"https:\/\/www.europesays.com\/fr\/wp-json\/wp\/v2\/media\/266482"}],"wp:attachment":[{"href":"https:\/\/www.europesays.com\/fr\/wp-json\/wp\/v2\/media?parent=266481"}],"wp:term":[{"taxonomy":"category","embeddable":true,"href":"https:\/\/www.europesays.com\/fr\/wp-json\/wp\/v2\/categories?post=266481"},{"taxonomy":"post_tag","embeddable":true,"href":"https:\/\/www.europesays.com\/fr\/wp-json\/wp\/v2\/tags?post=266481"}],"curies":[{"name":"wp","href":"https:\/\/api.w.org\/{rel}","templated":true}]}}