{"id":266483,"date":"2025-07-22T20:57:11","date_gmt":"2025-07-22T20:57:11","guid":{"rendered":"https:\/\/www.europesays.com\/fr\/266483\/"},"modified":"2025-07-22T20:57:11","modified_gmt":"2025-07-22T20:57:11","slug":"quebec-investit-jusqua-145-millions-dans-groupe-ocean","status":"publish","type":"post","link":"https:\/\/www.europesays.com\/fr\/266483\/","title":{"rendered":"Qu\u00e9bec investit jusqu\u2019\u00e0 145 millions dans Groupe Oc\u00e9an"},"content":{"rendered":"<p class=\"article-bodystyled__StyledText-sc-19uhgql-0 bGeyRM body-paragraph\">Le fondateur de l\u2019entreprise qui fournit divers services pour l\u2019industrie maritime au Qu\u00e9bec, Gordon Bain, a entam\u00e9 un processus repreneurial avec la haute direction dirig\u00e9e par le pr\u00e9sident et chef de la direction de Groupe Oc\u00e9an, Jacques Tanguay.<\/p>\n<p class=\"article-bodystyled__StyledText-sc-19uhgql-0 bGeyRM body-paragraph\">\u00abLa majorit\u00e9 des actions sont entre les mains d\u2019un groupe compos\u00e9 de coll\u00e8gues de travail, de notre \u00e9quipe de direction et de moi-m\u00eame\u00bb, a lanc\u00e9 M. Tanguay en conf\u00e9rence de presse mardi. \u00abC\u2019est un geste fort, un geste de foi envers les autres, un geste d\u2019alignement profond. C\u2019est ce qu\u2019on appelle le management by heart.\u00bb<\/p>\n<p class=\"article-bodystyled__StyledText-sc-19uhgql-0 bGeyRM body-paragraph\">Les nouveaux actionnaires sont Daniel Arsenault, vice-pr\u00e9sident ex\u00e9cutif \u00e0 la construction et r\u00e9paration navales; Jean-Philippe Brunet, vice-pr\u00e9sident ex\u00e9cutif aux affaires corporatives et partenariats; Jean-Fran\u00e7ois Dion, vice-pr\u00e9sident ex\u00e9cutif \u00e0 l\u2019exploitation, \u00e0 la navigation et aux travaux maritimes; ainsi que Carole Goudreault, vice-pr\u00e9sidente ex\u00e9cutive aux talents et \u00e0 la culture.<\/p>\n<p class=\"article-bodystyled__StyledText-sc-19uhgql-0 bGeyRM body-paragraph\">Toutefois, Qu\u00e9bec devient aussi actionnaire de l\u2019entreprise en acqu\u00e9rant 75 millions de dollars en actions privil\u00e9gi\u00e9es. Groupe Oc\u00e9an tient \u00e0 souligner que M. Bain et les membres de la haute direction conserveront le contr\u00f4le de la soci\u00e9t\u00e9.<\/p>\n<p class=\"article-bodystyled__StyledText-sc-19uhgql-0 bGeyRM body-paragraph\">D\u2019ailleurs, l\u2019investissement public remplace celui que le Fonds de solidarit\u00e9 FTQ avait fait par le pass\u00e9. M. Tanguay qualifie ce mouvement de transfert de financement. <\/p>\n<p class=\"article-bodystyled__StyledText-sc-19uhgql-0 bGeyRM body-paragraph\">\u00abLa FTQ, ils \u00e9taient l\u00e0 sur un cycle. Il faut penser que ces fonds-l\u00e0 sont l\u00e0 pour accompagner les compagnies\u00bb, a-t-il expliqu\u00e9 en m\u00eal\u00e9e de presse. \u00abOn les remercie. Ils nous ont accompagn\u00e9s pendant un bon bout de temps.\u00bb<\/p>\n<blockquote class=\"pullquote\" cite=\"Jacques Tanguay, pr&#xE9;sident et chef de la direction de Groupe Oc&#xE9;an\">\n<p class=\"secondary-font__SecondaryFontStyles-sc-jft5zj-0 kJOXaj\">\u00abLeur choix [au Fonds FTQ], \u00e7a a \u00e9t\u00e9 de retirer leurs billes, parce qu\u2019ils ont besoin de rendement. Puis, nous, on a eu une croissance entre 2018 et maintenant.\u00bb<\/p>\n<p>\u2014 \u00a0Jacques Tanguay, pr\u00e9sident et chef de la direction de Groupe Oc\u00e9an<\/p><\/blockquote>\n<p class=\"article-bodystyled__StyledText-sc-19uhgql-0 bGeyRM body-paragraph\">Ce changement dans l\u2019actionnariat fera en sorte que l\u2019entreprise demeure 100 % qu\u00e9b\u00e9coise. Il \u00e9tait important pour M. Tanguay et le Groupe Oc\u00e9an de pr\u00e9server ceci.<\/p>\n<p class=\"article-bodystyled__StyledText-sc-19uhgql-0 bGeyRM body-paragraph\">\u00ab\u00c9coutez, on se fait solliciter tous les mois par des fonds en \u00e9quit\u00e9, par des joueurs strat\u00e9giques qui ont un int\u00e9r\u00eat\u00bb, r\u00e9pond M. Tanguay \u00e0 la question d\u2019un journaliste.<\/p>\n<p class=\"article-bodystyled__StyledText-sc-19uhgql-0 bGeyRM body-paragraph\">\u00abPour nous, il faut revenir au fondamental. Ce sont nos valeurs, c\u2019\u00e9taient nos crit\u00e8res. Pour Gordon et moi, c\u2019\u00e9tait tr\u00e8s important de garder cette compagnie-l\u00e0 qu\u00e9b\u00e9coise\u00bb, ajoute-t-il. \u00ab\u00c0 la blague, je disais, on s\u2019attache \u00e0 ces bibites-l\u00e0. C\u2019est une business qu\u2019on a b\u00e2tie \u00e0 travers les ann\u00e9es. Puis, on ne d\u00e9sirait pas la laisser aller dans les mains \u00e9trang\u00e8res.\u00bb<\/p>\n<p class=\"article-bodystyled__StyledText-sc-19uhgql-0 bGeyRM body-paragraph\">Il n\u2019a pas \u00e9t\u00e9 possible de conna\u00eetre \u00e0 quel pourcentage de l\u2019actionnariat s\u2019\u00e9l\u00e8ve la part du gouvernement du Qu\u00e9bec ainsi que des autres d\u00e9tenteurs de parts. Groupe Oc\u00e9an ne souhaite pas quantifier le pourcentage d\u00e9tenu par les partenaires, puisqu\u2019il s\u2019agit d\u2019informations de nature confidentielle, rappelle-t-on.<\/p>\n<p><img decoding=\"async\" data-chromatic=\"ignore\" alt=\"Pr&#xE9;sents lors de l'annonce de la nouvelle structure de l'actionnariat de Groupe Oc&#xE9;an: Bicha&#xA0;Ngo, pr&#xE9;sidente-directrice g&#xE9;n&#xE9;rale d&#x2019;Investissement&#xA0;Qu&#xE9;bec; Gordon Bain, fondateur et administrateur de Groupe Oc&#xE9;an; Kim&#xA0;Thomassin, premi&#xE8;re vice-pr&#xE9;sidente et cheffe &#x2013; Qu&#xE9;bec de La&#xA0;Caisse et Jacques Tanguay, pr&#xE9;sident et chef de la direction du Groupe&#xA0;Oc&#xE9;an.\" class=\"c-image\" loading=\"lazy\" src=\"https:\/\/www.europesays.com\/fr\/wp-content\/uploads\/2025\/07\/RHX2M423BZACRP5UAXZDQY5XRQ.jpg\"  width=\"1200\" height=\"836\"\/><\/p>\n<p class=\"image-metadata__MetadataParagraph-sc-1gfk7p2-0 cAaLKg image-metadata\">Pr\u00e9sents lors de l&rsquo;annonce de la nouvelle structure de l&rsquo;actionnariat de Groupe Oc\u00e9an: Bicha\u00a0Ngo, pr\u00e9sidente-directrice g\u00e9n\u00e9rale d\u2019Investissement\u00a0Qu\u00e9bec; Gordon Bain, fondateur et administrateur de Groupe Oc\u00e9an; Kim\u00a0Thomassin, premi\u00e8re vice-pr\u00e9sidente et cheffe \u2013 Qu\u00e9bec de La\u00a0Caisse et Jacques Tanguay, pr\u00e9sident et chef de la direction du Groupe\u00a0Oc\u00e9an. (Erick Labb\u00e9\/Groupe Oc\u00e9an)<\/p>\n<p>Autres contributions<\/p>\n<p class=\"article-bodystyled__StyledText-sc-19uhgql-0 bGeyRM body-paragraph\">Une contribution de 34 millions provenant du Fonds pour la croissance des entreprises qu\u00e9b\u00e9coises, administr\u00e9 par Investissement Qu\u00e9bec (IQ), s\u2019ajoute \u00e0 l\u2019actionnariat. IQ en remet \u00e0 partir de ses fonds propres \u00e0 la hauteur de 36 millions.<\/p>\n<p class=\"article-bodystyled__StyledText-sc-19uhgql-0 bGeyRM body-paragraph\">\u00abCe soutien permettra de favoriser la croissance et la p\u00e9rennit\u00e9 de cette entreprise majeure du secteur maritime ainsi que de maintenir son si\u00e8ge social et des emplois bien r\u00e9mun\u00e9r\u00e9s au Qu\u00e9bec\u00bb, \u00e9crit la ministre de l\u2019\u00c9conomie, de l\u2019Innovation et de l\u2019\u00c9nergie, Christine Fr\u00e9chette, dans son communiqu\u00e9.<\/p>\n<p class=\"article-bodystyled__StyledText-sc-19uhgql-0 bGeyRM body-paragraph\">Cet appui suppl\u00e9mentaire permettrait au Groupe Oc\u00e9an de participer davantage \u00e0 la strat\u00e9gie maritime du Qu\u00e9bec en investissant dans ses chantiers maritimes, de Qu\u00e9bec et de L\u2019Isle-aux-Coudres.<\/p>\n<p class=\"article-bodystyled__StyledText-sc-19uhgql-0 bGeyRM body-paragraph\">Ce coup de pouce arrive \u00e0 point nomm\u00e9 pour le Groupe Oc\u00e9an. Celui-ci souhaite d\u2019ailleurs d\u00e9crocher une partie des contrats qui pourraient \u00eatre attribu\u00e9s dans la foul\u00e9e de la Strat\u00e9gie nationale de construction navale (SNCN). Ceux qui ne pourraient pas \u00eatre accord\u00e9s aux plus gros chantiers, comme celui de la Davie, en raison de leur disponibilit\u00e9 ou de la taille des navires \u00e0 construire.<\/p>\n<p class=\"article-bodystyled__StyledText-sc-19uhgql-0 bGeyRM body-paragraph\">\u00abLa SNCN, il y a deux piliers l\u00e0-dedans. Il y a le pilier pour les grands navires de 1000 tonneaux et plus, et l\u2019autre pour les petits navires\u00bb, affirme M. Tanguay. <\/p>\n<p class=\"article-bodystyled__StyledText-sc-19uhgql-0 bGeyRM body-paragraph\">\u00abNous, au Canada, on est le plus grand des petits chantiers, je vous dirais. Et \u00e7a fait longtemps qu\u2019on s\u2019y pr\u00e9pare\u00bb, rench\u00e9rit-il. \u00abOn est d\u00e9j\u00e0 dedans, on a d\u00e9j\u00e0 des contrats avec la Marine canadienne. On construit quatre grands remorqueurs.\u00bb<\/p>\n<blockquote class=\"blockquote\" cite=\"\">\n<p class=\"secondary-font__SecondaryFontStyles-sc-jft5zj-0 kJOXaj\">D\u2019ailleurs en f\u00e9vrier 2024, Groupe Oc\u00e9an avait d\u00e9croch\u00e9 un contrat de 44 millions de dollars pour la mise \u00e0 niveau du brise-glace NGCC Griffon de la Garde c\u00f4ti\u00e8re canadienne (GCC). Apr\u00e8s avoir livr\u00e9 celle du NCGG Martha L. Black.<\/p>\n<\/blockquote>\n<p class=\"article-bodystyled__StyledText-sc-19uhgql-0 bGeyRM body-paragraph\">Et lors de cette pr\u00e9c\u00e9dente annonce, l\u2019entreprise proc\u00e9dait \u00e0 de l\u2019entretien sur des navires de 48 pieds de recherche et sauvetage pour la GCC, dont le NGCC Cap de Rabast qui \u00e9tait dans ses ateliers. Il s\u2019agissait du troisi\u00e8me bateau sur un autre contrat d\u2019entretien totalisant six navires.<\/p>\n<p>Possibles contrats militaires<\/p>\n<p class=\"article-bodystyled__StyledText-sc-19uhgql-0 bGeyRM body-paragraph\">La perspective que certaines activit\u00e9s de Groupe Oc\u00e9an soient li\u00e9es \u00e0 des contrats avec la D\u00e9fense nationale ne les d\u00e9range pas outre mesure IQ ou La Caisse (anciennement la Caisse de d\u00e9p\u00f4t et placement du Qu\u00e9bec).<\/p>\n<p class=\"article-bodystyled__StyledText-sc-19uhgql-0 bGeyRM body-paragraph\">\u00abChez IQ, on a \u00e9largi notre politique pour pouvoir investir davantage dans des projets au niveau de la d\u00e9fense\u00bb, a r\u00e9agi en point de presse Bicha Ngo, PDG d\u2019IQ. \u00abMais le projet de Groupe Oc\u00e9an dont on parle aujourd\u2019hui, ce n\u2019est pas directement li\u00e9 \u00e0 notre strat\u00e9gie dans la d\u00e9fense.\u00bb<\/p>\n<p class=\"article-bodystyled__StyledText-sc-19uhgql-0 bGeyRM body-paragraph\">Pour La Caisse, \u00abla d\u00e9fense est une composante\u00bb, se d\u00e9fend Kim Thomassin, premi\u00e8re vice-pr\u00e9sidente \u00e0 La Caisse.<\/p>\n<blockquote class=\"pullquote\" cite=\"Kim Thomassin, premi&#xE8;re vice-pr&#xE9;sidente &#xE0; La Caisse\">\n<p class=\"secondary-font__SecondaryFontStyles-sc-jft5zj-0 kJOXaj\">\u00abPour Groupe Oc\u00e9an, c\u2019est une des facettes. [\u2026] On a mentionn\u00e9 \u00e0 quel point Groupe Oc\u00e9an est pr\u00e9sent, que ce soit dans le dragage, que ce soit dans le remorquage, que ce soit dans la location, la construction navale. C\u2019est large comme niveau d\u2019activit\u00e9.\u00bb<\/p>\n<p>\u2014 \u00a0Kim Thomassin, premi\u00e8re vice-pr\u00e9sidente \u00e0 La Caisse<\/p><\/blockquote>\n<p class=\"article-bodystyled__StyledText-sc-19uhgql-0 bGeyRM body-paragraph\">\u00abOn regarde quelles peuvent \u00eatre les opportunit\u00e9s pour La Caisse de soutenir les entreprises qu\u00e9b\u00e9coises qui \u0153uvrent dans ce domaine-l\u00e0. Ce n\u2019est pas uniquement la d\u00e9fense, \u00e7a peut \u00eatre l\u2019\u00e9conomie, tout cela\u00bb, ajoute-t-elle sans en dire davantage.<\/p>\n<p class=\"article-bodystyled__StyledText-sc-19uhgql-0 bGeyRM body-paragraph\">Rappelons que le gouvernement f\u00e9d\u00e9ral de Mark Carney avait annonc\u00e9 qu\u2019il souhaite hausser le budget de la d\u00e9fense jusqu\u2019\u00e0 2 % du produit int\u00e9rieur brut d\u00e8s cette ann\u00e9e.<\/p>\n<p class=\"article-bodystyled__StyledText-sc-19uhgql-0 bGeyRM body-paragraph\">Au Qu\u00e9bec, Groupe Oc\u00e9an exploite des installations au Port de Qu\u00e9bec, aux M\u00e9chins et \u00e0 L\u2019Isle-aux-Coudres. La compagnie maritime qu\u00e9b\u00e9coise est \u00e9galement active en Ontario, en Colombie-Britannique et dans les Cara\u00efbes.<\/p>\n","protected":false},"excerpt":{"rendered":"Le fondateur de l\u2019entreprise qui fournit divers services pour l\u2019industrie maritime au Qu\u00e9bec, Gordon Bain, a entam\u00e9 un&hellip;\n","protected":false},"author":2,"featured_media":266484,"comment_status":"","ping_status":"","sticky":false,"template":"","format":"standard","meta":{"footnotes":""},"categories":[1416],"tags":[1011,27,479,1468,60],"class_list":{"0":"post-266483","1":"post","2":"type-post","3":"status-publish","4":"format-standard","5":"has-post-thumbnail","7":"category-rugby","8":"tag-fr","9":"tag-france","10":"tag-rugby","11":"tag-rugby-football","12":"tag-sports"},"share_on_mastodon":{"url":"https:\/\/pubeurope.com\/@fr\/114898891169396465","error":""},"_links":{"self":[{"href":"https:\/\/www.europesays.com\/fr\/wp-json\/wp\/v2\/posts\/266483","targetHints":{"allow":["GET"]}}],"collection":[{"href":"https:\/\/www.europesays.com\/fr\/wp-json\/wp\/v2\/posts"}],"about":[{"href":"https:\/\/www.europesays.com\/fr\/wp-json\/wp\/v2\/types\/post"}],"author":[{"embeddable":true,"href":"https:\/\/www.europesays.com\/fr\/wp-json\/wp\/v2\/users\/2"}],"replies":[{"embeddable":true,"href":"https:\/\/www.europesays.com\/fr\/wp-json\/wp\/v2\/comments?post=266483"}],"version-history":[{"count":0,"href":"https:\/\/www.europesays.com\/fr\/wp-json\/wp\/v2\/posts\/266483\/revisions"}],"wp:featuredmedia":[{"embeddable":true,"href":"https:\/\/www.europesays.com\/fr\/wp-json\/wp\/v2\/media\/266484"}],"wp:attachment":[{"href":"https:\/\/www.europesays.com\/fr\/wp-json\/wp\/v2\/media?parent=266483"}],"wp:term":[{"taxonomy":"category","embeddable":true,"href":"https:\/\/www.europesays.com\/fr\/wp-json\/wp\/v2\/categories?post=266483"},{"taxonomy":"post_tag","embeddable":true,"href":"https:\/\/www.europesays.com\/fr\/wp-json\/wp\/v2\/tags?post=266483"}],"curies":[{"name":"wp","href":"https:\/\/api.w.org\/{rel}","templated":true}]}}