{"id":266491,"date":"2025-07-22T21:02:09","date_gmt":"2025-07-22T21:02:09","guid":{"rendered":"https:\/\/www.europesays.com\/fr\/266491\/"},"modified":"2025-07-22T21:02:09","modified_gmt":"2025-07-22T21:02:09","slug":"tdf-tour-de-france-luci-epingle-johan-bruyneel-et-demande-des-comptes-a-aso","status":"publish","type":"post","link":"https:\/\/www.europesays.com\/fr\/266491\/","title":{"rendered":"TDF. Tour de France &#8211; L&rsquo;UCI \u00e9pingle Johan Bruyneel&#8230; et demande des comptes \u00e0 ASO"},"content":{"rendered":"<p>En marge de la 16e \u00e9tape du <strong>Tour de France<\/strong>, remport\u00e9e au sommet du Mont Ventoux par <strong><a href=\"https:\/\/www.cyclismactu.net\/..\/news-tdf-route-tour-de-france-valentin-paret-peintre-16e-etape-ventoux-pogacar-solide-89135.html\" target=\"_blank\" rel=\"nofollow noopener\">Valentin Paret-Peintre<\/a><\/strong> ce mardi 22 juillet pour la premi\u00e8re victoire fran\u00e7aise du <strong>Tour<\/strong>, l&rsquo;Union Cycliste Internationale (<strong>UCI<\/strong>) a publi\u00e9 un communiqu\u00e9 \u00e9tonnant peu apr\u00e8s l&rsquo;arriv\u00e9e. Dans cette d\u00e9claration, l&rsquo;instance internationale indique avoir\u00a0pris connaissance de la pr\u00e9sence de <strong>Johan Bruyneel<\/strong> dans le village de d\u00e9part du <strong>Tour de France<\/strong> le 17 juillet 2025, soit \u00e0 Auch avant la 12e \u00e9tape. L&rsquo;ancien coureur et directeur d&rsquo;\u00e9quipe, suspendu \u00e0 vie en 2018\u00a0par le Tribunal Arbitral du Sport (<strong>TAS<\/strong>)\u00a0pour infraction au r\u00e8glement antidopage (lorsqu&rsquo;il exer\u00e7ait au sein de des \u00e9quipes US Postal Services et Discovery Channel),\u00a0\u00e9tait l&rsquo;invit\u00e9 de l&rsquo;\u00e9mission cycliste Vive le V\u00e9lo,\u00a0une \u00e9mission de la t\u00e9l\u00e9vision publique belge\u00a0VRT1. Sauf que l&rsquo;ancien manager belge n&rsquo;\u00e9tait\u00a0\u00ab\u00a0pas autoris\u00e9 ni \u00e0 \u00eatre pr\u00e9sent au village de d\u00e9part, ni dans l&rsquo;espace des \u00e9quipes du Tour de France\u00a0\u00bb\u00a0selon l&rsquo;UCI, ce qui a visiblement fortement d\u00e9plu \u00e0 cette derni\u00e8re&#8230;<\/p>\n<p>Vid\u00e9o &#8211; Virenque a couru contre Johan Bruyneel \u00e0 l&rsquo;\u00e9poque Lire la suite de l&rsquo;article&#13;<\/p>\n<p>\u00a0<\/p>\n<p>&#13;<br \/>\nL&rsquo;UCI a contact\u00e9 ASO et va demander des explications&#13;<\/p>\n<p>Une pr\u00e9sence sur la Grande Boucle dont\u00a0<strong>Johan Bruyneel<\/strong> ne s&rsquo;est pas vraiment cach\u00e9 ces derniers jours, au contraire, le Belge de 60 ans s&rsquo;affichant m\u00eame de mani\u00e8re un peu provocatrice en photo sur les r\u00e9seaux sociaux, posant fi\u00e8rement et avec un large sourire devant le palmar\u00e8s du <strong>Tour de France<\/strong> en pointant du doigt le nom de&#8230; <strong>Lance Armstrong<\/strong>.\u00a0Le tout avec une accr\u00e9ditation officielle autour du cou.<\/p>\n<p>&#13;<\/p>\n<p>L&rsquo;UCI a donc logiquement exprimer son \u00e9tonnement, et va lancer une enqu\u00eate pour tenter de comprendre comment\u00a0<strong>Bruyneel<\/strong> a pu recevoir une telle\u00a0accr\u00e9ditation, pointant tr\u00e8s clairement du doigt celui dont rel\u00e8ve cette responsabilit\u00e9 :\u00a0l&rsquo;organisateur de la course\u00a0Amaury Sport Organisation (<strong>ASO<\/strong>). \u00ab\u00a0L&rsquo;UCI confirme avoir contact\u00e9 ASO afin de clarifier si M. Bruyneel s&rsquo;\u00e9tait vu accorder une accr\u00e9ditation officielle, de comprendre comment cela a pu se produire et de s&rsquo;assurer qu&rsquo;aucune autre accr\u00e9ditation ne lui sera plus d\u00e9livr\u00e9e.\u00a0L&rsquo;UCI souligne qu&rsquo;elle suit cette affaire de pr\u00e8s et prendra toutes les mesures appropri\u00e9es\u00a0\u00bb, a-t-elle conclu dans son communiqu\u00e9. Une ligne de plus dans la longue liste des querelles entre\u00a0<strong>Johan Bruyneel <\/strong>et l&rsquo;<strong>UCI<\/strong>, l&rsquo;ancien coureur ne perdant\u00a0jamais une occasion de tacler l&rsquo;<strong>UCI <\/strong>et son pr\u00e9sident<strong> David Lappartient<\/strong>.<\/p>\n<p>&#13;<\/p>\n<p>\u00a0<\/p>\n<p>&#13;<br \/>\nLe communiqu\u00e9 complet de l&rsquo;UCI&#13;<\/p>\n<p>L&rsquo;Union Cycliste Internationale (UCI) a pris connaissance de la pr\u00e9sence de M. Johan Bruyneel dans le village de d\u00e9part du Tour de France le 17 juillet 2025 en lien avec sa participation \u00e0 Vive le v\u00e9lo, une \u00e9mission de la t\u00e9l\u00e9vision publique belge de langue n\u00e9erlandaise VRT1.<\/p>\n<p>&#13;<\/p>\n<p>Le 25 octobre 2018, M. Bruyneel a \u00e9t\u00e9 sanctionn\u00e9 par le Tribunal Arbitral du Sport (TAS) d&rsquo;une suspension \u00e0 vie pour violation des r\u00e8gles antidopage lorsqu&rsquo;il exer\u00e7ait au sein de l&rsquo;US Postal Services Pro Cycling Team et de l&rsquo;\u00e9quipe Discovery Channel.<\/p>\n<p>&#13;<\/p>\n<p>Conform\u00e9ment \u00e0 l&rsquo;article 10.14 du Code mondial antidopage et aux R\u00e8gles Antidopage de l&rsquo;UCI, M. Bruyneel est interdit \u00e0 vie d&rsquo;exercer toute activit\u00e9 li\u00e9e au cyclisme. S&rsquo;il est libre d&rsquo;assister \u00e0 un \u00e9v\u00e9nement cycliste enregistr\u00e9 au Calendrier International UCI tel que le Tour de France, comme tout autre spectateur, il ne peut en revanche ni participer \u00e0 l&rsquo;\u00e9preuve, dans quelque fonction ou en quelque qualit\u00e9 que ce soit, ni acc\u00e9der aux zones non accessibles au public. Cela inclut, notamment, l&rsquo;acc\u00e8s aux zones du Tour de France n\u00e9cessitant une accr\u00e9ditation.<\/p>\n<p>&#13;<\/p>\n<p>\u00c9tant suspendu \u00e0 vie, M. Bruyneel n&rsquo;\u00e9tait donc pas autoris\u00e9 ni \u00e0 \u00eatre pr\u00e9sent au village de d\u00e9part, ni dans l&rsquo;espace des \u00e9quipes du Tour de France.<\/p>\n<p>&#13;<\/p>\n<p>L&rsquo;UCI tient \u00e0 ajouter que le processus d&rsquo;accr\u00e9ditation sur le Tour de France ne rel\u00e8ve pas de sa responsabilit\u00e9, mais de celle d&rsquo;Amaury Sport Organisation (ASO), l&rsquo;organisateur de la course. L&rsquo;UCI confirme avoir contact\u00e9 ASO afin de clarifier si M. Bruyneel s&rsquo;\u00e9tait vu accorder une accr\u00e9ditation officielle, de comprendre comment cela a pu se produire et de s&rsquo;assurer qu&rsquo;aucune autre accr\u00e9ditation ne lui sera plus d\u00e9livr\u00e9e.<\/p>\n<p>&#13;<\/p>\n<p>L&rsquo;UCI souligne qu&rsquo;elle suit cette affaire de pr\u00e8s et prendra toutes les mesures appropri\u00e9es. Aucun autre commentaire ne sera fait \u00e0 ce sujet.<\/p>\n","protected":false},"excerpt":{"rendered":"En marge de la 16e \u00e9tape du Tour de France, remport\u00e9e au sommet du Mont Ventoux par Valentin&hellip;\n","protected":false},"author":2,"featured_media":266492,"comment_status":"","ping_status":"","sticky":false,"template":"","format":"standard","meta":{"footnotes":""},"categories":[1411],"tags":[1154,207,211,1011,27,209,60,210,212,208,213],"class_list":{"0":"post-266491","1":"post","2":"type-post","3":"status-publish","4":"format-standard","5":"has-post-thumbnail","7":"category-cyclisme","8":"tag-cycling","9":"tag-cyclisme","10":"tag-ffc","11":"tag-fr","12":"tag-france","13":"tag-route","14":"tag-sports","15":"tag-tour-de-france","16":"tag-uci","17":"tag-velo","18":"tag-world-tour"},"share_on_mastodon":{"url":"https:\/\/pubeurope.com\/@fr\/114898911303232805","error":""},"_links":{"self":[{"href":"https:\/\/www.europesays.com\/fr\/wp-json\/wp\/v2\/posts\/266491","targetHints":{"allow":["GET"]}}],"collection":[{"href":"https:\/\/www.europesays.com\/fr\/wp-json\/wp\/v2\/posts"}],"about":[{"href":"https:\/\/www.europesays.com\/fr\/wp-json\/wp\/v2\/types\/post"}],"author":[{"embeddable":true,"href":"https:\/\/www.europesays.com\/fr\/wp-json\/wp\/v2\/users\/2"}],"replies":[{"embeddable":true,"href":"https:\/\/www.europesays.com\/fr\/wp-json\/wp\/v2\/comments?post=266491"}],"version-history":[{"count":0,"href":"https:\/\/www.europesays.com\/fr\/wp-json\/wp\/v2\/posts\/266491\/revisions"}],"wp:featuredmedia":[{"embeddable":true,"href":"https:\/\/www.europesays.com\/fr\/wp-json\/wp\/v2\/media\/266492"}],"wp:attachment":[{"href":"https:\/\/www.europesays.com\/fr\/wp-json\/wp\/v2\/media?parent=266491"}],"wp:term":[{"taxonomy":"category","embeddable":true,"href":"https:\/\/www.europesays.com\/fr\/wp-json\/wp\/v2\/categories?post=266491"},{"taxonomy":"post_tag","embeddable":true,"href":"https:\/\/www.europesays.com\/fr\/wp-json\/wp\/v2\/tags?post=266491"}],"curies":[{"name":"wp","href":"https:\/\/api.w.org\/{rel}","templated":true}]}}