{"id":266493,"date":"2025-07-22T21:03:14","date_gmt":"2025-07-22T21:03:14","guid":{"rendered":"https:\/\/www.europesays.com\/fr\/266493\/"},"modified":"2025-07-22T21:03:14","modified_gmt":"2025-07-22T21:03:14","slug":"les-infos-du-jour-de-zerbi-lache-ses-verites-le-psg-va-frapper-fort-rennes-fruste-encore-le-fc-nantes","status":"publish","type":"post","link":"https:\/\/www.europesays.com\/fr\/266493\/","title":{"rendered":"Les infos du jour : De Zerbi l\u00e2che ses v\u00e9rit\u00e9s, le PSG va frapper fort, Rennes fruste encore le FC Nantes"},"content":{"rendered":"<p><strong>Si vous n\u2019avez pas eu le temps de suivre l\u2019actualit\u00e9 du jour, But! Football Club r\u00e9capitule pour vous les informations importantes de ce mardi 22 juillet 2025.<\/strong><\/p>\n<p>La grosse info : De Zerbi s\u2019est livr\u00e9 comme rarement<\/p>\n<p>Dans une longue interview \u00e0 L\u2019Equipe, l\u2019entra\u00eeneur de l\u2019OM, Roberto De Zerbi, a r\u00e9pondu \u00e0 toutes les questions, de Rongier \u00e0 Greenwood en passant par le PSG, ses ambitions et ses rapports avec la direction phoc\u00e9enne.<\/p>\n<p><a href=\"https:\/\/www.butfootballclub.fr\/ligue-1\/om\/om-de-zerbi-en-remet-une-couche-sur-le-classico-mais-flatte-luis-enrique-psg\/\" rel=\"noreferrer noopener nofollow\" target=\"_blank\">OM : De Zerbi en remet une couche sur le Classico mais flatte Luis Enrique (PSG)<\/a><\/p>\n<p><a href=\"https:\/\/www.butfootballclub.fr\/ligue-1\/om\/om-mercato-marseille-a-gagne-la-bataille-contre-le-fc-barcelone-pour-ce-petit-prodige\/\" rel=\"noreferrer noopener nofollow\" target=\"_blank\">OM Mercato\u00a0: Marseille a gagn\u00e9 la bataille contre le FC Barcelone pour ce petit prodige\u00a0!<\/a><\/p>\n<p><a href=\"https:\/\/www.butfootballclub.fr\/ligue-1\/om\/om-mercato-rebondissements-de-taille-pour-paixao-weah-et-laporte\/\" rel=\"noreferrer noopener nofollow\" target=\"_blank\">OM Mercato\u00a0: rebondissements de taille pour Paixao, Weah et Laporte\u00a0!\u00a0<\/a><\/p>\n<p><a href=\"https:\/\/www.butfootballclub.fr\/ligue-1\/om\/om-mercato-marseille-a-fait-signer-un-crack-pousse-dehors-par-le-psg\/\" rel=\"noreferrer noopener nofollow\" target=\"_blank\">OM Mercato\u00a0: Marseille a fait signer un crack pouss\u00e9 dehors par le PSG\u00a0!\u00a0<\/a><\/p>\n<p><a href=\"https:\/\/www.butfootballclub.fr\/ligue-1\/om\/om-greenwood-choque-deja-de-zerbi-le-prochain-depart-au-mercatoest-connu\/\" rel=\"noreferrer noopener nofollow\" target=\"_blank\">OM : Greenwood choque d\u00e9j\u00e0 De Zerbi, le prochain d\u00e9part au Mercato est connu\u00a0<\/a><\/p>\n<p><a href=\"https:\/\/www.butfootballclub.fr\/ligue-1\/om\/om-mercato-aubameyang-ne-signera-finalement-pas-aujourdhui\/\" rel=\"noreferrer noopener nofollow\" target=\"_blank\">OM Mercato : Aubameyang ne signera finalement pas aujourd\u2019hui !<\/a><\/p>\n<p><a href=\"https:\/\/www.butfootballclub.fr\/ligue-1\/om\/om-mercato-un-2e-club-anglais-a-laffut-pour-paixao\/\" rel=\"noreferrer noopener nofollow\" target=\"_blank\">OM Mercato : un 2e club anglais \u00e0 l\u2019aff\u00fbt pour Paixao<\/a><\/p>\n<p><a href=\"https:\/\/www.butfootballclub.fr\/ligue-1\/om\/om-mercato-la-juve-va-recruter-le-remplacant-de-weah-lagent-de-kone-fait-une-annonce\/\" rel=\"noreferrer noopener nofollow\" target=\"_blank\">OM Mercato : la Juve va recruter le rempla\u00e7ant de Weah, l\u2019agent de Kon\u00e9 fait une annonce<\/a><\/p>\n<p>Mais aussi\u2026<\/p>\n<p>L\u2019ASSE a soumis une offre de derni\u00e8re minute \u00e0 Ajaccio pour son lat\u00e9ral gauche mais celui-ci s\u2019\u00e9tait d\u00e9j\u00e0 mis d\u2019accord avec Lorient\u2026<\/p>\n<p><a href=\"https:\/\/www.butfootballclub.fr\/ligue-2\/asse\/asse-mercato-le-transfert-de-rongier-de-lom-a-rennes-a-deterre-un-dossier-explosif-chez-les-verts\/\" rel=\"noreferrer noopener nofollow\" target=\"_blank\">ASSE Mercato\u00a0: le transfert de Rongier de l\u2019OM \u00e0 Rennes a d\u00e9terr\u00e9 un dossier explosif chez les Verts\u00a0<\/a><\/p>\n<p><a href=\"https:\/\/www.butfootballclub.fr\/ligue-2\/asse\/mercato-un-club-inattendu-veut-depouiller-lasse-et-frappe-aussi-a-la-porte-du-rc-lens\/\" rel=\"noreferrer noopener nofollow\" target=\"_blank\">Mercato : un club inattendu veut d\u00e9pouiller l\u2019ASSE et frappe aussi \u00e0 la porte du RC Lens !<\/a><\/p>\n<p><a href=\"https:\/\/www.butfootballclub.fr\/ligue-2\/asse\/asse-le-stage-des-verts-tourne-court-retour-durgence-a-saint-etienne\/\" rel=\"noreferrer noopener nofollow\" target=\"_blank\">ASSE\u00a0: le stage des Verts tourne court, retour d\u2019urgence \u00e0 Saint-Etienne !\u00a0<\/a><\/p>\n<p><a href=\"https:\/\/www.butfootballclub.fr\/ligue-2\/asse\/asse-mercato-un-vert-absent-a-lentrainement-depart-imminent-en-vue\/\" rel=\"noreferrer noopener nofollow\" target=\"_blank\">ASSE Mercato\u00a0: un Vert absent \u00e0 l\u2019entra\u00eenement, d\u00e9part imminent\u00a0en vue\u00a0?<\/a><\/p>\n<p><a href=\"https:\/\/www.butfootballclub.fr\/ligue-2\/asse\/asse-mercato-les-verts-ont-tente-de-court-circuiter-un-transfert-a-lorient\/\" rel=\"noreferrer noopener nofollow\" target=\"_blank\">ASSE Mercato : les Verts ont tent\u00e9 de court-circuiter un transfert \u00e0 Lorient<\/a><\/p>\n<p>Voici ce qu\u2019il fallait retenir de l\u2019actualit\u00e9 des clubs fran\u00e7ais moins m\u00e9diatis\u00e9s en ce mardi 22 juillet 2025.<\/p>\n<p><a href=\"https:\/\/www.butfootballclub.fr\/mercato\/revue-de-presse-paris-debarque-pour-frankowski-le-dossier-igamane-prend-feu\/\" rel=\"noreferrer noopener nofollow\" target=\"_blank\">Revue de presse : Paris d\u00e9barque pour Frankowski, le dossier Igamane prend feu !<\/a><\/p>\n<p>Le FCN va faire surveiller la Joneli\u00e8re pour le match amical contre Rennes samedi suite aux transferts de Rongier et Merlin chez les Rouge et Noir.<\/p>\n<p><a href=\"https:\/\/www.butfootballclub.fr\/ligue-1\/fc-nantes\/fc-nantes-mercato-une-nouvelle-recrue-a-signe-imbroglio-sur-son-transfert\/\" rel=\"noreferrer noopener nofollow\" target=\"_blank\">FC Nantes Mercato\u00a0: une nouvelle recrue a sign\u00e9, imbroglio sur son transfert\u00a0!\u00a0<\/a><\/p>\n<p><a href=\"https:\/\/www.butfootballclub.fr\/ligue-1\/fc-nantes\/fc-nantes-rongier-au-stade-rennais-pire-trahison-de-lhistoire-du-club\/\" rel=\"noreferrer noopener nofollow\" target=\"_blank\">FC Nantes Mercato : Rongier au Stade Rennais, pire trahison de l\u2019histoire du club ?<\/a><\/p>\n<p><a href=\"https:\/\/www.butfootballclub.fr\/ligue-1\/fc-nantes\/fc-nantes-securite-renforcee-pour-le-match-amical-contre-le-stade-rennais\/\" rel=\"noreferrer noopener nofollow\" target=\"_blank\">FC Nantes : s\u00e9curit\u00e9 renforc\u00e9e pour le match amical contre le Stade Rennais !<\/a><\/p>\n<p>L\u2019entra\u00eeneur belge a r\u00e9gl\u00e9 quelques comptes apr\u00e8s son d\u00e9part inattendu au bout d\u2019une seule saison chez les Sang et Or.<\/p>\n<p><a href=\"https:\/\/www.butfootballclub.fr\/ligue-1\/rc-lens\/rc-lens-will-still-vide-son-sac-apres-son-depart-rocambolesque\/\" rel=\"noreferrer noopener nofollow\" target=\"_blank\">RC Lens\u00a0: Will Still vide son sac apr\u00e8s son d\u00e9part rocambolesque\u00a0!\u00a0<\/a><\/p>\n<p>La direction parisienne a d\u00e9cid\u00e9 de beaucoup recruter cet \u00e9t\u00e9, histoire de doubler tous les postes.<\/p>\n<p><a href=\"https:\/\/www.butfootballclub.fr\/ligue-1\/psg\/psg-mercato-paris-fonce-sur-zabarnyi-al-khelaifi-passe-a-laction\/\" rel=\"noreferrer noopener nofollow\" target=\"_blank\">PSG Mercato : Paris fonce sur Zabarnyi, Al-Khela\u00effi passe \u00e0 l\u2019action !<\/a><\/p>\n<p><a href=\"https:\/\/www.butfootballclub.fr\/ligue-1\/psg\/psg-mercato-le-qatar-revoit-ses-plans-en-grand-la-piste-akliouche-relancee\/\" rel=\"noreferrer noopener nofollow\" target=\"_blank\">PSG Mercato : le Qatar revoit ses plans en grand, la piste Akliouche relanc\u00e9e !<\/a><\/p>\n<p>L\u2019Olympico aura les honneurs de la cha\u00eene de la Ligue, fin ao\u00fbt.<\/p>\n<p><a href=\"https:\/\/www.butfootballclub.fr\/ligue-1\/ligue-1-la-programmation-de-la-3e-journee-dont-ol-om-est-tombee\/\" rel=\"noreferrer noopener nofollow\" target=\"_blank\">Ligue 1 : la programmation de la 3e journ\u00e9e, dont OL \u2013 OM, est tomb\u00e9e<\/a><\/p>\n<p>Les Gones ont annonc\u00e9 l\u2019arriv\u00e9e de l\u2019ailier portugais Moreira.<\/p>\n<p><a href=\"https:\/\/www.butfootballclub.fr\/ligue-1\/ol\/ol-mercato-coup-dur-dans-le-dossier-lees-melou\/\" rel=\"noreferrer noopener nofollow\" target=\"_blank\">OL Mercato : coup dur dans le dossier Lees-Melou !<\/a><\/p>\n<p><a href=\"https:\/\/www.butfootballclub.fr\/ligue-1\/ol\/ol-mercato-les-gones-annoncent-une-recrue-crystal-palace-a-saisi-le-tas\/\" rel=\"noreferrer noopener nofollow\" target=\"_blank\">OL Mercato : les Gones annoncent une recrue, Crystal Palace a saisi le TAS !<\/a><\/p>\n<p>Vingt-quatre heures apr\u00e8s Rongier, les Rouge et Noir ont officialis\u00e9 l\u2019arriv\u00e9e de Quentin Merlin. <\/p>\n<p><a href=\"https:\/\/www.butfootballclub.fr\/ligue-1\/stade-rennais\/stade-rennais-mercato-rongier-a-recu-un-cadeau-special-fc-nantes-sa-reaction-est-hilarante\/\" rel=\"noreferrer noopener nofollow\" target=\"_blank\">Stade Rennais Mercato : Rongier a re\u00e7u un cadeau sp\u00e9cial FC Nantes, sa r\u00e9action est hilarante\u00a0! \u00a0<\/a><\/p>\n<p><a href=\"https:\/\/www.butfootballclub.fr\/ligue-1\/stade-rennais\/stade-rennais-mercato-cest-officiel-pour-quentin-merlin-om\/\" rel=\"noreferrer noopener nofollow\" target=\"_blank\">Stade Rennais Mercato : c\u2019est officiel pour Quentin Merlin (OM)<\/a><\/p>\n<p>Kylian Mbapp\u00e9 va changer de num\u00e9ro la saison prochaine, passant du 9 au 10.<\/p>\n<p><a href=\"https:\/\/www.butfootballclub.fr\/liga\/real-madrid\/real-madrid-mbappe-et-vinicius-ne-saiment-pas-cest-officiel\/\" rel=\"noreferrer noopener nofollow\" target=\"_blank\">Real Madrid\u00a0: Mbapp\u00e9 et Vinicius ne s\u2019aiment pas, c\u2019est officiel\u00a0<\/a><\/p>\n<p><a href=\"https:\/\/www.butfootballclub.fr\/liga\/real-madrid\/real-madrid-mbappe-fait-une-yamal-et-va-heriter-dun-numero-mythique\/\" rel=\"noreferrer noopener nofollow\" target=\"_blank\">Real Madrid : Mbapp\u00e9 fait une Yamal et va h\u00e9riter d\u2019un num\u00e9ro mythique !<\/a><\/p>\n<p><a href=\"https:\/\/www.butfootballclub.fr\/liga\/real-madrid\/real-madrid-mercato-rodri-in-rodrygo-out-ca-avance\/\" rel=\"noreferrer noopener nofollow\" target=\"_blank\">Real Madrid Mercato : Rodri in, Rodrygo out, \u00e7a avance !<\/a><\/p>\n<p>Les Unes de la presse sportive espagnole en ce mardi 22 juillet 2025.<\/p>\n<p><a href=\"https:\/\/www.butfootballclub.fr\/liga\/revue-de-presse-espagnole-une-galere-de-plus-pour-rashford-au-fc-barcelone\/\" rel=\"noreferrer noopener nofollow\" target=\"_blank\">Revue de presse espagnole\u00a0: une gal\u00e8re de plus pour Rashford au FC Barcelone\u00a0!\u00a0<\/a><\/p>\n<p>Marcus Rashford s\u2019est enfin engag\u00e9 avec les Blaugranas !<\/p>\n<p><a href=\"https:\/\/www.butfootballclub.fr\/liga\/fc-barcelone\/fc-barcelone-ballon-dor-heritier-de-maradona-et-messi-une-legende-voit-grand-pour-yamal\/\" rel=\"noreferrer noopener nofollow\" target=\"_blank\">FC Barcelone : Ballon d\u2019Or, h\u00e9ritier de Maradona et Messi\u2026 une l\u00e9gende voit grand pour Yamal<\/a><\/p>\n<p><a href=\"https:\/\/www.butfootballclub.fr\/liga\/fc-barcelone\/fc-barcelone-mercato-apres-rashford-flick-semballe-pour-un-nouveau-crack-en-defense\/\" rel=\"noreferrer noopener nofollow\" target=\"_blank\">FC Barcelone Mercato : apr\u00e8s Rashford, Flick s\u2019emballe pour un nouveau crack en d\u00e9fense !<\/a><\/p>\n<p><a href=\"https:\/\/www.butfootballclub.fr\/liga\/fc-barcelone\/fc-barcelone-mercato-cest-signe-pour-rashford\/\" rel=\"noreferrer noopener nofollow\" target=\"_blank\">FC Barcelone Mercato : c\u2019est sign\u00e9 pour Rashford !<\/a><\/p>\n<p><a href=\"https:\/\/www.butfootballclub.fr\/liga\/fc-barcelone\/fc-barcelone-mercato-une-nouvelle-signature-se-profile-la-polemique-arbitrale-deja-reglee\/\" rel=\"noreferrer noopener nofollow\" target=\"_blank\">FC Barcelone Mercato : une nouvelle signature se profile, la pol\u00e9mique arbitrale d\u00e9j\u00e0 r\u00e9gl\u00e9e<\/a><\/p>\n","protected":false},"excerpt":{"rendered":"Si vous n\u2019avez pas eu le temps de suivre l\u2019actualit\u00e9 du jour, But! Football Club r\u00e9capitule pour vous&hellip;\n","protected":false},"author":2,"featured_media":266494,"comment_status":"","ping_status":"","sticky":false,"template":"","format":"standard","meta":{"footnotes":""},"categories":[1410],"tags":[11,448,63,1011,27,66,3388,12,60,10662],"class_list":{"0":"post-266493","1":"post","2":"type-post","3":"status-publish","4":"format-standard","5":"has-post-thumbnail","7":"category-football","8":"tag-actualites","9":"tag-champions-league","10":"tag-football","11":"tag-fr","12":"tag-france","13":"tag-ligue-1","14":"tag-matchs","15":"tag-news","16":"tag-sports","17":"tag-transferts"},"share_on_mastodon":{"url":"https:\/\/pubeurope.com\/@fr\/114898914642355388","error":""},"_links":{"self":[{"href":"https:\/\/www.europesays.com\/fr\/wp-json\/wp\/v2\/posts\/266493","targetHints":{"allow":["GET"]}}],"collection":[{"href":"https:\/\/www.europesays.com\/fr\/wp-json\/wp\/v2\/posts"}],"about":[{"href":"https:\/\/www.europesays.com\/fr\/wp-json\/wp\/v2\/types\/post"}],"author":[{"embeddable":true,"href":"https:\/\/www.europesays.com\/fr\/wp-json\/wp\/v2\/users\/2"}],"replies":[{"embeddable":true,"href":"https:\/\/www.europesays.com\/fr\/wp-json\/wp\/v2\/comments?post=266493"}],"version-history":[{"count":0,"href":"https:\/\/www.europesays.com\/fr\/wp-json\/wp\/v2\/posts\/266493\/revisions"}],"wp:featuredmedia":[{"embeddable":true,"href":"https:\/\/www.europesays.com\/fr\/wp-json\/wp\/v2\/media\/266494"}],"wp:attachment":[{"href":"https:\/\/www.europesays.com\/fr\/wp-json\/wp\/v2\/media?parent=266493"}],"wp:term":[{"taxonomy":"category","embeddable":true,"href":"https:\/\/www.europesays.com\/fr\/wp-json\/wp\/v2\/categories?post=266493"},{"taxonomy":"post_tag","embeddable":true,"href":"https:\/\/www.europesays.com\/fr\/wp-json\/wp\/v2\/tags?post=266493"}],"curies":[{"name":"wp","href":"https:\/\/api.w.org\/{rel}","templated":true}]}}