{"id":266497,"date":"2025-07-22T21:05:24","date_gmt":"2025-07-22T21:05:24","guid":{"rendered":"https:\/\/www.europesays.com\/fr\/266497\/"},"modified":"2025-07-22T21:05:24","modified_gmt":"2025-07-22T21:05:24","slug":"georg-baselitz-loeuvre-ultime-chez-ropac-a-pantin","status":"publish","type":"post","link":"https:\/\/www.europesays.com\/fr\/266497\/","title":{"rendered":"Georg Baselitz, l\u2019\u0153uvre ultime chez Ropac \u00e0 Pantin"},"content":{"rendered":"<p><strong>CRITIQUE &#8211; <\/strong>Le galeriste expose une magnifique s\u00e9rie d\u2019autoportraits et de portraits conjugaux du grand peintre allemand qui, \u00e0 87\u00a0ans, se renouvelle encore.<\/p>\n<p class=\"fig-paragraph\">Et\u00a0<a href=\"https:\/\/www.lefigaro.fr\/arts-expositions\/visite-dans-le-royaume-secret-du-peintre-georg-baselitz-20230427\" data-fig-type=\"Article\" data-gtm-custom-categorie=\"navigation\" data-gtm-custom-action=\"crossclick\" data-gtm-custom-label=\"Contextuel\" data-gtm-event=\"customEventSPE\" data-fig-domain=\"LEFIGARO\" target=\"_blank\" rel=\"noopener\">Georg Baselitz<\/a>, \u00e0 87 ans, est de retour, toujours plus monumental, \u00e0 la fois plus puissant et plus fragile que jamais. L\u2019espace cath\u00e9drale de la galerie Ropac \u00e0 Pantin sied \u00e0 cet ensemble impressionnant de toiles g\u00e9antes o\u00f9 le corps se dissout dans la couleur, de dessins aigus o\u00f9 les limites de la vie sont de plus en plus arqu\u00e9es et diffuses, \u00e0 cette sculpture taill\u00e9e dans une seule pi\u00e8ce de bois avant d\u2019\u00eatre coul\u00e9e dans le bronze, sculpture noir suie comme celle de 9 m\u00e8tres de haut, Zero Dom, qui marqua son entr\u00e9e \u00e0<a href=\"http:\/\/www.lefigaro.fr\/arts-expositions\/georg-baselitz-peintre-et-statue-du-commandeur-a-l-academie-des-beaux-arts-20211028\" data-fig-type=\"Article\" data-gtm-custom-categorie=\"navigation\" data-gtm-custom-action=\"crossclick\" data-gtm-custom-label=\"Contextuel\" data-gtm-event=\"customEventSPE\" data-fig-domain=\"LEFIGARO\" target=\"_blank\" rel=\"noopener\">\u00a0l\u2019Acad\u00e9mie des Beaux-Arts\u00a0<\/a>\u00e0 Paris en octobre 2021. Le corps, son propre corps, celui de son \u00e9pouse et muse Elke, sont depuis toujours au c\u0153ur de son questionnement d\u2019artiste, en sept d\u00e9cennies de pratique acharn\u00e9e, et d\u00e9livrent aujourd\u2019hui un t\u00e9moignage magnifique de ce qu\u2019est un peintre.<\/p>\n<p class=\"fig-paragraph\">Ein Bein von Manet aus Paris (\u00ab Une jambe de Manet \u00e0 Paris\u00a0\u00bb) pr\u00e9sente le fruit de son travail, de son labeur aurait-on envie de dire, au cours de l\u2019ann\u00e9e \u00e9coul\u00e9e. C\u2019est d\u00e9mesur\u00e9 et\u2026<\/p>\n<p class=\"fig-premium-paywall__infos\">\n        Cet article est r\u00e9serv\u00e9 aux abonn\u00e9s.        Il vous reste 85% \u00e0 d\u00e9couvrir.\n    <\/p>\n<p>                <img  data- alt=\"Le Figaro\" class=\"fig-img--complete fig-img\"\/><\/p>\n<p class=\"fig-premium-paywall__title\">Vous avez envie de lire la suite ?<\/p>\n<p class=\"fig-premium-paywall__subtitle\">D\u00e9bloquez tous les articles imm\u00e9diatement.<\/p>\n<p class=\"fig-premium-paywall__connect\">\n                D\u00e9j\u00e0 abonn\u00e9\u00a0?                <a class=\"fig-premium-paywall__connect-link\" href=\"https:\/\/connect.lefigaro.fr\/login?client=horizon_web&amp;type=main&amp;redirect_uri=https%3A%2F%2Fwww.lefigaro.fr%2Farts-expositions%2Fgeorg-baselitz-l-oeuvre-ultime-chez-ropac-a-pantin-20250721\" data-js-gtm=\"{&quot;customCategorie&quot;: &quot;conversion&quot;, &quot;customAction&quot;: &quot;before_Landing_Connexion_paywall_auto&quot;, &quot;customLabel&quot;: &quot;bGVmaWdhcm8uZnJfXzFmMDY1NTJiLWJmYTEtNjY1Mi1hZjdhLWFmZDg4OWY1MDEwZF9fQXJ0aWNsZQ==_Georg Baselitz, l\u2019\u0153uvre ultime chez Ropac \u00e0 Pantin_185&quot;, &quot;customIDSPE&quot;: &quot;bGVmaWdhcm8uZnJfXzFmMDY1NTJiLWJmYTEtNjY1Mi1hZjdhLWFmZDg4OWY1MDEwZF9fQXJ0aWNsZQ==&quot;, &quot;event&quot;: &quot;customEventSPE&quot;}\" target=\"_blank\" rel=\"noopener\"><br \/>\n                    Connectez-vous<br \/>\n                <\/a>\n            <\/p>\n","protected":false},"excerpt":{"rendered":"CRITIQUE &#8211; Le galeriste expose une magnifique s\u00e9rie d\u2019autoportraits et de portraits conjugaux du grand peintre allemand qui,&hellip;\n","protected":false},"author":2,"featured_media":266498,"comment_status":"","ping_status":"","sticky":false,"template":"","format":"standard","meta":{"footnotes":""},"categories":[1358],"tags":[672,1396,1348,1384,1385,1386,58,59,1011,27,40593,1585,3899],"class_list":{"0":"post-266497","1":"post","2":"type-post","3":"status-publish","4":"format-standard","5":"has-post-thumbnail","7":"category-arts-et-design","8":"tag-allemagne","9":"tag-art-contemporain","10":"tag-arts","11":"tag-arts-and-design","12":"tag-arts-et-design","13":"tag-design","14":"tag-divertissement","15":"tag-entertainment","16":"tag-fr","17":"tag-france","18":"tag-georg-baselitz","19":"tag-peinture","20":"tag-sculpture"},"share_on_mastodon":{"url":"https:\/\/pubeurope.com\/@fr\/114898922563685126","error":""},"_links":{"self":[{"href":"https:\/\/www.europesays.com\/fr\/wp-json\/wp\/v2\/posts\/266497","targetHints":{"allow":["GET"]}}],"collection":[{"href":"https:\/\/www.europesays.com\/fr\/wp-json\/wp\/v2\/posts"}],"about":[{"href":"https:\/\/www.europesays.com\/fr\/wp-json\/wp\/v2\/types\/post"}],"author":[{"embeddable":true,"href":"https:\/\/www.europesays.com\/fr\/wp-json\/wp\/v2\/users\/2"}],"replies":[{"embeddable":true,"href":"https:\/\/www.europesays.com\/fr\/wp-json\/wp\/v2\/comments?post=266497"}],"version-history":[{"count":0,"href":"https:\/\/www.europesays.com\/fr\/wp-json\/wp\/v2\/posts\/266497\/revisions"}],"wp:featuredmedia":[{"embeddable":true,"href":"https:\/\/www.europesays.com\/fr\/wp-json\/wp\/v2\/media\/266498"}],"wp:attachment":[{"href":"https:\/\/www.europesays.com\/fr\/wp-json\/wp\/v2\/media?parent=266497"}],"wp:term":[{"taxonomy":"category","embeddable":true,"href":"https:\/\/www.europesays.com\/fr\/wp-json\/wp\/v2\/categories?post=266497"},{"taxonomy":"post_tag","embeddable":true,"href":"https:\/\/www.europesays.com\/fr\/wp-json\/wp\/v2\/tags?post=266497"}],"curies":[{"name":"wp","href":"https:\/\/api.w.org\/{rel}","templated":true}]}}