{"id":266499,"date":"2025-07-22T21:06:10","date_gmt":"2025-07-22T21:06:10","guid":{"rendered":"https:\/\/www.europesays.com\/fr\/266499\/"},"modified":"2025-07-22T21:06:10","modified_gmt":"2025-07-22T21:06:10","slug":"rencontre-avec-paul-et-sophie-el-kharrat-a-argeles-sur-mer","status":"publish","type":"post","link":"https:\/\/www.europesays.com\/fr\/266499\/","title":{"rendered":"Rencontre avec Paul et Sophie El Kharrat \u00e0 Argel\u00e8s-sur-Mer"},"content":{"rendered":"<p>Les rencontres litt\u00e9raires en bord de mer se poursuivent, avec la pr\u00e9sence de l\u2019ancien champion des Douze coups de midi, Paul El Kharrat accompagn\u00e9 de sa m\u00e8re, Sophie. Ils pr\u00e9senteront leur livre : Atypiques, \u00e9crit \u00e0 4 mains,<b> jeudi 24 juillet <\/b>\u00e0 18 h 30, face au parking du port.<\/p>\n<p>Pour la premi\u00e8re fois, la m\u00e8re de Paul El Kharrat se livre, dans un r\u00e9cit intime et sinc\u00e8re, sur l\u2019autisme de son fils, cette diff\u00e9rence invisible qui fait de lui un \u00eatre \u00e0 part. Comment ce trouble, diagnostiqu\u00e9 tr\u00e8s tard, a-t-il boulevers\u00e9 l\u2019\u00e9quilibre familial ? Comment, aux c\u00f4t\u00e9s de son mari Ali, a-t-elle combattu pour donner \u00e0 son fils la meilleure vie possible, l\u2019aider \u00e0 surmonter les obstacles, tout en pr\u00e9servant ses deux plus jeunes enfants ? Elle revient dans ce livre sur les diff\u00e9rents aspects de l\u2019autisme de son fils : la petite enfance, l\u2019adolescence puis un \u00e2ge adulte qui n\u2019en sera jamais tout \u00e0 fait un, les liens affectifs, le rapport au corps, les d\u00e9ficiences sociales, mais aussi la r\u00e9silience et les superpouvoirs de Paul dont les dons sont parfois en m\u00eame temps une mal\u00e9diction pour lui.<\/p>\n<p>Dans ce r\u00e9cit \u00e0 quatre mains, Paul prend \u00e0 son tour la parole et lui r\u00e9pond, donnant son point de vue singulier, livrant ses espoirs et ses difficult\u00e9s. Tous deux partagent leur exp\u00e9rience et offrent des cl\u00e9s pr\u00e9cieuses aux neurotypiques pour mieux comprendre l\u2019autisme.<\/p>\n<p>Diagnostiqu\u00e9 autiste Asperger \u00e0 l\u2019\u00e2ge de 16 ans, Paul El Kharrat se fait conna\u00eetre du grand public en 2019, lorsqu\u2019il remporte 152 victoires au jeu Les 12 coups de midi. Depuis, il participe \u00e0 plusieurs \u00e9missions : Les grosses t\u00eates sur RTL dont il est soci\u00e9taire depuis 2020. Il a publi\u00e9 plusieurs livres aux \u00e9ditions Harper Collins.<\/p>\n<p>Sa m\u00e8re, Sophie El Kharrat, occupe de hautes fonctions dans l\u2019administration fran\u00e7aise.<\/p>\n","protected":false},"excerpt":{"rendered":"Les rencontres litt\u00e9raires en bord de mer se poursuivent, avec la pr\u00e9sence de l\u2019ancien champion des Douze coups&hellip;\n","protected":false},"author":2,"featured_media":266500,"comment_status":"","ping_status":"","sticky":false,"template":"","format":"standard","meta":{"footnotes":""},"categories":[1357],"tags":[1379,58,59,1011,27,1380],"class_list":{"0":"post-266499","1":"post","2":"type-post","3":"status-publish","4":"format-standard","5":"has-post-thumbnail","7":"category-livres","8":"tag-books","9":"tag-divertissement","10":"tag-entertainment","11":"tag-fr","12":"tag-france","13":"tag-livres"},"share_on_mastodon":{"url":"https:\/\/pubeurope.com\/@fr\/114898926575973023","error":""},"_links":{"self":[{"href":"https:\/\/www.europesays.com\/fr\/wp-json\/wp\/v2\/posts\/266499","targetHints":{"allow":["GET"]}}],"collection":[{"href":"https:\/\/www.europesays.com\/fr\/wp-json\/wp\/v2\/posts"}],"about":[{"href":"https:\/\/www.europesays.com\/fr\/wp-json\/wp\/v2\/types\/post"}],"author":[{"embeddable":true,"href":"https:\/\/www.europesays.com\/fr\/wp-json\/wp\/v2\/users\/2"}],"replies":[{"embeddable":true,"href":"https:\/\/www.europesays.com\/fr\/wp-json\/wp\/v2\/comments?post=266499"}],"version-history":[{"count":0,"href":"https:\/\/www.europesays.com\/fr\/wp-json\/wp\/v2\/posts\/266499\/revisions"}],"wp:featuredmedia":[{"embeddable":true,"href":"https:\/\/www.europesays.com\/fr\/wp-json\/wp\/v2\/media\/266500"}],"wp:attachment":[{"href":"https:\/\/www.europesays.com\/fr\/wp-json\/wp\/v2\/media?parent=266499"}],"wp:term":[{"taxonomy":"category","embeddable":true,"href":"https:\/\/www.europesays.com\/fr\/wp-json\/wp\/v2\/categories?post=266499"},{"taxonomy":"post_tag","embeddable":true,"href":"https:\/\/www.europesays.com\/fr\/wp-json\/wp\/v2\/tags?post=266499"}],"curies":[{"name":"wp","href":"https:\/\/api.w.org\/{rel}","templated":true}]}}