{"id":266503,"date":"2025-07-22T21:08:10","date_gmt":"2025-07-22T21:08:10","guid":{"rendered":"https:\/\/www.europesays.com\/fr\/266503\/"},"modified":"2025-07-22T21:08:10","modified_gmt":"2025-07-22T21:08:10","slug":"louane-debarque-au-mariage-de-lune-de-ses-fans-et-chante-pendant-la-fete-un-vrai-conte-de-fees","status":"publish","type":"post","link":"https:\/\/www.europesays.com\/fr\/266503\/","title":{"rendered":"Louane d\u00e9barque au mariage de l&rsquo;une de ses fans et chante pendant la f\u00eate\u00a0: \u00ab\u00a0Un vrai conte de f\u00e9es\u00a0\u00bb"},"content":{"rendered":"<p class=\"ap-StoryElement ap-StoryElement--mb ap-StoryText\">Samedi 19 juillet 2025, Pauline et J\u00e9r\u00f4me ont v\u00e9cu une journ\u00e9e tr\u00e8s sp\u00e9ciale, qui restera grav\u00e9e dans leurs m\u00e9moires. Le couple originaire de Pernois (au nord d&rsquo;Amiens, en France) s&rsquo;est mari\u00e9. Mais un \u00e9v\u00e9nement est venu rendre ce jour encore plus unique qu&rsquo;il ne l&rsquo;\u00e9tait d\u00e9j\u00e0. En effet, la chanteuse Louane a fait son apparition pendant la f\u00eate, rapporte Le Courrier Picard. Une star dont Pauline, la mari\u00e9e, est fan.<\/p>\n<p class=\"ap-StoryElement ap-StoryElement--mb ap-StoryText\">Les jeunes mari\u00e9s \u00e9taient au courant de la venue de Louane, mais par leurs invit\u00e9s. En r\u00e9alit\u00e9, tout est parti d&rsquo;une conversation de l&rsquo;artiste avec ses abonn\u00e9s sur TikTok. Elle leur a demand\u00e9 de lui raconter des moments forts en \u00e9motions qu&rsquo;ils et elles avaient v\u00e9cus. \u00ab\u00a0J&rsquo;avais \u00e9voqu\u00e9 mon divorce difficile et le retour de l&rsquo;amour auquel je ne croyais plus\u00a0\u00bb, raconte Pauline \u00e0 nos confr\u00e8res fran\u00e7ais. De cette confession est n\u00e9e une chanson, \u00ab\u00a0Tu m&rsquo;as dit\u00a0\u00bb, sortie sur l&rsquo;album \u00ab\u00a0Sentiments\u00a0\u00bb de Louane. Et quand elle s&rsquo;est produite \u00e0 Amiens en f\u00e9vrier 2024, Louane a invit\u00e9 Pauline \u00e0 monter sur sc\u00e8ne avec elle pour interpr\u00e9ter ce titre. Quand Pauline lui a annonc\u00e9 qu&rsquo;elle allait se marier, la maman d&rsquo;Esm\u00e9e a d\u00e9clar\u00e9 devant son public qu&rsquo;elle viendrait chanter au mariage de la Pernoisienne. Et elle a donc tenu sa promesse, en d\u00e9barquant ce 19 juillet 2025 au moment du vin d&rsquo;honneur.<\/p>\n","protected":false},"excerpt":{"rendered":"Samedi 19 juillet 2025, Pauline et J\u00e9r\u00f4me ont v\u00e9cu une journ\u00e9e tr\u00e8s sp\u00e9ciale, qui restera grav\u00e9e dans leurs&hellip;\n","protected":false},"author":2,"featured_media":266504,"comment_status":"","ping_status":"","sticky":false,"template":"","format":"standard","meta":{"footnotes":""},"categories":[1355],"tags":[1695,1697,58,59,1011,27,1930,1361,873,973,10540],"class_list":{"0":"post-266503","1":"post","2":"type-post","3":"status-publish","4":"format-standard","5":"has-post-thumbnail","7":"category-musique","8":"tag-chanson","9":"tag-concert","10":"tag-divertissement","11":"tag-entertainment","12":"tag-fr","13":"tag-france","14":"tag-mariage","15":"tag-music","16":"tag-musique","17":"tag-people","18":"tag-surprise"},"share_on_mastodon":{"url":"https:\/\/pubeurope.com\/@fr\/114898934429006966","error":""},"_links":{"self":[{"href":"https:\/\/www.europesays.com\/fr\/wp-json\/wp\/v2\/posts\/266503","targetHints":{"allow":["GET"]}}],"collection":[{"href":"https:\/\/www.europesays.com\/fr\/wp-json\/wp\/v2\/posts"}],"about":[{"href":"https:\/\/www.europesays.com\/fr\/wp-json\/wp\/v2\/types\/post"}],"author":[{"embeddable":true,"href":"https:\/\/www.europesays.com\/fr\/wp-json\/wp\/v2\/users\/2"}],"replies":[{"embeddable":true,"href":"https:\/\/www.europesays.com\/fr\/wp-json\/wp\/v2\/comments?post=266503"}],"version-history":[{"count":0,"href":"https:\/\/www.europesays.com\/fr\/wp-json\/wp\/v2\/posts\/266503\/revisions"}],"wp:featuredmedia":[{"embeddable":true,"href":"https:\/\/www.europesays.com\/fr\/wp-json\/wp\/v2\/media\/266504"}],"wp:attachment":[{"href":"https:\/\/www.europesays.com\/fr\/wp-json\/wp\/v2\/media?parent=266503"}],"wp:term":[{"taxonomy":"category","embeddable":true,"href":"https:\/\/www.europesays.com\/fr\/wp-json\/wp\/v2\/categories?post=266503"},{"taxonomy":"post_tag","embeddable":true,"href":"https:\/\/www.europesays.com\/fr\/wp-json\/wp\/v2\/tags?post=266503"}],"curies":[{"name":"wp","href":"https:\/\/api.w.org\/{rel}","templated":true}]}}