{"id":266507,"date":"2025-07-22T21:10:11","date_gmt":"2025-07-22T21:10:11","guid":{"rendered":"https:\/\/www.europesays.com\/fr\/266507\/"},"modified":"2025-07-22T21:10:11","modified_gmt":"2025-07-22T21:10:11","slug":"il-pense-que-sa-femme-lui-est-infidele-cetait-en-realite-le-signe-dun-cancer-mortel","status":"publish","type":"post","link":"https:\/\/www.europesays.com\/fr\/266507\/","title":{"rendered":"Il pense que sa femme lui est infid\u00e8le, c&rsquo;\u00e9tait en r\u00e9alit\u00e9 le signe d&rsquo;un cancer mortel"},"content":{"rendered":"<p>Il pensait devenir fou. Andy Hampton, 55 ans, commence \u00e0 ressentir des signes de confusion, de la fatigue et des pertes de m\u00e9moire. Au fil du temps, son \u00e9tat empire et il commence \u00e0 devenir parano\u00efaque allant jusqu&rsquo;\u00e0 \u00eatre convaincu que sa femme entretenait une liaison avec un autre homme.<\/p>\n<p>Apr\u00e8s une p\u00e9riode de confusion mentale intense et de d\u00e9pression s\u00e9v\u00e8re, les m\u00e9decins lui diagnostiquent une infection en mai 2023, raconte <a data-i13n=\"cpos:1;pos:1\" href=\"https:\/\/www.mirror.co.uk\/news\/uk-news\/my-husband-thought-having-affair-35594482?fbclid=IwY2xjawLsS1JleHRuA2FlbQIxMABicmlkETB3RlkyT0kzZjRBcFpXODdBAR5aYwnlBohv7lH5qZnlkth42JpKEKo_rYjwnDGYu2yiRBtxFQeOv7WlXoLzlQ_aem_sK2Zc6XbJfupvFSjJJBqJg\" rel=\"nofollow noopener\" target=\"_blank\" data-ylk=\"slk:le site internet Mirror.;cpos:1;pos:1;elm:context_link;itc:0;sec:content-canvas\" class=\"link \">le site internet Mirror.<\/a> \u00ab\u00a0Je pensais qu&rsquo;Andy traversait une crise de la quarantaine ou une d\u00e9pression nerveuse. Sa parano\u00efa l&rsquo;a pouss\u00e9 \u00e0 croire des choses qui n&rsquo;\u00e9taient pas vraies. Il soup\u00e7onnait m\u00eame que j&rsquo;avais une liaison. Il n&rsquo;arr\u00eatait pas de dire qu&rsquo;il savait que tout cela n&rsquo;\u00e9tait que dans sa t\u00eate, mais qu&rsquo;il ne pouvait pas s&#8217;emp\u00eacher d&rsquo;y penser\u00a0\u00bb, confie sa femme.<\/p>\n<p><strong>LIRE AUSSI &gt;&gt; <\/strong><a data-i13n=\"cpos:2;pos:1\" href=\"https:\/\/fr.news.yahoo.com\/ce-symptome-etrange-au-niveau-du-nez-etait-le-premier-signe-dun-cancer-mortel-les-medecins-lui-donnent-un-an-a-vivre-093809452.html\" data-ylk=\"slk:Ce sympt\u00f4me \u00e9trange au niveau du nez \u00e9tait le premier signe d&#039;un cancer mortel, les m\u00e9decins lui donnent un an \u00e0 vivre;cpos:2;pos:1;elm:context_link;itc:0;sec:content-canvas;outcm:mb_qualified_link;_E:mb_qualified_link;ct:story;\" class=\"link  yahoo-link\" target=\"_blank\" rel=\"noopener\">Ce sympt\u00f4me \u00e9trange au niveau du nez \u00e9tait le premier signe d&rsquo;un cancer mortel, les m\u00e9decins lui donnent un an \u00e0 vivre<\/a><\/p>\n<p>Les sympt\u00f4mes ne s&rsquo;apaisent pas et il consulte une nouvelle fois son m\u00e9decin g\u00e9n\u00e9raliste. Ce dernier r\u00e9alise un scanner qui d\u00e9voile la pr\u00e9sence d&rsquo;une tumeur c\u00e9r\u00e9brale. Les examens montrent que la tumeur mesure 7,5 cm sur 8,1 cm. Andy Hampton apprend alors qu&rsquo;il souffre d&rsquo;un glioblastome de grade 4.<\/p>\n<p>\u00ab\u00a0Nous \u00e9tions d\u00e9termin\u00e9s \u00e0 le combattre\u00a0\u00bb<\/p>\n<p>\u00ab\u00a0Le pronostic initial \u00e9tait d\u00e9vastateur, les m\u00e9decins nous ont dit qu&rsquo;Andy n&rsquo;avait plus que trois mois \u00e0 vivre. J&rsquo;\u00e9tais sous le choc, nous \u00e9tions tous les deux sans voix, ils nous ont donn\u00e9 des d\u00e9pliants, mais Andy ne voulait pas les lire, il s&rsquo;est simplement ferm\u00e9. D&rsquo;une certaine mani\u00e8re, c&rsquo;\u00e9tait un soulagement de savoir que ce que nous vivions n&rsquo;\u00e9tait ni le fruit de notre imagination ni un \u00e9chec conjugal. Nous \u00e9tions d\u00e9termin\u00e9s \u00e0 le combattre\u00a0\u00bb, raconte son \u00e9pouse.<\/p>\n<p>Le 31 mai 2023, Andy subit une intervention chirurgicale afin de retirer 95 % de la tumeur puis six semaines de radioth\u00e9rapie et de chimioth\u00e9rapie. \u00ab\u00a0La convalescence a connu des revers, mais nous \u00e9tions si heureux que l&rsquo;op\u00e9ration se soit bien pass\u00e9e que nous pensions que le pire \u00e9tait pass\u00e9 et que nous pouvions enfin retrouver une vie normale. \u00c0 notre retour \u00e0 la maison, Andy avait chang\u00e9. Il n&rsquo;\u00e9tait plus l&rsquo;homme que j&rsquo;avais \u00e9pous\u00e9, non pas parce qu&rsquo;il ne nous aimait plus, mais parce que son cerveau ne lui permettait plus de le montrer\u00a0\u00bb.<\/p>\n<p>Des changements de personnalit\u00e9<\/p>\n<p>Au d\u00e9but, son \u00e9tat s&rsquo;am\u00e9liore et les r\u00e9sultats sont encourageants. Mais \u00e0 No\u00ebl 2024, la situation se d\u00e9grade et Andy commence \u00e0 avoir un comportement incoh\u00e9rent. Un examen de routine ne r\u00e9v\u00e8le aucune croissance tumorale et les changements de personnalit\u00e9 d&rsquo;Andy sont attribu\u00e9s \u00e0 une accumulation de liquide dans son cerveau.<\/p>\n<p>Apr\u00e8s avoir subi une crise d\u2019\u00e9pilepsie de trois heures, une IRM r\u00e9v\u00e8le une h\u00e9morragie c\u00e9r\u00e9brale, l\u2019apparition de deux nouvelles tumeurs et des caillots sanguins dans ses poumons. \u00ab\u00a0C&rsquo;est \u00e0 ce moment-l\u00e0 que mon monde s&rsquo;est effondr\u00e9. Je ne savais plus quoi dire ni quoi faire, je me sentais impuissante. Je faisais de mon mieux pour \u00eatre l\u00e0 pour Andy. Mais je savais que je le perdais\u00a0\u00bb, confie Gemma. Son mari est d\u00e9c\u00e9d\u00e9 le 6 mai 2025.<\/p>\n<p><strong>LIRE AUSSI &gt;&gt; <\/strong><a data-i13n=\"cpos:3;pos:1\" href=\"https:\/\/fr.news.yahoo.com\/a-40-ans-et-apparemment-en-parfaite-sante-il-apprend-quil-est-atteint-du-cancer-au-cerveau-le-plus-agressif-094040592.html\" data-ylk=\"slk:\u00c0 40 ans et &quot;apparemment en parfaite sant\u00e9&quot;, il apprend qu\u2019il est atteint du cancer au cerveau le plus agressif;cpos:3;pos:1;elm:context_link;itc:0;sec:content-canvas;outcm:mb_qualified_link;_E:mb_qualified_link;ct:story;\" class=\"link  yahoo-link\" target=\"_blank\" rel=\"noopener\">\u00c0 40 ans et \u00ab\u00a0apparemment en parfaite sant\u00e9\u00a0\u00bb, il apprend qu\u2019il est atteint du cancer au cerveau le plus agressif<\/a><\/p>\n<p>Le glioblastome est une tumeur c\u00e9r\u00e9brale agressive qui touche chaque ann\u00e9e environ 3 500 personnes en France, rapporte<a data-i13n=\"cpos:4;pos:1\" href=\"https:\/\/www.elsan.care\/fr\/radiotherapie-metz-iprm\/nos-actualites\/glioblastome-differents-traitements-et-esperance-de-vie?layout=radiotherapie-metz-iprm\" rel=\"nofollow noopener\" target=\"_blank\" data-ylk=\"slk:le site internet Elsan;cpos:4;pos:1;elm:context_link;itc:0;sec:content-canvas\" class=\"link \"> le site internet Elsan<\/a>. D&rsquo;apr\u00e8s les donn\u00e9es de ce m\u00eame site internet, \u00ab\u00a0la survie nette \u00e0 cinq ans est estim\u00e9e \u00e0 seulement 7 %, et la survie m\u00e9diane apr\u00e8s diagnostic atteint environ 14 mois, malgr\u00e9 un traitement optimal\u00a0\u00bb. A un an, la survie est plus favorable, avec plus de 50 % des patients encore en vie un an apr\u00e8s le diagnostic.<\/p>\n","protected":false},"excerpt":{"rendered":"Il pensait devenir fou. Andy Hampton, 55 ans, commence \u00e0 ressentir des signes de confusion, de la fatigue&hellip;\n","protected":false},"author":2,"featured_media":266508,"comment_status":"","ping_status":"","sticky":false,"template":"","format":"standard","meta":{"footnotes":""},"categories":[10],"tags":[40594,1011,27,72,40596,71,40595],"class_list":{"0":"post-266507","1":"post","2":"type-post","3":"status-publish","4":"format-standard","5":"has-post-thumbnail","7":"category-sante","8":"tag-andy-hampton","9":"tag-fr","10":"tag-france","11":"tag-health","12":"tag-pertes-de-memoire","13":"tag-sante","14":"tag-tumeur-cerebrale"},"share_on_mastodon":{"url":"https:\/\/pubeurope.com\/@fr\/114898942230620773","error":""},"_links":{"self":[{"href":"https:\/\/www.europesays.com\/fr\/wp-json\/wp\/v2\/posts\/266507","targetHints":{"allow":["GET"]}}],"collection":[{"href":"https:\/\/www.europesays.com\/fr\/wp-json\/wp\/v2\/posts"}],"about":[{"href":"https:\/\/www.europesays.com\/fr\/wp-json\/wp\/v2\/types\/post"}],"author":[{"embeddable":true,"href":"https:\/\/www.europesays.com\/fr\/wp-json\/wp\/v2\/users\/2"}],"replies":[{"embeddable":true,"href":"https:\/\/www.europesays.com\/fr\/wp-json\/wp\/v2\/comments?post=266507"}],"version-history":[{"count":0,"href":"https:\/\/www.europesays.com\/fr\/wp-json\/wp\/v2\/posts\/266507\/revisions"}],"wp:featuredmedia":[{"embeddable":true,"href":"https:\/\/www.europesays.com\/fr\/wp-json\/wp\/v2\/media\/266508"}],"wp:attachment":[{"href":"https:\/\/www.europesays.com\/fr\/wp-json\/wp\/v2\/media?parent=266507"}],"wp:term":[{"taxonomy":"category","embeddable":true,"href":"https:\/\/www.europesays.com\/fr\/wp-json\/wp\/v2\/categories?post=266507"},{"taxonomy":"post_tag","embeddable":true,"href":"https:\/\/www.europesays.com\/fr\/wp-json\/wp\/v2\/tags?post=266507"}],"curies":[{"name":"wp","href":"https:\/\/api.w.org\/{rel}","templated":true}]}}