{"id":266511,"date":"2025-07-22T21:12:10","date_gmt":"2025-07-22T21:12:10","guid":{"rendered":"https:\/\/www.europesays.com\/fr\/266511\/"},"modified":"2025-07-22T21:12:10","modified_gmt":"2025-07-22T21:12:10","slug":"adil-rami-son-ancienne-compagne-a-tente-de-mettre-fin-a-ses-jours","status":"publish","type":"post","link":"https:\/\/www.europesays.com\/fr\/266511\/","title":{"rendered":"Adil Rami : son ancienne compagne a tent\u00e9 de mettre fin \u00e0 ses jours"},"content":{"rendered":"<p>      R\u00e9sum\u00e9<\/p>\n<p>L\u00e9na Guillou, ancienne compagne d&rsquo;Adil Rami, r\u00e9v\u00e8le avoir travers\u00e9 de profondes difficult\u00e9s personnelles, \u00e9voquant une tentative de suicide et des souffrances longtemps cach\u00e9es.<\/p>\n<p>        Sommaire<\/p>\n<p>Si elle affiche un large sourire et appara\u00eet resplendissante dans la majorit\u00e9 de ses publications sur ses r\u00e9seaux sociaux, la v\u00e9rit\u00e9 serait toute autre. En effet, <strong>L\u00e9na Guillou vient de faire une terrible annonce<\/strong> sur ses r\u00e9seaux sociaux. L\u2019ancienne candidate de t\u00e9l\u00e9-r\u00e9alit\u00e9 et <a href=\"https:\/\/www.public.fr\/cetait-bien-plus-grave-que-ca-lena-menacee-apres-sa-rupture-avec-adil-rami-danse-avec-les-stars-elle-evoque-les-pressions-recues\" target=\"_blank\" rel=\"noopener\">ancienne compagne d\u2019Adil Rami<\/a> aurait tent\u00e9 de mettre fin \u00e0 ses jours.\u00a0<\/p>\n<p>La jeune femme se faisait conna\u00eetre en participant \u00e0 l\u2019\u00e9mission les <strong>Marseillais \u00e0 Duba\u00ef<\/strong> en 2021. Par la suite, l\u2019influenceuse a de nouveau fait parler d\u2019elle en se mettant <a href=\"https:\/\/www.public.fr\/il-m-a-agressee-il-m-a-frappee-au-lendemain-de-sa-separation-avec-adil-rami-lena-guillou-livre-un-terrible-recit-sur-instagram\" target=\"_blank\" rel=\"noopener\">en couple avec le c\u00e9l\u00e8bre footballeur<\/a>, champion du monde 2018 avec l\u2019\u00c9quipe de France.<\/p>\n<p>C\u2019est en 2021 que <a href=\"https:\/\/www.public.fr\/adil-rami-en-couple-avec-une-candidate-de-telerealite-cest-officiel\" target=\"_blank\" rel=\"noopener\">l\u2019ancien joueur de l\u2019Olympique de Marseille<\/a>, du FC S\u00e9ville, ou encore de Lille, s\u2019est mis en couple avec L\u00e9na Guillou.<strong> Leur histoire aura dur\u00e9 deux ans<\/strong>. En effet, les ex-tourtereaux font le choix de se s\u00e9parer en 2023.\u00a0<\/p>\n<p>L\u00e9na Guillou d\u00e9zingue Adil Rami<\/p>\n<p>Une rupture visiblement difficile. En effet, l\u2019ancienne candidate de t\u00e9l\u00e9-r\u00e9alit\u00e9 a visiblement v\u00e9cu des moments compliqu\u00e9s avec son ex-compagnon comme elle le laissait sous-entendre en d\u00e9cembre 2024, en apprenant la participation d\u2019Adil Rami \u00e0 la prochaine saison de Danse avec les stars.\u00a0<\/p>\n<p>\u00ab\u00a0Je pensais sortir compl\u00e8tement de tout \u00e7a mais en fait<strong>\u00a0je vis hyper mal le fait qu&rsquo;on continue d&rsquo;aduler un psychopathe. <\/strong>C\u2019est comme si tu sentais que la personne ne t&rsquo;avait pas assez d\u00e9glingu\u00e9e par le pass\u00e9 et que le coup de gr\u00e2ce \u00e9tait que, quoi qu&rsquo;il,\u00a0<strong>les gens aimeront ton bourreau<\/strong>. Tu te sens comme une m*rde, comme si tes souffrances ne valaient rien, comme si c&rsquo;\u00e9tait le mal qui gagnait constamment. La peur aussi, la peur des repr\u00e9sailles, la peur qu&rsquo;on te rab\u00e2che &lsquo;mais t&rsquo;avais qu&rsquo;\u00e0 pas y retourner&rsquo; comme si la notion d&#8217;emprise n&rsquo;existait pas\u00a0\u00bb, l\u00e2chait notamment L\u00e9na Guillou sur ses r\u00e9seaux sociaux.\u00a0<\/p>\n<p>Plusieurs mois plus tard, la jeune femme n\u2019aurait visiblement toujours pas r\u00e9ussi \u00e0 retrouver le sourire. Pire encore, elle aurait song\u00e9 au pire \u00e0 en croire sa derni\u00e8re publication sur ses r\u00e9seaux sociaux. Une publication dans laquelle elle \u00e9voque sa tentative de suicide.\u00a0<\/p>\n<p>Elle a tent\u00e9 de mettre fin \u00e0 ses jours<\/p>\n<p>\u00ab\u00a0Je peux pas vous parler de tout \u00e9videmment mais ce que je peux vous dire c&rsquo;est que je suis la meilleure actrice pour montrer que tout va bien depuis des ann\u00e9es mais que parfois le cerveau sature, les insomnies s&rsquo;accumulent, le corps r\u00e9agit et <strong>cette nuit j&rsquo;ai voulu taire toutes mes pens\u00e9es<\/strong>. D&rsquo;une mani\u00e8re tr\u00e8s l\u00e2che je vous l&rsquo;accorde mais<strong> je voulais que \u00e7a s\u2019arr\u00eate<\/strong>\u00ab\u00a0, a dans un premier temps r\u00e9v\u00e9l\u00e9 L\u00e9na Guillou.<\/p>\n<p>Par la suite, l\u2019ancienne candidate des <strong>Marseillais<\/strong> explique : \u00ab\u00a0<strong>J&rsquo;ai trop douill\u00e9, j&rsquo;ai eu trop d\u2019acharnement, de trahisons et d\u00e9ferlement de personnes malveillantes sur moi<\/strong>, je suis seule \u00e0 tout affronter depuis des ann\u00e9es et pour autant je ne laisse personne pouvoir \u00eatre triste\u00a0\u00bb.<\/p>\n<p>\u00ab\u00a0C&rsquo;est comme si depuis des ann\u00e9es j&rsquo;\u00e9tais tomb\u00e9e d&rsquo;une falaise (\u2026) M\u00eame le syst\u00e8me fran\u00e7ais \u00e0 qui je dois de l&rsquo;argent je leur ai fait un tr\u00e8s beau courrier pour leur expliquer la situation, que j\u2019avais de grosses id\u00e9es noires en plus du fait qu\u2019une certaine personne me devait 1 an de salaire etc. Ils ne m&rsquo;ont jamais r\u00e9pondu. Il y a parall\u00e8lement beaucoup de personnes qui r\u00eavent de me voir tomber. j&rsquo;ai failli mais ce qui est s\u00fbr c&rsquo;est que mes \u00e9paules et mon karma sont assez forts pour vous faire manger au centuple votre m\u00e9chancet\u00e9 vos vices &amp; agissements (\u2026) La pire chose que tu puisses faire c&rsquo;est attaquer un c\u0153ur pur qui a la foi, j&rsquo;ai confiance en mon seigneur et je lui demande pardon pour cet acte de l\u00e2chet\u00e9\u00a0\u00bb, a conclu l\u2019ancienne compagne d\u2019<a href=\"https:\/\/vsd.fr\/tag\/adil-rami\/\" target=\"_blank\" rel=\"noopener\">Adil Rami<\/a>.<\/p>\n<p><img loading=\"lazy\" decoding=\"async\" width=\"472\" height=\"1024\" src=\"data:image\/svg+xml,%3Csvg%20xmlns=\" http:=\"\" alt=\"Adil Rami : son ancienne compagne a tent\u00e9 de mettre fin \u00e0 ses jours\" data-lazy- data-lazy- data-lazy-src=\"https:\/\/www.europesays.com\/fr\/wp-content\/uploads\/2025\/07\/WhatsApp-Image-2025-07-22-at-21.07.01-472x1024.jpeg\"\/><\/p>\n<p>      Mentionn\u00e9s dans cet article<\/p>\n<p>\u00c0 lire aussi<\/p>\n","protected":false},"excerpt":{"rendered":"R\u00e9sum\u00e9 L\u00e9na Guillou, ancienne compagne d&rsquo;Adil Rami, r\u00e9v\u00e8le avoir travers\u00e9 de profondes difficult\u00e9s personnelles, \u00e9voquant une tentative de&hellip;\n","protected":false},"author":2,"featured_media":266512,"comment_status":"","ping_status":"","sticky":false,"template":"","format":"standard","meta":{"footnotes":""},"categories":[8],"tags":[1682,58,59,1011,27,12434,5748,22128],"class_list":{"0":"post-266511","1":"post","2":"type-post","3":"status-publish","4":"format-standard","5":"has-post-thumbnail","7":"category-divertissement","8":"tag-adil-rami","9":"tag-divertissement","10":"tag-entertainment","11":"tag-fr","12":"tag-france","13":"tag-les-marseillais","14":"tag-suicide","15":"tag-tentative-de-suicide"},"share_on_mastodon":{"url":"https:\/\/pubeurope.com\/@fr\/114898950158145729","error":""},"_links":{"self":[{"href":"https:\/\/www.europesays.com\/fr\/wp-json\/wp\/v2\/posts\/266511","targetHints":{"allow":["GET"]}}],"collection":[{"href":"https:\/\/www.europesays.com\/fr\/wp-json\/wp\/v2\/posts"}],"about":[{"href":"https:\/\/www.europesays.com\/fr\/wp-json\/wp\/v2\/types\/post"}],"author":[{"embeddable":true,"href":"https:\/\/www.europesays.com\/fr\/wp-json\/wp\/v2\/users\/2"}],"replies":[{"embeddable":true,"href":"https:\/\/www.europesays.com\/fr\/wp-json\/wp\/v2\/comments?post=266511"}],"version-history":[{"count":0,"href":"https:\/\/www.europesays.com\/fr\/wp-json\/wp\/v2\/posts\/266511\/revisions"}],"wp:featuredmedia":[{"embeddable":true,"href":"https:\/\/www.europesays.com\/fr\/wp-json\/wp\/v2\/media\/266512"}],"wp:attachment":[{"href":"https:\/\/www.europesays.com\/fr\/wp-json\/wp\/v2\/media?parent=266511"}],"wp:term":[{"taxonomy":"category","embeddable":true,"href":"https:\/\/www.europesays.com\/fr\/wp-json\/wp\/v2\/categories?post=266511"},{"taxonomy":"post_tag","embeddable":true,"href":"https:\/\/www.europesays.com\/fr\/wp-json\/wp\/v2\/tags?post=266511"}],"curies":[{"name":"wp","href":"https:\/\/api.w.org\/{rel}","templated":true}]}}