{"id":266516,"date":"2025-07-22T21:15:12","date_gmt":"2025-07-22T21:15:12","guid":{"rendered":"https:\/\/www.europesays.com\/fr\/266516\/"},"modified":"2025-07-22T21:15:12","modified_gmt":"2025-07-22T21:15:12","slug":"un-garcon-de-10-ans-sabrite-dans-une-poche-dair-du-bateau-renverse-et-survit-a-un-naufrage-dramatique","status":"publish","type":"post","link":"https:\/\/www.europesays.com\/fr\/266516\/","title":{"rendered":"Un gar\u00e7on de 10 ans s\u2019abrite dans une poche d\u2019air du bateau renvers\u00e9 et survit \u00e0 un naufrage dramatique"},"content":{"rendered":"<p>Pris au pi\u00e8ge dans les eaux troubles de la baie d\u2019Ha Long au <a href=\"https:\/\/www.20minutes.fr\/dossier\/vietnam\" target=\"_blank\" class=\"color-ultramarine c-link\" rel=\"noopener\">Vietnam<\/a>, un <a href=\"https:\/\/www.20minutes.fr\/dossier\/enfant\" target=\"_blank\" class=\"color-ultramarine c-link\" rel=\"noopener\">gar\u00e7on<\/a> de 10 ans a \u00e9chapp\u00e9 \u00e0 la mort en se r\u00e9fugiant dans une poche d\u2019air \u00e0 l\u2019int\u00e9rieur du bateau renvers\u00e9. Le <a href=\"https:\/\/www.20minutes.fr\/dossier\/naufrage\" target=\"_blank\" class=\"color-ultramarine c-link\" rel=\"noopener\">naufrage<\/a> du Wonder Sea, survenu samedi en pleine temp\u00eate, a co\u00fbt\u00e9 la vie \u00e0 au moins 36 personnes, selon les autorit\u00e9s vietnamiennes.<\/p>\n<p>Le jeune gar\u00e7on, qui voyageait avec sa famille, a \u00e9t\u00e9 retrouv\u00e9 vivant mais en \u00e9tat de choc apr\u00e8s avoir pass\u00e9 un temps ind\u00e9termin\u00e9 dans cette cavit\u00e9 salvatrice. \u00ab\u00a0Tout est all\u00e9 si vite. J\u2019ai essay\u00e9 de sortir, et puis les soldats m\u2019ont sauv\u00e9\u00a0\u00bb, a-t-il racont\u00e9, cit\u00e9 par VietnamNet et <a href=\"https:\/\/edition.cnn.com\/2025\/07\/20\/asia\/vietnam-tourist-boat-survivors-intl\" rel=\"nofollow noopener\" target=\"_blank\" class=\"color-ultramarine c-link\">CNN<\/a>. Transport\u00e9 \u00e0 l\u2019h\u00f4pital, il ne souffre d\u2019aucune blessure grave.<\/p>\n<\/p>\n<p>Les recherches se poursuivent toujours<\/p>\n<p>Le jeune gar\u00e7on et d\u2019autres rescap\u00e9s ont attendu deux heures sous une pluie battante avant l\u2019arriv\u00e9e des \u00e9quipes de secours. Selon VN Express, l\u2019embarcation touristique transportait 53 personnes lorsque la temp\u00eate a frapp\u00e9. La plupart des victimes sont vietnamiennes, avec plus de 20 enfants \u00e0 bord. Le plus jeune passager avait trois ans, le plus \u00e2g\u00e9 53. Parmi les survivants figure un vendeur d\u2019extincteurs de 36 ans.<\/p>\n<p><a href=\"https:\/\/www.20minutes.fr\/dossier\/naufrage\" target=\"_blank\" class=\"c-link c-btn c-btn--primary\" rel=\"noopener\">Nos articles sur les naufrages<\/a><\/p>\n<p>Lundi, les plongeurs ont retrouv\u00e9 le corps d\u2019un gar\u00e7on de six ans, disparu avec sa famille. Il a \u00e9t\u00e9 rep\u00e9r\u00e9 pr\u00e8s d\u2019une \u00eele voisine, a indiqu\u00e9 l\u2019agence de presse \u00e9tatique VNA. Les recherches se poursuivent pour tenter de retrouver les trois personnes toujours port\u00e9es disparues. Mais les mauvaises conditions m\u00e9t\u00e9orologiques compliquent les op\u00e9rations. Le Wonder Sea, gravement endommag\u00e9, a \u00e9t\u00e9 remorqu\u00e9 dimanche vers le port local pour inspection.<\/p>\n","protected":false},"excerpt":{"rendered":"Pris au pi\u00e8ge dans les eaux troubles de la baie d\u2019Ha Long au Vietnam, un gar\u00e7on de 10&hellip;\n","protected":false},"author":2,"featured_media":266517,"comment_status":"","ping_status":"","sticky":false,"template":"","format":"standard","meta":{"footnotes":""},"categories":[5],"tags":[47,11,2965,5160,847,1011,27,14,74,1336,12,40597,951,28],"class_list":{"0":"post-266516","1":"post","2":"type-post","3":"status-publish","4":"format-standard","5":"has-post-thumbnail","7":"category-international","8":"tag-actualite","9":"tag-actualites","10":"tag-air","11":"tag-bateau","12":"tag-enfant","13":"tag-fr","14":"tag-france","15":"tag-international","16":"tag-monde","17":"tag-naufrage","18":"tag-news","19":"tag-survie","20":"tag-vietnam","21":"tag-world"},"share_on_mastodon":{"url":"https:\/\/pubeurope.com\/@fr\/114898961903163772","error":""},"_links":{"self":[{"href":"https:\/\/www.europesays.com\/fr\/wp-json\/wp\/v2\/posts\/266516","targetHints":{"allow":["GET"]}}],"collection":[{"href":"https:\/\/www.europesays.com\/fr\/wp-json\/wp\/v2\/posts"}],"about":[{"href":"https:\/\/www.europesays.com\/fr\/wp-json\/wp\/v2\/types\/post"}],"author":[{"embeddable":true,"href":"https:\/\/www.europesays.com\/fr\/wp-json\/wp\/v2\/users\/2"}],"replies":[{"embeddable":true,"href":"https:\/\/www.europesays.com\/fr\/wp-json\/wp\/v2\/comments?post=266516"}],"version-history":[{"count":0,"href":"https:\/\/www.europesays.com\/fr\/wp-json\/wp\/v2\/posts\/266516\/revisions"}],"wp:featuredmedia":[{"embeddable":true,"href":"https:\/\/www.europesays.com\/fr\/wp-json\/wp\/v2\/media\/266517"}],"wp:attachment":[{"href":"https:\/\/www.europesays.com\/fr\/wp-json\/wp\/v2\/media?parent=266516"}],"wp:term":[{"taxonomy":"category","embeddable":true,"href":"https:\/\/www.europesays.com\/fr\/wp-json\/wp\/v2\/categories?post=266516"},{"taxonomy":"post_tag","embeddable":true,"href":"https:\/\/www.europesays.com\/fr\/wp-json\/wp\/v2\/tags?post=266516"}],"curies":[{"name":"wp","href":"https:\/\/api.w.org\/{rel}","templated":true}]}}