{"id":266518,"date":"2025-07-22T21:16:10","date_gmt":"2025-07-22T21:16:10","guid":{"rendered":"https:\/\/www.europesays.com\/fr\/266518\/"},"modified":"2025-07-22T21:16:10","modified_gmt":"2025-07-22T21:16:10","slug":"dans-valeurs-actuelles-bruno-retailleau-enterre-le-macronisme-liberation","status":"publish","type":"post","link":"https:\/\/www.europesays.com\/fr\/266518\/","title":{"rendered":"Dans \u00abValeurs actuelles\u00bb, Bruno Retailleau enterre le macronisme \u2013 Lib\u00e9ration"},"content":{"rendered":"<p class=\"sc-ksZaOG ehjQrN text-element\">Son premier \u00e9t\u00e9 \u00e0 Beauvau ? Simple, \u00abbasique\u00bb, s\u2019amuse un conseiller LR, \u00e9grenant la recette version Retailleau : une s\u00e9rie de d\u00e9placements sur tous les fronts, des feux de for\u00eat \u00e0 Marseille aux annonces s\u00e9curitaires apr\u00e8s une nuit de violence \u00e0 Limoges (Haute-Vienne), en passant par une ode aux \u00abvaleurs du sport\u00bb et \u00e0 \u00abnotre identit\u00e9 enracin\u00e9e\u00bb sur une \u00e9tape du Tour de France, \u00e0 Laval (Mayenne)\u2026 Sans oublier la couverture de Valeurs actuelles, mercredi 23 juillet, pour d\u00e9rouler un bingo r\u00e9ac.<\/p>\n<p class=\"sc-ksZaOG ehjQrN text-element\">A l\u2019hebdomadaire d\u2019extr\u00eame droite, l\u2019ex-s\u00e9nateur ressert une louche sur une \u00absoci\u00e9t\u00e9 permissive\u00bb devenue \u00abfabrique de barbares\u00bb, la faute \u00e0 \u00abla gauche soixante-huitarde\u00bb. En route pour 2027, Retailleau ne l\u00e2che pas sa trouvaille de la \u00abFrance des honn\u00eates gens\u00bb, gimmick sarkozyste, \u00abcette France qui ne casse pas, qui ne d\u00e9truit pas, qui n\u2019agresse pas\u00bb, \u00abqui travaille, respecte nos lois et \u00e9l\u00e8ve bien ses enfants\u00bb. <\/p>\n<p class=\"sc-ksZaOG ehjQrN text-element\">Histoire de pimenter le tableau, le num\u00e9ro cinq du gouvernement d\u00e9zingue\u2026 le Pr\u00e9sident. \u00abLe macronisme s\u2019ach\u00e8vera avec Emmanuel Macron, tout simplement parce que le macronisme n\u2019est ni un mouvement politique ni une id\u00e9ologie\u00bb, balance le ministre de l\u2019Int\u00e9rieur. La recette f\u00e9tiche du macronisme, le \u00aben m\u00eame temps\u00bb, \u00abalimente l\u2019impuissance\u00bb, charge-t-il. \u00abIl reste sur son \u00e9quilibre, rel\u00e8ve un conseiller LR. Des paroles fortes mais son envie de rester au gouvernement.\u00bb<\/p>\n","protected":false},"excerpt":{"rendered":"Son premier \u00e9t\u00e9 \u00e0 Beauvau ? Simple, \u00abbasique\u00bb, s\u2019amuse un conseiller LR, \u00e9grenant la recette version Retailleau :&hellip;\n","protected":false},"author":2,"featured_media":266519,"comment_status":"","ping_status":"","sticky":false,"template":"","format":"standard","meta":{"footnotes":""},"categories":[4],"tags":[11,1013,1073,1011,27,12,25],"class_list":{"0":"post-266518","1":"post","2":"type-post","3":"status-publish","4":"format-standard","5":"has-post-thumbnail","7":"category-france","8":"tag-actualites","9":"tag-bruno-retailleau","10":"tag-emmanuel-macron","11":"tag-fr","12":"tag-france","13":"tag-news","14":"tag-republique-francaise"},"share_on_mastodon":{"url":"https:\/\/pubeurope.com\/@fr\/114898965874012325","error":""},"_links":{"self":[{"href":"https:\/\/www.europesays.com\/fr\/wp-json\/wp\/v2\/posts\/266518","targetHints":{"allow":["GET"]}}],"collection":[{"href":"https:\/\/www.europesays.com\/fr\/wp-json\/wp\/v2\/posts"}],"about":[{"href":"https:\/\/www.europesays.com\/fr\/wp-json\/wp\/v2\/types\/post"}],"author":[{"embeddable":true,"href":"https:\/\/www.europesays.com\/fr\/wp-json\/wp\/v2\/users\/2"}],"replies":[{"embeddable":true,"href":"https:\/\/www.europesays.com\/fr\/wp-json\/wp\/v2\/comments?post=266518"}],"version-history":[{"count":0,"href":"https:\/\/www.europesays.com\/fr\/wp-json\/wp\/v2\/posts\/266518\/revisions"}],"wp:featuredmedia":[{"embeddable":true,"href":"https:\/\/www.europesays.com\/fr\/wp-json\/wp\/v2\/media\/266519"}],"wp:attachment":[{"href":"https:\/\/www.europesays.com\/fr\/wp-json\/wp\/v2\/media?parent=266518"}],"wp:term":[{"taxonomy":"category","embeddable":true,"href":"https:\/\/www.europesays.com\/fr\/wp-json\/wp\/v2\/categories?post=266518"},{"taxonomy":"post_tag","embeddable":true,"href":"https:\/\/www.europesays.com\/fr\/wp-json\/wp\/v2\/tags?post=266518"}],"curies":[{"name":"wp","href":"https:\/\/api.w.org\/{rel}","templated":true}]}}