{"id":266522,"date":"2025-07-22T21:18:11","date_gmt":"2025-07-22T21:18:11","guid":{"rendered":"https:\/\/www.europesays.com\/fr\/266522\/"},"modified":"2025-07-22T21:18:11","modified_gmt":"2025-07-22T21:18:11","slug":"loire-un-vetetiste-helitreuille-apres-une-chute-a-planfoy","status":"publish","type":"post","link":"https:\/\/www.europesays.com\/fr\/266522\/","title":{"rendered":"Loire. Un v\u00e9t\u00e9tiste h\u00e9litreuill\u00e9 apr\u00e8s une chute \u00e0 Planfoy"},"content":{"rendered":"<p>Un homme a \u00e9t\u00e9 h\u00e9litreuill\u00e9, ce mardi soir, apr\u00e8s une s\u00e9v\u00e8re chute \u00e0 v\u00e9lo tout-terrain, sur la commune de Planfoy, au lieu-dit La Chaud. <br \/>Six sapeurs-pompiers, pr\u00e9venus aux alentours de 20\u00a0h\u00a020, se sont rendus sur les lieux, avant de faire appel \u00e0 l\u2019h\u00e9licopt\u00e8re Dragon 69, venu de Lyon, qui a proc\u00e9d\u00e9 \u00e0 l\u2019\u00e9vacuation de l\u2019homme, victime de plusieurs blessures.<\/p>\n<p>La chute est intervenue dans une zone particuli\u00e8rement escarp\u00e9e, d\u2019o\u00f9 la n\u00e9cessit\u00e9 d\u2019un h\u00e9litreuillage.<\/p>\n","protected":false},"excerpt":{"rendered":"Un homme a \u00e9t\u00e9 h\u00e9litreuill\u00e9, ce mardi soir, apr\u00e8s une s\u00e9v\u00e8re chute \u00e0 v\u00e9lo tout-terrain, sur la commune&hellip;\n","protected":false},"author":2,"featured_media":266523,"comment_status":"","ping_status":"","sticky":false,"template":"","format":"standard","meta":{"footnotes":""},"categories":[9653],"tags":[119,1111,11,2430,7539,1777,674,274,1011,27,3367,12,31699,25,4001,15343],"class_list":{"0":"post-266522","1":"post","2":"type-post","3":"status-publish","4":"format-standard","5":"has-post-thumbnail","7":"category-saint-etienne","8":"tag-accident","9":"tag-actu","10":"tag-actualites","11":"tag-auvergne-rhone-alpes","12":"tag-edition-loire-sud","13":"tag-eu","14":"tag-europe","15":"tag-faits-divers-justice","16":"tag-fr","17":"tag-france","18":"tag-loire","19":"tag-news","20":"tag-planfoy","21":"tag-republique-francaise","22":"tag-saint-etienne","23":"tag-saint-genest-malifaux-bassin"},"share_on_mastodon":{"url":"https:\/\/pubeurope.com\/@fr\/114898973720335218","error":""},"_links":{"self":[{"href":"https:\/\/www.europesays.com\/fr\/wp-json\/wp\/v2\/posts\/266522","targetHints":{"allow":["GET"]}}],"collection":[{"href":"https:\/\/www.europesays.com\/fr\/wp-json\/wp\/v2\/posts"}],"about":[{"href":"https:\/\/www.europesays.com\/fr\/wp-json\/wp\/v2\/types\/post"}],"author":[{"embeddable":true,"href":"https:\/\/www.europesays.com\/fr\/wp-json\/wp\/v2\/users\/2"}],"replies":[{"embeddable":true,"href":"https:\/\/www.europesays.com\/fr\/wp-json\/wp\/v2\/comments?post=266522"}],"version-history":[{"count":0,"href":"https:\/\/www.europesays.com\/fr\/wp-json\/wp\/v2\/posts\/266522\/revisions"}],"wp:featuredmedia":[{"embeddable":true,"href":"https:\/\/www.europesays.com\/fr\/wp-json\/wp\/v2\/media\/266523"}],"wp:attachment":[{"href":"https:\/\/www.europesays.com\/fr\/wp-json\/wp\/v2\/media?parent=266522"}],"wp:term":[{"taxonomy":"category","embeddable":true,"href":"https:\/\/www.europesays.com\/fr\/wp-json\/wp\/v2\/categories?post=266522"},{"taxonomy":"post_tag","embeddable":true,"href":"https:\/\/www.europesays.com\/fr\/wp-json\/wp\/v2\/tags?post=266522"}],"curies":[{"name":"wp","href":"https:\/\/api.w.org\/{rel}","templated":true}]}}