{"id":266524,"date":"2025-07-22T21:19:23","date_gmt":"2025-07-22T21:19:23","guid":{"rendered":"https:\/\/www.europesays.com\/fr\/266524\/"},"modified":"2025-07-22T21:19:23","modified_gmt":"2025-07-22T21:19:23","slug":"pourquoi-letat-a-t-il-reduit-les-creneaux-douverture-de-certains-bureaux-de-police-en-sud-loire","status":"publish","type":"post","link":"https:\/\/www.europesays.com\/fr\/266524\/","title":{"rendered":"Pourquoi l\u2019Etat a-t-il r\u00e9duit les cr\u00e9neaux d\u2019ouverture de certains bureaux de police en sud Loire\u00a0? \u00a0"},"content":{"rendered":"<p class=\"is-style-chapo\">D\u2019un c\u00f4t\u00e9, le d\u00e9put\u00e9 de la 1\u00e8re circonscription, Pierrick Courbon, qui d\u00e9nonce l\u00e0 \u00ab\u00a0une r\u00e9duction inacceptable du service public\u00a0\u00bb. De l\u2019autre, le directeur interd\u00e9partemental de la police nationale de la Loire qui indique que l\u2019inverse est pr\u00e9cis\u00e9ment vis\u00e9 via une utilisation plus optimale des forces \u00e0 sa disposition, ces bureaux de plaintes en question \u00e9tant tr\u00e8s peu sollicit\u00e9s. Depuis le d\u00e9but de l\u2019\u00e9t\u00e9, les bureaux de police de Montreynaud et de Roche-la-Moli\u00e8re ne sont en effet d\u00e9sormais ouverts plus que deux jours par semaine. D\u00e9bat et explications. \u00a0<\/p>\n<p><img loading=\"lazy\" decoding=\"async\" width=\"1024\" height=\"576\" src=\"https:\/\/www.europesays.com\/fr\/wp-content\/uploads\/2025\/07\/chambon-commissariat-1024x576.png\" alt=\"\" class=\"wp-image-5931\"  \/>Recul du service public ou, au contraire, progression de celui-ci par optimisation ? Le d\u00e9put\u00e9 Pierrick Courbon et le patron locale de la police nationale ne sont pas d\u2019accord. \u00a9If Saint-\u00c9tienne\/XA ; photo d\u2019illustration.<\/p>\n<p>Pour le d\u00e9put\u00e9 Pierrick Courbon, aucun doute, \u00ab\u00a0c\u2019est comme avec <a href=\"https:\/\/www.if-saint-etienne.fr\/politique-societe\/la-poste-le-conseil-municipal-soppose-aux-fermetures-des-agences-wilson-et-richelandiere\" target=\"_blank\" rel=\"noreferrer noopener nofollow\">La Poste<\/a>\u00a0: vous r\u00e9duisez les capacit\u00e9s d\u2019acc\u00e8s pour justifier la fermeture ensuite\u00a0\u00bb, comparait-il lors d\u2019un \u00e9change avec If Saint-Etienne, dans la foul\u00e9e de son communiqu\u00e9 publi\u00e9 le 10 juillet dernier qui pr\u00e9cisait ses craintes\u00a0: \u00ab\u00a0Bien souvent, voire syst\u00e9matiquement, une r\u00e9duction des horaires d\u2019ouverture entra\u00eene rapidement une r\u00e9duction des effectifs et constitue bien souvent le signe pr\u00e9curseur d\u2019une fermeture \u00e0 venir.\u00a0\u00bb Il n\u2019y a aucun projet de fermeture sous-jacent \u00e0 cette d\u00e9cision, insiste, lui, Yves Cellier, directeur interd\u00e9partemental de la police nationale de la Loire. L\u2019objet du \u00ab\u00a0diff\u00e9rend\u00a0\u00bb\u00a0? La r\u00e9duction r\u00e9cente des cr\u00e9neaux d\u2019ouverture hebdomadaires de deux petits bureaux situ\u00e9s dans la 1\u00e8re circonscription \u00e9lectorale du d\u00e9put\u00e9, ceux de Montreynaud et de Roche-la-Moli\u00e8re.<\/p>\n<p>Des bureaux comme il en existe quatre autres au sein de la circonscription de Saint-Etienne, l\u00e0 au sens du d\u00e9coupage territorial police nationale, p\u00e9rim\u00e8tre couvrant 212\u00a0000 habitants\u00a0: \u00e0 La Cotonne, rue Alma \u00e0 proximit\u00e9 du centre-ville, rue Barrouin et au grand commissariat central de Fauriel. Leur r\u00f4le\u00a0: une pr\u00e9sence permanente effective certes pour ce qui est des quartiers, avec, dans les cas respectifs de Roche-la-Moli\u00e8re et Montreynaud 3 policiers + un administratif affect\u00e9s ; 3 policiers dans le second. Mais surtout, celui de recueillir plaintes et main courantes sur place. A titre de comparaison, \u00ab\u00a0la circonscription d\u2019Orl\u00e9ans qui compte 250\u00a0000 habitants et deux quartiers de reconqu\u00eate r\u00e9publicaine contre un \u00e0 Saint-Etienne, en a cinq\u00a0\u00e9quivalents \u00bb, note Yves Cellier. Reste que ce n\u2019est pas pour cette raison que ce dernier, qui a pris ses fonctions dans la Loire en octobre dernier, assume avoir pris la d\u00e9cision de r\u00e9duire significativement les cr\u00e9neaux d\u2019ouverture de deux de ces bureaux \u00e0 la suite d\u2019un constat de situation sur plusieurs mois.<\/p>\n<p>Pas li\u00e9 \u00e0 une r\u00e9duction d\u2019effectifs<\/p>\n<p>Pas plus que cela t\u00e9moigne d\u2019une r\u00e9duction des <a href=\"https:\/\/www.if-saint-etienne.fr\/politique-societe\/dans-londaine-la-police-reste-desesperement-en-sous-effectif-partie-1-2\" target=\"_blank\" rel=\"noreferrer noopener nofollow\">effectifs<\/a> de police nationale\u00a0: ils seront les m\u00eames au 1er septembre 2025 qu\u2019au 1er septembre 2024. Sur le long terme, ils sont en l\u00e9g\u00e8re hausse, depuis la fin du quinquennat Hollande sans avoir pour autant rattrap\u00e9 les saign\u00e9es subies sous Nicolas Sarkozy entre 2007 et 2012 via l\u2019application de la <a href=\"https:\/\/www.google.com\/url?sa=t&amp;source=web&amp;rct=j&amp;opi=89978449&amp;url=https:\/\/www.ccomptes.fr\/fr\/plateformes-citoyennes\/plateforme-evaluations-politique-publique\/explorer-evaluations\/bilan-de-la-4&amp;ved=2ahUKEwjS9fCX8dCOAxVPUaQEHaTYHqUQFnoECCkQAw&amp;usg=AOvVaw1nm8K4U-ig6VbGplXl_nFm\" target=\"_blank\" rel=\"noreferrer noopener nofollow\">RGPP<\/a>. Reste, \u00e0 propos des deux bureaux en question qu\u2019ils ne sont d\u00e9sormais ouverts plus que deux jours par semaine, de 9 h \u00e0 15 h, contre auparavant environ huit heures, cinq jours sur sept. \u00ab\u00a0D\u2019autres du territoire st\u00e9phanois pourraient \u00eatre concern\u00e9s. \u00c0 l\u2019heure o\u00f9 le ministre de l\u2019Int\u00e9rieur appelle \u00e0 un \u00ab choc d\u2019autorit\u00e9 \u00bb afin de retrouver \u00ab de l\u2019ordre \u00bb, cette d\u00e9cision appara\u00eet incompr\u00e9hensible et envoie un tr\u00e8s mauvais signal \u00e0 la population, s\u2019insurge Pierrick Courbon. Si la faiblesse des moyens humains est avanc\u00e9e pour justifier une telle r\u00e9duction des heures d\u2019ouverture au public, je refuse que les usagers soient une fois de plus les victimes collat\u00e9rales du manque de ressources humaines du service public de la s\u00e9curit\u00e9 et de la r\u00e9alit\u00e9 des choix politiques du Gouvernement, derri\u00e8re les discours offensifs de certains ministres.\u00a0\u00bb<\/p>\n<blockquote>\n<p>\u00c0 l\u2019heure o\u00f9 le ministre de l\u2019Int\u00e9rieur appelle \u00e0 un \u00ab choc d\u2019autorit\u00e9 \u00bb afin de retrouver \u00ab de l\u2019ordre \u00bb, cette d\u00e9cision appara\u00eet incompr\u00e9hensible et envoie un tr\u00e8s mauvais signal. <\/p>\n<p>Pierrick Courbon, d\u00e9put\u00e9 PS de Saint-Etienne<\/p><\/blockquote>\n<p>Le d\u00e9put\u00e9 regrette d\u2019avoir \u00e9t\u00e9 mis \u00ab\u00a0devant le fait accompli\u00a0\u00bb, et \u00ab\u00a0non associ\u00e9 \u00e0 la r\u00e9flexion par les services de l\u2019\u00c9tat\u00a0\u00bb. Yves Cellier pr\u00e9cise, lui : \u00ab\u00a0Nous en avons d\u00e9j\u00e0 discut\u00e9 ensemble, avant ce communiqu\u00e9, il y a plusieurs semaines, puisqu\u2019il m\u2019avait sollicit\u00e9 \u00e0 ce sujet. Techniquement, cette d\u00e9cision de moduler les horaires n\u2019appartient qu\u2019\u00e0 l\u2019Etat, au feu vert du pr\u00e9fet \u00e0 la suite de mes propositions. Il n\u2019y a pas de consultations obligatoires des \u00e9lus locaux. Cependant, et c\u2019est bien logique, nous avons pris soin de le faire avec les maires des deux communes qui ont bien saisi le bienfond\u00e9 de la d\u00e9marche et n\u2019ont d\u2019ailleurs pas \u00e9mis d\u2019opposition une fois expliqu\u00e9e\u00a0\u00bb. Car, d\u00e9fend Yves Cellier, \u00ab\u00a0il ne s\u2019agit pas absolument d\u2019un recul du service public mais au contraire de son optimisation\u00a0\u00bb. Chiffres \u00e0 l\u2019appui. Avant la r\u00e9duction des cr\u00e9neaux d\u2019ouverture, Montreynaud enregistrait en moyenne 0,62 plainte par jour et Roche-la-Moli\u00e8re 0,44, l\u00e0 o\u00f9 Alma en compte 3\/j et Barrouin en 5,5. Il faut cependant signaler, ne serait-ce que pour le premier 49 jours de fermeture impr\u00e9vus sur 260 cens\u00e9s d\u2019ouverture dans l\u2019ann\u00e9e.<\/p>\n<p>Question de rationalisation\u00a0?<\/p>\n<p>La \u00ab\u00a0faute\u00a0\u00bb, explique Y. Cellier aux al\u00e9as d\u2019une \u00ab\u00a0gestion RH comme une autre\u00a0\u00bb \u2013 maladie annonc\u00e9e la veille par exemple \u2013 crois\u00e9e avec des \u00e9v\u00e9nements inattendus, comme l\u2019avaient \u00e9t\u00e9 les \u00e9meutes en 2023, ou sinon exceptionnels \u2013 p\u00e9riodes de s\u00e9curisation li\u00e9e \u00e0 un grand \u00e9v\u00e8nement sportif par exemple \u2013 r\u00e9clamant une organisation \/ r\u00e9partition globales ponctuelles de la police nationale diff\u00e9rentes pour d\u00e9gager du temps sur de la pr\u00e9sence op\u00e9rationnelle. Interrog\u00e9 par If,\u00a0le directeur de la police poursuit sur sa logique et explique que \u00ab\u00a0quand les policiers qui sont affect\u00e9s \u00e0 ces bureaux ne s\u2019occupent pas des plaintes, ils sont charg\u00e9s d\u2019investigation\u00a0: des enqu\u00eates sur des petits faits de violence, de d\u00e9gradation n\u2019ayant pas entra\u00een\u00e9 de lourdes cons\u00e9quences, situ\u00e9es entre la contravention et le d\u00e9lit\u00a0\u00bb. T\u00e2ches qui seront donc d\u00e9sormais effectu\u00e9es sp\u00e9cifiquement 3 jours 5 mais de mani\u00e8re regroup\u00e9e au bureau de La Cotonne pour les policiers du bureau de Roche-la-Moli\u00e8re, \u00e0 celui Barrouin pour ceux affect\u00e9s \u00e0 Montreynaud.<\/p>\n<blockquote>\n<p>Vis-\u00e0-vis de l\u2019utilisation de nos forces, c\u2019est plus rationnel : en les concentrant 3 jours sur 5 sur leurs t\u00e2ches d\u2019investigation, nous rendrons ainsi davantage service \u00e0 la population qu\u2019avec le fonctionnement pr\u00e9c\u00e9dent. <\/p>\n<p>Yves Cellier, DIPN de la Loire<\/p><\/blockquote>\n<p>\u00ab\u00a0Nous estimons qu\u2019en le concentrant sur ces seules missions l\u00e0 trois jours de la semaine, en \u00e9tant du coup, aussi, beaucoup mieux encadr\u00e9s \u00e0 leur sujet, leur efficacit\u00e9 sera meilleure et le taux d\u2019\u00e9lucidation aussi. Vis-\u00e0-vis de l\u2019utilisation de nos forces, c\u2019est plus rationnel : nous rendrons ainsi davantage service \u00e0 la population qu\u2019avec le fonctionnement pr\u00e9c\u00e9dent. Ce qui ne les emp\u00eachera pas de continuer \u00e0 rendre celui autour des prises de plainte les deux autres jours avec d\u2019ailleurs une meilleure lisibilit\u00e9 et plus de garantie de pr\u00e9sence.\u00a0\u00bb Le patron de la police rappelle aussi que parall\u00e8lement, le d\u00e9veloppement de la num\u00e9risation des prises de plainte \u2013 elle va continuer d\u2019ailleurs \u00e0 s\u2019\u00e9tendre \u2013 donnant d\u2019autres possibilit\u00e9s tout en ayant d\u00e9j\u00e0 fatalement un peu r\u00e9duit les flux physiques. Certes pas de mani\u00e8re aussi comparable que d\u2019autres services publics, Yves Cellier se disant conscient de la fracture num\u00e9rique et que l\u2019on recherche bien davantage un interlocuteur physique pour porter plainte que pour d\u2019autres d\u00e9marches de type administratives.<\/p>\n<p>De la cr\u00e9dibilit\u00e9 de la puissance publique<\/p>\n<p>\u00ab\u00a0Mais ce n\u2019est pas non plus comparable \u00e0 La Poste\u00a0!, argue-t-il. L\u2019essentiel reste la pr\u00e9sence des patrouilles, la r\u00e9activit\u00e9 en appelant le 17 et la r\u00e9solution d\u2019enqu\u00eate.\u00a0\u00bb Pour Pierrick Courbon toutefois, les raisons point\u00e9es par le patron de la police lig\u00e9rienne ne sont d\u00e9cid\u00e9ment pas convaincantes\u00a0: \u00ab\u00a0Les victimes voulant notamment effectuer un d\u00e9p\u00f4t de plainte ne peuvent \u00eatre les seules variables d\u2019ajustement de la \u00ab p\u00e9nurie \u00bb, et la d\u00e9mat\u00e9rialisation croissante des proc\u00e9dures ne peut constituer une r\u00e9ponse satisfaisante, qui plus est pour r\u00e9pondre aux besoins d\u2019une population fragilis\u00e9e et vieillissante. La d\u00e9shumanisation des services publics n\u2019est pas la solution !\u00a0\u00bb<\/p>\n<p>\u00c0 Montreynaud, ajoute-t-il, \u00ab\u00a0quartier d\u00e9j\u00e0 fortement affect\u00e9 par le recul des services publics, une telle mesure risque d\u2019affaiblir encore davantage la cr\u00e9dibilit\u00e9 de la puissance publique. \u00a0\u00c0 Roche-la-Moli\u00e8re, je rappelle que le bureau a \u00e9t\u00e9 compl\u00e8tement r\u00e9nov\u00e9 et inaugur\u00e9 il y a moins de 6 ans, apr\u00e8s plus de 350 000 euros de travaux, moyennant l\u2019engagement du maintien durable de la pr\u00e9sence de la Police Nationale sur le territoire communal, au service de l\u2019ensemble de l\u2019Ouest st\u00e9phanois. Je ne veux croire que ces d\u00e9cisions aient pu \u00eatre soutenues par les maires des communes concern\u00e9es. (\u2026) Je regrette tant la m\u00e9thode de cette d\u00e9cision prise en catimini, que la politique du \u00ab fait accompli \u00bb et continuerai de m\u2019opposer \u00e0 toutes forces au d\u00e9mant\u00e8lement du service public de la s\u00e9curit\u00e9, \u00e0 l\u2019heure o\u00f9 celle-ci demeure l\u2019une des premi\u00e8res pr\u00e9occupations de nos concitoyens, \u00e0 Saint-\u00c9tienne et Roche-la-Moli\u00e8re, comme partout en France.\u00a0\u00bb<\/p>\n","protected":false},"excerpt":{"rendered":"D\u2019un c\u00f4t\u00e9, le d\u00e9put\u00e9 de la 1\u00e8re circonscription, Pierrick Courbon, qui d\u00e9nonce l\u00e0 \u00ab\u00a0une r\u00e9duction inacceptable du service&hellip;\n","protected":false},"author":2,"featured_media":266525,"comment_status":"","ping_status":"","sticky":false,"template":"","format":"standard","meta":{"footnotes":""},"categories":[9653],"tags":[1111,11,2430,40598,1777,674,1011,27,10086,12,40599,40600,4843,40601,25,18079,12490,4001,40602],"class_list":{"0":"post-266524","1":"post","2":"type-post","3":"status-publish","4":"format-standard","5":"has-post-thumbnail","7":"category-saint-etienne","8":"tag-actu","9":"tag-actualites","10":"tag-auvergne-rhone-alpes","11":"tag-bureaux-de-police","12":"tag-eu","13":"tag-europe","14":"tag-fr","15":"tag-france","16":"tag-montreynaud","17":"tag-news","18":"tag-pierrick-courbon","19":"tag-police-17-loire","20":"tag-police-nationale","21":"tag-police-saint-etienne","22":"tag-republique-francaise","23":"tag-restrictif","24":"tag-roche-la-moliere","25":"tag-saint-etienne","26":"tag-yves-cellier"},"share_on_mastodon":{"url":"https:\/\/pubeurope.com\/@fr\/114898977683387548","error":""},"_links":{"self":[{"href":"https:\/\/www.europesays.com\/fr\/wp-json\/wp\/v2\/posts\/266524","targetHints":{"allow":["GET"]}}],"collection":[{"href":"https:\/\/www.europesays.com\/fr\/wp-json\/wp\/v2\/posts"}],"about":[{"href":"https:\/\/www.europesays.com\/fr\/wp-json\/wp\/v2\/types\/post"}],"author":[{"embeddable":true,"href":"https:\/\/www.europesays.com\/fr\/wp-json\/wp\/v2\/users\/2"}],"replies":[{"embeddable":true,"href":"https:\/\/www.europesays.com\/fr\/wp-json\/wp\/v2\/comments?post=266524"}],"version-history":[{"count":0,"href":"https:\/\/www.europesays.com\/fr\/wp-json\/wp\/v2\/posts\/266524\/revisions"}],"wp:featuredmedia":[{"embeddable":true,"href":"https:\/\/www.europesays.com\/fr\/wp-json\/wp\/v2\/media\/266525"}],"wp:attachment":[{"href":"https:\/\/www.europesays.com\/fr\/wp-json\/wp\/v2\/media?parent=266524"}],"wp:term":[{"taxonomy":"category","embeddable":true,"href":"https:\/\/www.europesays.com\/fr\/wp-json\/wp\/v2\/categories?post=266524"},{"taxonomy":"post_tag","embeddable":true,"href":"https:\/\/www.europesays.com\/fr\/wp-json\/wp\/v2\/tags?post=266524"}],"curies":[{"name":"wp","href":"https:\/\/api.w.org\/{rel}","templated":true}]}}