{"id":266528,"date":"2025-07-22T21:21:15","date_gmt":"2025-07-22T21:21:15","guid":{"rendered":"https:\/\/www.europesays.com\/fr\/266528\/"},"modified":"2025-07-22T21:21:15","modified_gmt":"2025-07-22T21:21:15","slug":"le-racing-convaincant-face-a-nancy-pour-son-premier-test","status":"publish","type":"post","link":"https:\/\/www.europesays.com\/fr\/266528\/","title":{"rendered":"le Racing convaincant face \u00e0 Nancy pour son premier test"},"content":{"rendered":"<p>Avec deux onze assez distincts de chaque c\u00f4t\u00e9 par p\u00e9riode, on pouvait s\u2019attendre ce mardi \u00e0 voir des physionomies diff\u00e9rentes.<\/p>\n<p><a href=\"https:\/\/www.dna.fr\/sport\/2025\/07\/21\/premier-test-a-colmar-pour-les-racingmen\" target=\"_blank\" rel=\"noopener\">Liam Rosenior, qui avait indiqu\u00e9 la veille vouloir voir \u00ab\u00a0l\u2019identit\u00e9 et les id\u00e9es de jeu\u00a0\u00bb de son groupe sur ce premier match de pr\u00e9paration<\/a>, n\u2019avait toutefois pas envie qu\u2019il y ait un trop grand delta entre les deux mi-temps.<\/p>\n<p>Sur la premi\u00e8re, le Britannique avait d\u00e9cid\u00e9 de lancer dans le bain une seule des trois recrues disponibles (*), le milieu international polonais Maxi Oyedele. Plac\u00e9 dans l\u2019entrejeu aux c\u00f4t\u00e9s d\u2019un Samir El Mourabet tr\u00e8s juste dans ses choix, le transfuge du Legia Varsovie ne gardera sans doute pas un souvenir imp\u00e9rissable de sa premi\u00e8re exp\u00e9rience en bleu.<\/p>\n<p>Il a trop souvent eu du mal \u00e0 se situer sur le terrain par rapport \u00e0 ses co\u00e9quipiers et a multipli\u00e9 les pertes de balle et les mauvaises passes. On mettra cela sur le compte de la fatigue li\u00e9e \u00e0 la pr\u00e9paration, alors que son coach s\u2019\u00e9tait dit tr\u00e8s satisfait de ce qu\u2019il a produit lors des&#8230;<\/p>\n","protected":false},"excerpt":{"rendered":"Avec deux onze assez distincts de chaque c\u00f4t\u00e9 par p\u00e9riode, on pouvait s\u2019attendre ce mardi \u00e0 voir des&hellip;\n","protected":false},"author":2,"featured_media":266529,"comment_status":"","ping_status":"","sticky":false,"template":"","format":"standard","meta":{"footnotes":""},"categories":[9635],"tags":[1111,11,2880,1777,674,63,1011,27,775,1702,12,9371,25,517,640,2879],"class_list":{"0":"post-266528","1":"post","2":"type-post","3":"status-publish","4":"format-standard","5":"has-post-thumbnail","7":"category-nancy","8":"tag-actu","9":"tag-actualites","10":"tag-edition-strasbourg","11":"tag-eu","12":"tag-europe","13":"tag-football","14":"tag-fr","15":"tag-france","16":"tag-grand-est","17":"tag-nancy","18":"tag-news","19":"tag-rcsa-racing-club-strasbourg","20":"tag-republique-francaise","21":"tag-sport","22":"tag-strasbourg","23":"tag-strasbourg-ville"},"share_on_mastodon":{"url":"https:\/\/pubeurope.com\/@fr\/114898985531693007","error":""},"_links":{"self":[{"href":"https:\/\/www.europesays.com\/fr\/wp-json\/wp\/v2\/posts\/266528","targetHints":{"allow":["GET"]}}],"collection":[{"href":"https:\/\/www.europesays.com\/fr\/wp-json\/wp\/v2\/posts"}],"about":[{"href":"https:\/\/www.europesays.com\/fr\/wp-json\/wp\/v2\/types\/post"}],"author":[{"embeddable":true,"href":"https:\/\/www.europesays.com\/fr\/wp-json\/wp\/v2\/users\/2"}],"replies":[{"embeddable":true,"href":"https:\/\/www.europesays.com\/fr\/wp-json\/wp\/v2\/comments?post=266528"}],"version-history":[{"count":0,"href":"https:\/\/www.europesays.com\/fr\/wp-json\/wp\/v2\/posts\/266528\/revisions"}],"wp:featuredmedia":[{"embeddable":true,"href":"https:\/\/www.europesays.com\/fr\/wp-json\/wp\/v2\/media\/266529"}],"wp:attachment":[{"href":"https:\/\/www.europesays.com\/fr\/wp-json\/wp\/v2\/media?parent=266528"}],"wp:term":[{"taxonomy":"category","embeddable":true,"href":"https:\/\/www.europesays.com\/fr\/wp-json\/wp\/v2\/categories?post=266528"},{"taxonomy":"post_tag","embeddable":true,"href":"https:\/\/www.europesays.com\/fr\/wp-json\/wp\/v2\/tags?post=266528"}],"curies":[{"name":"wp","href":"https:\/\/api.w.org\/{rel}","templated":true}]}}