{"id":266536,"date":"2025-07-22T21:27:11","date_gmt":"2025-07-22T21:27:11","guid":{"rendered":"https:\/\/www.europesays.com\/fr\/266536\/"},"modified":"2025-07-22T21:27:11","modified_gmt":"2025-07-22T21:27:11","slug":"le-circulation-interrompue-dans-un-sens","status":"publish","type":"post","link":"https:\/\/www.europesays.com\/fr\/266536\/","title":{"rendered":"le circulation interrompue dans un sens"},"content":{"rendered":"<p>            Par<br \/>\n        <strong><br \/>\n            <a href=\"https:\/\/actu.fr\/auteur\/fmass\" title=\"Consulter tous les articles de Fabien Massin\" rel=\"nofollow noopener\" target=\"_blank\">Fabien Massin<\/a><br \/>\n        <\/strong><\/p>\n<p>        Publi\u00e9 le<\/p>\n<p>            22 juil. 2025 \u00e0 20h32        <\/p>\n<p>Mardi 22 juillet 2025 en fin de journ\u00e9e, vers 18h30, les pompiers ont \u00e9t\u00e9 appel\u00e9s pour intervenir sur accident de la circulation sur l\u2019autoroute A28, dans le sens <a href=\"https:\/\/actu.fr\/normandie\/rouen_76540\" rel=\"nofollow noopener\" target=\"_blank\">Rouen-Abbeville<\/a>, au niveau de la commune de <strong>Saint-Riquier-en-Rivi\u00e8re<\/strong>, pr\u00e9cise <a href=\"https:\/\/www.bison-fute.gouv.fr\/rouen,10267.html\" rel=\"nofollow noopener\" target=\"_blank\">Bison F\u00fbt\u00e9<\/a>.\u00a0<\/p>\n<p>La circulation interrompue dans le sens Rouen-Abbeville<\/p>\n<p class=\" wall-content\">Sur place, un poids en feu se trouvait sur la bande d\u2019arr\u00eat d\u2019urgence, informe le Sdis (service d\u00e9partemental d\u2019incendie et de secours) de la Seine-Maritime.<strong> Un poids lourd qui transportait 6 tonnes de carton<\/strong>.<\/p>\n<p class=\" wall-content\">Cinq engins et 16 sapeurs-pompiers ont \u00e9t\u00e9 d\u00e9p\u00each\u00e9s. Pendant tout la dur\u00e9e des op\u00e9ration, la circulation est totalement bloqu\u00e9e dans le sens Rouen-Abbeville.<\/p>\n<p>Suivez l\u2019actualit\u00e9 de Rouen sur notre<a href=\"https:\/\/www.whatsapp.com\/channel\/0029VaKfnf99hXF2ddApFB1D\" rel=\"nofollow noopener\" target=\"_blank\"> cha\u00eene WhatsApp<\/a> et sur notre <a href=\"https:\/\/www.tiktok.com\/@76actu.fr?lang=fr\" rel=\"nofollow noopener\" target=\"_blank\">compte TikTok<\/a><\/p>\n<p class=\" wall-content\">Suivez toute l\u2019actualit\u00e9 de vos villes et m\u00e9dias favoris en vous inscrivant \u00e0 <a href=\"https:\/\/moncompte.actu.fr\" title=\"D\u00e9couvez Mon Actu\" rel=\"nofollow noopener\" data-trk=\"{&quot;cta&quot;:{&quot;action&quot;:&quot;https:\\\/\\\/moncompte.actu.fr&quot;,&quot;category&quot;:&quot;mon compte&quot;,&quot;from&quot;:&quot;article footer&quot;,&quot;name&quot;:&quot;Mon actu&quot;,&quot;type&quot;:&quot;cta&quot;}}\" target=\"_blank\">Mon Actu<\/a>.<\/p>\n<p>                    <script async src=\"\/\/www.tiktok.com\/embed.js\"><\/script><\/p>\n","protected":false},"excerpt":{"rendered":"Par Fabien Massin Publi\u00e9 le 22 juil. 2025 \u00e0 20h32 Mardi 22 juillet 2025 en fin de journ\u00e9e,&hellip;\n","protected":false},"author":2,"featured_media":266537,"comment_status":"","ping_status":"","sticky":false,"template":"","format":"standard","meta":{"footnotes":""},"categories":[9587],"tags":[119,1111,11,1777,674,118,1011,27,12,5161,1311,25,9590],"class_list":{"0":"post-266536","1":"post","2":"type-post","3":"status-publish","4":"format-standard","5":"has-post-thumbnail","7":"category-rouen","8":"tag-accident","9":"tag-actu","10":"tag-actualites","11":"tag-eu","12":"tag-europe","13":"tag-faits-divers","14":"tag-fr","15":"tag-france","16":"tag-news","17":"tag-normandie","18":"tag-pompiers","19":"tag-republique-francaise","20":"tag-rouen"},"share_on_mastodon":{"url":"https:\/\/pubeurope.com\/@fr\/114899009088594087","error":""},"_links":{"self":[{"href":"https:\/\/www.europesays.com\/fr\/wp-json\/wp\/v2\/posts\/266536","targetHints":{"allow":["GET"]}}],"collection":[{"href":"https:\/\/www.europesays.com\/fr\/wp-json\/wp\/v2\/posts"}],"about":[{"href":"https:\/\/www.europesays.com\/fr\/wp-json\/wp\/v2\/types\/post"}],"author":[{"embeddable":true,"href":"https:\/\/www.europesays.com\/fr\/wp-json\/wp\/v2\/users\/2"}],"replies":[{"embeddable":true,"href":"https:\/\/www.europesays.com\/fr\/wp-json\/wp\/v2\/comments?post=266536"}],"version-history":[{"count":0,"href":"https:\/\/www.europesays.com\/fr\/wp-json\/wp\/v2\/posts\/266536\/revisions"}],"wp:featuredmedia":[{"embeddable":true,"href":"https:\/\/www.europesays.com\/fr\/wp-json\/wp\/v2\/media\/266537"}],"wp:attachment":[{"href":"https:\/\/www.europesays.com\/fr\/wp-json\/wp\/v2\/media?parent=266536"}],"wp:term":[{"taxonomy":"category","embeddable":true,"href":"https:\/\/www.europesays.com\/fr\/wp-json\/wp\/v2\/categories?post=266536"},{"taxonomy":"post_tag","embeddable":true,"href":"https:\/\/www.europesays.com\/fr\/wp-json\/wp\/v2\/tags?post=266536"}],"curies":[{"name":"wp","href":"https:\/\/api.w.org\/{rel}","templated":true}]}}