{"id":266542,"date":"2025-07-22T21:30:44","date_gmt":"2025-07-22T21:30:44","guid":{"rendered":"https:\/\/www.europesays.com\/fr\/266542\/"},"modified":"2025-07-22T21:30:44","modified_gmt":"2025-07-22T21:30:44","slug":"apres-un-nouveau-retournement-de-situation-a-quoi-faut-il-sattendre-les-previsions","status":"publish","type":"post","link":"https:\/\/www.europesays.com\/fr\/266542\/","title":{"rendered":"apr\u00e8s un \u00ab\u00a0nouveau retournement de situation\u00a0\u00bb, \u00e0 quoi faut-il s&rsquo;attendre ? Les pr\u00e9visions"},"content":{"rendered":"<p>            Par<br \/>\n        <strong><br \/>\n            <a href=\"https:\/\/actu.fr\/auteur\/brian-legoff\" title=\"Consulter tous les articles de Brian Le Goff\" target=\"_blank\" rel=\"noopener\">Brian Le Goff<\/a><br \/>\n        <\/strong><\/p>\n<p>        Publi\u00e9 le<\/p>\n<p>            22 juil. 2025 \u00e0 6h48        <\/p>\n<p><strong>Entre la premi\u00e8re quinzaine de juillet et la seconde, le contraste est saisissant<\/strong> du point de vue de la <a href=\"https:\/\/actu.fr\/meteo\" target=\"_blank\" rel=\"noopener\">m\u00e9t\u00e9o<\/a> en <a href=\"https:\/\/actu.fr\/bretagne\/\" target=\"_blank\" rel=\"noopener\">Bretagne<\/a>. Alors que l\u2019on a connu globalement plusieurs \u00e9pisodes <a href=\"https:\/\/actu.fr\/bretagne\/rennes_35238\/canicule-en-bretagne-des-records-atteints-voici-les-villes-ou-il-a-fait-le-plus-chaud_62849760.html\" target=\"_blank\" rel=\"noopener\">caniculaires en juin<\/a> et <a href=\"https:\/\/actu.fr\/bretagne\/rennes_35238\/nouvelle-canicule-en-france-la-semaine-prochaine-a-quoi-faut-il-s-attendre-en-bretagne-les-previsions_62872627.html\" target=\"_blank\" rel=\"noopener\">d\u00e9but juillet<\/a>, le <a href=\"https:\/\/actu.fr\/bretagne\/rennes_35238\/meteo-en-bretagne-un-mal-pour-un-bien-la-pluie-et-les-orages-de-retour-dans-la-region_62920570.html\" target=\"_blank\" rel=\"noopener\">temps a compl\u00e8tement chang\u00e9<\/a> depuis la fin de semaine derni\u00e8re.<\/p>\n<p class=\" wall-content\">\u00ab\u2009Si, pour les <strong>vacanciers et touristes<\/strong>, la m\u00e9t\u00e9o est <strong>moins agr\u00e9able<\/strong>, elle est<strong> n\u00e9cessaire pour la nature\u2009\u00bb<\/strong>, observe S\u00e9bastien Decaux, m\u00e9t\u00e9orologue chez <a href=\"https:\/\/www.meteo.bzh\/\" target=\"_blank\" rel=\"noopener\">M\u00e9t\u00e9o Bretagne<\/a>. Pour<a href=\"https:\/\/actu.fr\/rennes\/\" target=\"_blank\" rel=\"noopener\"> actu Rennes<\/a>, il revient sur la m\u00e9t\u00e9o des derniers jours et les pr\u00e9visions de cette semaine.<\/p>\n<p>Des cumuls de pr\u00e9cipitations au-dessus de la moyenne mensuelle<\/p>\n<p class=\" wall-content\">\u00c0 la fin du mois, les cumuls de pr\u00e9cipitations seront <strong>au-dessus<\/strong> des moyennes<strong> d\u2019un mois de juillet classique<\/strong>. \u00ab\u2009C\u2019est un nouveau retournement de situation\u2009\u00bb, r\u00e9sume ainsi S\u00e9bastien Decaux.<\/p>\n<blockquote class=\"ac-article-quote wall-content\">\n<p>Avec ce qu&rsquo;il a plu ce week-end, la s\u00e9cheresse est largement moins prononc\u00e9e. On voit que les sols vont commencer \u00e0 reverdir. C&rsquo;est moins jaune, moins sec. <\/p>\n<p>    <strong>S\u00e9bastien Decaux<\/strong><br \/>\n        M\u00e9t\u00e9orologue chez M\u00e9t\u00e9o Bretagne    <\/p><\/blockquote>\n<p class=\" wall-content\">Par exemple <strong>\u00e0 Rennes,<\/strong> il est tomb\u00e9 <strong>44,4 millim\u00e8tres<\/strong> de pluie depuis d\u00e9but juillet. La moyenne annuelle pour la capitale bretonne est de 44 millim\u00e8tres. \u00ab\u2009La m\u00e9tropole a donc <strong>d\u00e9j\u00e0 atteint sa norme au 21\u00a0juillet,<\/strong> sans compter les prochaines averses encore pr\u00e9vues. C\u2019est la <strong>premi\u00e8re fois depuis mars qu\u2019elle n\u2019est pas en d\u00e9ficit\u2009\u00bb<\/strong>, note S\u00e9bastien Decaux.<\/p>\n<p class=\" wall-content\">Et cette <strong>situation est presque partout la m\u00eame<\/strong> dans la r\u00e9gion, si ce n\u2019est sur une partie des C\u00f4tes-d\u2019Armor. \u00ab\u2009\u00c0 Saint-Brieuc, on est \u00e0 26\u00a0mm. 18\u00a0mm sur l\u2019\u00eele de Br\u00e9hat. La <strong>norme<\/strong> sur le pays Briochin est de <strong>42 mm\u2009\u00bb<\/strong>, d\u00e9veloppe le m\u00e9t\u00e9orologue.<\/p>\n<p class=\" wall-content\">\n<p>Encore entre 15 et 30 mm sur la r\u00e9gion<\/p>\n<p class=\" wall-content\">L\u2019instabilit\u00e9 va se poursuivre mardi et mercredi.<\/p>\n<blockquote class=\"ac-article-quote wall-content\">\n<p>Ce sera notamment le cas dans la nuit de mardi \u00e0 mercredi, avec souvent 15 \u00e0 30 mm de cumul de pr\u00e9cipitations pr\u00e9vues, et m\u00eame parfois 40 millim\u00e8tres en raison du passage d&rsquo;une nouvelle perturbation pluvio-orageuse.<\/p>\n<p>    <strong>S\u00e9bastien Decaux<\/strong><br \/>\n        M\u00e9t\u00e9orologue chez M\u00e9t\u00e9o Bretagne    <\/p><\/blockquote>\n<p class=\" wall-content\">Mercredi, les averses orageuses se poursuivent. <strong>\u00ab\u2009\u00c7a commencera \u00e0 redevenir lumineux<\/strong> sur les c\u00f4tes du Finist\u00e8re et sur le littoral de la Manche. Les \u00e9claircies vont r\u00e9appara\u00eetre dans un flux de secteur nord-ouest frais.\u2009\u00bb Les temp\u00e9ratures maximales plafonneront <strong>entre<\/strong> <strong>19 et 22\u00a0\u00b0C<\/strong>.<\/p>\n<p class=\" wall-content\">\n<p>\u00ab\u00a0Un temps calme et stable\u00a0\u00bb pour la fin de semaine<\/p>\n<p class=\" wall-content\"><strong>Jeudi, vendredi, samedi et dimanche,<\/strong> le ciel alternera <strong>entre nuages et \u00e9claircies.<\/strong> Ce seront d\u2019ailleurs ces derni\u00e8res qui vont prendre l\u2019avantage avec de tr\u00e8s rares averses. \u00ab\u2009C\u2019est le retour de pressions plus \u00e9lev\u00e9es avec <strong>l\u2019installation de l\u2019anticyclone des A\u00e7ores sur l\u2019Atlantique<\/strong> qui coupe la route aux perturbations et permettra de maintenir un temps calme et stable.\u2009\u00bb<\/p>\n<p class=\" wall-content\">Il ne fera <strong>pas plus de 20 \u00e0 23\u00a0\u00b0C et jusqu\u2019\u00e0 24\u00a0\u00b0C<\/strong> potentiellement sur Rennes. \u00ab\u2009En somme, <strong>on pourra profiter des activit\u00e9s en ext\u00e9rieur\u2009\u00bb<\/strong>, conclut S\u00e9bastien Decaux.<\/p>\n<p class=\" wall-content\">Suivez toute l\u2019actualit\u00e9 de vos villes et m\u00e9dias favoris en vous inscrivant \u00e0 <a href=\"https:\/\/moncompte.actu.fr\" title=\"D\u00e9couvez Mon Actu\" rel=\"nofollow noopener\" data-trk=\"{&quot;cta&quot;:{&quot;action&quot;:&quot;https:\\\/\\\/moncompte.actu.fr&quot;,&quot;category&quot;:&quot;mon compte&quot;,&quot;from&quot;:&quot;article footer&quot;,&quot;name&quot;:&quot;Mon actu&quot;,&quot;type&quot;:&quot;cta&quot;}}\" target=\"_blank\">Mon Actu<\/a>.<\/p>\n","protected":false},"excerpt":{"rendered":"Par Brian Le Goff Publi\u00e9 le 22 juil. 2025 \u00e0 6h48 Entre la premi\u00e8re quinzaine de juillet et&hellip;\n","protected":false},"author":2,"featured_media":266543,"comment_status":"","ping_status":"","sticky":false,"template":"","format":"standard","meta":{"footnotes":""},"categories":[2821],"tags":[1111,11,829,1777,674,1011,27,2487,12,4459,584,25],"class_list":{"0":"post-266542","1":"post","2":"type-post","3":"status-publish","4":"format-standard","5":"has-post-thumbnail","7":"category-rennes","8":"tag-actu","9":"tag-actualites","10":"tag-bretagne","11":"tag-eu","12":"tag-europe","13":"tag-fr","14":"tag-france","15":"tag-meteo","16":"tag-news","17":"tag-pluie","18":"tag-rennes","19":"tag-republique-francaise"},"share_on_mastodon":{"url":"https:\/\/pubeurope.com\/@fr\/114899020914726890","error":""},"_links":{"self":[{"href":"https:\/\/www.europesays.com\/fr\/wp-json\/wp\/v2\/posts\/266542","targetHints":{"allow":["GET"]}}],"collection":[{"href":"https:\/\/www.europesays.com\/fr\/wp-json\/wp\/v2\/posts"}],"about":[{"href":"https:\/\/www.europesays.com\/fr\/wp-json\/wp\/v2\/types\/post"}],"author":[{"embeddable":true,"href":"https:\/\/www.europesays.com\/fr\/wp-json\/wp\/v2\/users\/2"}],"replies":[{"embeddable":true,"href":"https:\/\/www.europesays.com\/fr\/wp-json\/wp\/v2\/comments?post=266542"}],"version-history":[{"count":0,"href":"https:\/\/www.europesays.com\/fr\/wp-json\/wp\/v2\/posts\/266542\/revisions"}],"wp:featuredmedia":[{"embeddable":true,"href":"https:\/\/www.europesays.com\/fr\/wp-json\/wp\/v2\/media\/266543"}],"wp:attachment":[{"href":"https:\/\/www.europesays.com\/fr\/wp-json\/wp\/v2\/media?parent=266542"}],"wp:term":[{"taxonomy":"category","embeddable":true,"href":"https:\/\/www.europesays.com\/fr\/wp-json\/wp\/v2\/categories?post=266542"},{"taxonomy":"post_tag","embeddable":true,"href":"https:\/\/www.europesays.com\/fr\/wp-json\/wp\/v2\/tags?post=266542"}],"curies":[{"name":"wp","href":"https:\/\/api.w.org\/{rel}","templated":true}]}}