{"id":266544,"date":"2025-07-22T21:31:24","date_gmt":"2025-07-22T21:31:24","guid":{"rendered":"https:\/\/www.europesays.com\/fr\/266544\/"},"modified":"2025-07-22T21:31:24","modified_gmt":"2025-07-22T21:31:24","slug":"lens-brest-en-ouverture-lorient-le-samedi-et-rennes-le-dimanche-la-programmation-de-la-3e-journee-de-ligue-1","status":"publish","type":"post","link":"https:\/\/www.europesays.com\/fr\/266544\/","title":{"rendered":"Lens &#8211; Brest en ouverture, Lorient le samedi et Rennes le dimanche\u2026 la programmation de la 3e journ\u00e9e de Ligue\u00a01"},"content":{"rendered":"<p>La LFP a d\u00e9voil\u00e9 la programmation de la 3e journ\u00e9e de Ligue 1. Le match d\u2019ouverture donnera lieu \u00e0 des retrouvailles entre Lensois et Brestois apr\u00e8s <a href=\"https:\/\/www.letelegramme.fr\/finistere\/brest-29200\/rixe-au-restaurant-blocage-de-la-rn-12-entre-ultras-lensois-et-brestois-un-episode-de-tension-que-personne-navait-vu-venir-6802775.php\" target=\"_blank\" rel=\"nofollow noopener\">les \u00e9chauffour\u00e9es entre supporters d\u2019avril dernier<\/a>. RC Lens &#8211; Stade Brestois aura ainsi lieu le vendredi 29 ao\u00fbt \u00e0 20 h 45.<\/p>\n<p>De son c\u00f4t\u00e9, le FC Lorient accueillera Lille le samedi 30 ao\u00fbt \u00e0 17 h, et le Stade Rennais se d\u00e9placera \u00e0 Angers, le dimanche 31 ao\u00fbt \u00e0 15 h. Cette 3e journ\u00e9e de Ligue 1 sera conclue par l\u2019Olympico entre Lyon et Marseille.<\/p>\n<p class=\"titre-tech\">La programmation compl\u00e8te de la 3e journ\u00e9e<\/p>\n<p><strong class=\"tech\">Vendredi 29 ao\u00fbt<\/strong><\/p>\n<p class=\"tech\">RC Lens \u2013 Stade Brestois 29, \u00e0 20 h 45 sur Ligue 1 +<\/p>\n<p><strong class=\"tech\">Samedi 30 ao\u00fbt<\/strong><\/p>\n<p class=\"tech\">FC Lorient \u2013 LOSC Lille, \u00e0 17 h sur beIN SPORTS 1<\/p>\n<p class=\"tech\">FC Nantes \u2013 AJ Auxerre, \u00e0 19 h sur Ligue 1 +<\/p>\n<p class=\"tech\">Toulouse FC \u2013 Paris Saint-Germain \u00e0 21 h 05 sur Ligue 1 +<\/p>\n<p><strong class=\"tech\">Dimanche 31 ao\u00fbt<\/strong><\/p>\n<p class=\"tech\">Angers SCO \u2013 Stade Rennais FC, \u00e0 15 h sur Ligue 1 +<\/p>\n<p class=\"tech\">AS Monaco \u2013 RC Strasbourg Alsace, \u00e0 17 h 15 sur Ligue 1 +<\/p>\n<p class=\"tech\">Paris FC \u2013 FC Metz, \u00e0 17 h 15 sur Ligue 1 +<\/p>\n<p class=\"tech\">Havre AC \u2013 OGC Nice, \u00e0 17 h 15 sur Ligue 1 +<\/p>\n<p class=\"tech\">Olympique Lyonnais \u2013 Olympique de Marseille, \u00e0 20 h 45 sur Ligue 1 +<\/p>\n","protected":false},"excerpt":{"rendered":"La LFP a d\u00e9voil\u00e9 la programmation de la 3e journ\u00e9e de Ligue 1. Le match d\u2019ouverture donnera lieu&hellip;\n","protected":false},"author":2,"featured_media":266545,"comment_status":"","ping_status":"","sticky":false,"template":"","format":"standard","meta":{"footnotes":""},"categories":[2821],"tags":[1111,11,829,3166,1777,674,3317,63,1011,27,66,12,584,25,60,4449,3087],"class_list":{"0":"post-266544","1":"post","2":"type-post","3":"status-publish","4":"format-standard","5":"has-post-thumbnail","7":"category-rennes","8":"tag-actu","9":"tag-actualites","10":"tag-bretagne","11":"tag-en-continu-sports","12":"tag-eu","13":"tag-europe","14":"tag-fc-lorient","15":"tag-football","16":"tag-fr","17":"tag-france","18":"tag-ligue-1","19":"tag-news","20":"tag-rennes","21":"tag-republique-francaise","22":"tag-sports","23":"tag-stade-brestois","24":"tag-stade-rennais"},"share_on_mastodon":{"url":"https:\/\/pubeurope.com\/@fr\/114899024827823515","error":""},"_links":{"self":[{"href":"https:\/\/www.europesays.com\/fr\/wp-json\/wp\/v2\/posts\/266544","targetHints":{"allow":["GET"]}}],"collection":[{"href":"https:\/\/www.europesays.com\/fr\/wp-json\/wp\/v2\/posts"}],"about":[{"href":"https:\/\/www.europesays.com\/fr\/wp-json\/wp\/v2\/types\/post"}],"author":[{"embeddable":true,"href":"https:\/\/www.europesays.com\/fr\/wp-json\/wp\/v2\/users\/2"}],"replies":[{"embeddable":true,"href":"https:\/\/www.europesays.com\/fr\/wp-json\/wp\/v2\/comments?post=266544"}],"version-history":[{"count":0,"href":"https:\/\/www.europesays.com\/fr\/wp-json\/wp\/v2\/posts\/266544\/revisions"}],"wp:featuredmedia":[{"embeddable":true,"href":"https:\/\/www.europesays.com\/fr\/wp-json\/wp\/v2\/media\/266545"}],"wp:attachment":[{"href":"https:\/\/www.europesays.com\/fr\/wp-json\/wp\/v2\/media?parent=266544"}],"wp:term":[{"taxonomy":"category","embeddable":true,"href":"https:\/\/www.europesays.com\/fr\/wp-json\/wp\/v2\/categories?post=266544"},{"taxonomy":"post_tag","embeddable":true,"href":"https:\/\/www.europesays.com\/fr\/wp-json\/wp\/v2\/tags?post=266544"}],"curies":[{"name":"wp","href":"https:\/\/api.w.org\/{rel}","templated":true}]}}