{"id":266548,"date":"2025-07-22T21:33:11","date_gmt":"2025-07-22T21:33:11","guid":{"rendered":"https:\/\/www.europesays.com\/fr\/266548\/"},"modified":"2025-07-22T21:33:11","modified_gmt":"2025-07-22T21:33:11","slug":"en-amical-une-defaite-avec-les-honneurs-pour-lasnl-face-a-strasbourg","status":"publish","type":"post","link":"https:\/\/www.europesays.com\/fr\/266548\/","title":{"rendered":"En amical. Une d\u00e9faite avec les honneurs pour l\u2019ASNL face \u00e0 Strasbourg"},"content":{"rendered":"<p>Comme contre Nice samedi dernier, <a href=\"https:\/\/www.estrepublicain.fr\/sport\/2025\/07\/20\/l-as-nancy-lorraine-a-la-hauteur-du-defi-nicois\" target=\"_blank\" rel=\"nofollow noopener\">autre qualifi\u00e9 europ\u00e9en<\/a> , les Nanc\u00e9iens se sont \u00e9talonn\u00e9s face \u00e0 un adversaire qui dispose de s\u00e9rieux atouts dans son jeu, au sortir d\u2019un bel exercice de L1 boucl\u00e9 en septi\u00e8me position. Certes, quelques joueurs ayant grandement contribu\u00e9 \u00e0 ce r\u00e9sultat ont quitt\u00e9 le navire, mais le voisin strasbourgeois dispose encore dans ses rangs de quelques p\u00e9pites.<\/p>\n<p>Notamment l\u2019attaque tr\u00e8s juv\u00e9nile qui a d\u00e9marr\u00e9 cette partie, entre Bakwa et Mara (22 ans), Lemar\u00e9chal (21 ans) ou Rayane Messi, 18 printemps seulement, <a href=\"https:\/\/www.estrepublicain.fr\/sport\/2024\/04\/22\/le-red-star-promu-messi-titulaire-une-levee-de-fonds-a-nimes-retrouvez-toutes-les-dernieres-infos-du-national\" target=\"_blank\" rel=\"nofollow noopener\">qui s\u2019est r\u00e9v\u00e9l\u00e9 \u00e0 Dijon en National<\/a>. Un&#8230;<\/p>\n","protected":false},"excerpt":{"rendered":"Comme contre Nice samedi dernier, autre qualifi\u00e9 europ\u00e9en , les Nanc\u00e9iens se sont \u00e9talonn\u00e9s face \u00e0 un adversaire&hellip;\n","protected":false},"author":2,"featured_media":266549,"comment_status":"","ping_status":"","sticky":false,"template":"","format":"standard","meta":{"footnotes":""},"categories":[2820],"tags":[1111,11,1777,674,63,1011,27,775,12,25,517,1700,640],"class_list":{"0":"post-266548","1":"post","2":"type-post","3":"status-publish","4":"format-standard","5":"has-post-thumbnail","7":"category-strasbourg","8":"tag-actu","9":"tag-actualites","10":"tag-eu","11":"tag-europe","12":"tag-football","13":"tag-fr","14":"tag-france","15":"tag-grand-est","16":"tag-news","17":"tag-republique-francaise","18":"tag-sport","19":"tag-sport-lorrain","20":"tag-strasbourg"},"share_on_mastodon":{"url":"https:\/\/pubeurope.com\/@fr\/114899032695580859","error":""},"_links":{"self":[{"href":"https:\/\/www.europesays.com\/fr\/wp-json\/wp\/v2\/posts\/266548","targetHints":{"allow":["GET"]}}],"collection":[{"href":"https:\/\/www.europesays.com\/fr\/wp-json\/wp\/v2\/posts"}],"about":[{"href":"https:\/\/www.europesays.com\/fr\/wp-json\/wp\/v2\/types\/post"}],"author":[{"embeddable":true,"href":"https:\/\/www.europesays.com\/fr\/wp-json\/wp\/v2\/users\/2"}],"replies":[{"embeddable":true,"href":"https:\/\/www.europesays.com\/fr\/wp-json\/wp\/v2\/comments?post=266548"}],"version-history":[{"count":0,"href":"https:\/\/www.europesays.com\/fr\/wp-json\/wp\/v2\/posts\/266548\/revisions"}],"wp:featuredmedia":[{"embeddable":true,"href":"https:\/\/www.europesays.com\/fr\/wp-json\/wp\/v2\/media\/266549"}],"wp:attachment":[{"href":"https:\/\/www.europesays.com\/fr\/wp-json\/wp\/v2\/media?parent=266548"}],"wp:term":[{"taxonomy":"category","embeddable":true,"href":"https:\/\/www.europesays.com\/fr\/wp-json\/wp\/v2\/categories?post=266548"},{"taxonomy":"post_tag","embeddable":true,"href":"https:\/\/www.europesays.com\/fr\/wp-json\/wp\/v2\/tags?post=266548"}],"curies":[{"name":"wp","href":"https:\/\/api.w.org\/{rel}","templated":true}]}}