{"id":266550,"date":"2025-07-22T21:34:09","date_gmt":"2025-07-22T21:34:09","guid":{"rendered":"https:\/\/www.europesays.com\/fr\/266550\/"},"modified":"2025-07-22T21:34:09","modified_gmt":"2025-07-22T21:34:09","slug":"plus-de-2-000-passagers-evacues-on-revient-sur-la-soiree-chaotique-a-laeroport-de-nice-ce-lundi","status":"publish","type":"post","link":"https:\/\/www.europesays.com\/fr\/266550\/","title":{"rendered":"Plus de 2.000 passagers \u00e9vacu\u00e9s: on revient sur la soir\u00e9e chaotique \u00e0 l&rsquo;a\u00e9roport de Nice ce lundi"},"content":{"rendered":"<p>L\u2019ambiance \u00e9tait morose, hier \u00e0 l\u2019a\u00e9roport de Nice, au lendemain d\u2019un dysfonctionnement technique qui a plong\u00e9 <a href=\"https:\/\/www.nicematin.com\/vie-locale\/-un-enorme-bazar-que-se-passe-t-il-ce-lundi-soir-a-l-aeroport-de-nice--995163\" target=\"_blank\" rel=\"noopener\">plus de 2.200 passagers dans la confusion<\/a>.<\/p>\n<p>Lundi, vers 18h30, l\u2019un des portiques de s\u00e9curit\u00e9, charg\u00e9s de filtrer les passagers, a cess\u00e9 de fonctionner. Une situation exceptionnelle, jamais rencontr\u00e9e.<\/p>\n<p>\u00ab\u00a0Le risque z\u00e9ro n\u2019existe pas, mais il est vrai que cette panne est survenue au pire moment: en pleine saison estivale, le jour m\u00eame o\u00f9 l\u2019a\u00e9roport a enregistr\u00e9 un record d\u2019affluence\u00a0\u00bb, confie-t-on du c\u00f4t\u00e9 de l\u2019a\u00e9roport.<\/p>\n<p>65.000 passagers au total ce jour-l\u00e0, et 2.200 malheureux voyageurs reconduits par les agents de s\u00e9curit\u00e9, dans la panique g\u00e9n\u00e9rale. Ils ont \u00e9t\u00e9 \u00e9vacu\u00e9s de la salle d\u2019embarquement pour repasser par la zone de contr\u00f4le de s\u00e9curit\u00e9.<\/p>\n<p>Tension en coulisse<\/p>\n<p>Pr\u00e9sent, ce lundi, pour dresser un bilan de la nouvelle ligne Nice \u2013 Lamezia, en Calabre (lanc\u00e9e il y a un mois), le directeur g\u00e9n\u00e9ral adjoint d\u2019EasyJet, R\u00e9ginald Rotten, est revenu sur ce lundi noir.<\/p>\n<p>\u00ab\u00a0Tout est rentr\u00e9 dans l\u2019ordre pour nos clients\u00a0\u00bb, a-t-il assur\u00e9.<\/p>\n<p>Sur une trentaine de vols perturb\u00e9s ce soir-l\u00e0, sept ont d\u00fb \u00eatre annul\u00e9s, dont trois de la compagnie du g\u00e9ant low cost EasyJet, notamment en raison du couvre-feu impos\u00e9 par l\u2019a\u00e9roport d\u2019Orly.<\/p>\n<p>Depuis un arr\u00eat\u00e9 pris en 1968, aucun vol ne peut d\u00e9coller ou atterrir \u00e0 Paris-Orly entre 23h30 et 6 heures, en raison de la forte urbanisation des environs.<\/p>\n<p>Une cellule de crise d\u00e9clench\u00e9e<\/p>\n<p>Si la situation \u00e9tait in\u00e9dite, l\u2019a\u00e9roport n\u2019a pas \u00e9t\u00e9 pris au d\u00e9pourvu. Depuis l\u2019\u00e9pisode du volcan islandais Eyjafjallaj\u00f6kull en 2010, qui avait provoqu\u00e9 d\u2019importants d\u00e9routements vers Nice, une cellule de gestion de crise a \u00e9t\u00e9 mise en place.<\/p>\n<p>Lundi soir, cette cellule a \u00e9t\u00e9 imm\u00e9diatement activ\u00e9e. Des \u00e9quipes de volontaires ont \u00e9t\u00e9 mobilis\u00e9es pour encadrer et informer les passagers. Gr\u00e2ce \u00e0 cette organisation d\u2019urgence, il n\u2019y a pas eu d\u2019incident majeur.<\/p>\n","protected":false},"excerpt":{"rendered":"L\u2019ambiance \u00e9tait morose, hier \u00e0 l\u2019a\u00e9roport de Nice, au lendemain d\u2019un dysfonctionnement technique qui a plong\u00e9 plus de&hellip;\n","protected":false},"author":2,"featured_media":266551,"comment_status":"","ping_status":"","sticky":false,"template":"","format":"standard","meta":{"footnotes":""},"categories":[2819],"tags":[1111,11,1777,674,1011,27,12,2401,882,25,3366],"class_list":{"0":"post-266550","1":"post","2":"type-post","3":"status-publish","4":"format-standard","5":"has-post-thumbnail","7":"category-nice","8":"tag-actu","9":"tag-actualites","10":"tag-eu","11":"tag-europe","12":"tag-fr","13":"tag-france","14":"tag-news","15":"tag-nice","16":"tag-provence-alpes-cote-dazur","17":"tag-republique-francaise","18":"tag-vie-locale"},"share_on_mastodon":{"url":"https:\/\/pubeurope.com\/@fr\/114899036638930377","error":""},"_links":{"self":[{"href":"https:\/\/www.europesays.com\/fr\/wp-json\/wp\/v2\/posts\/266550","targetHints":{"allow":["GET"]}}],"collection":[{"href":"https:\/\/www.europesays.com\/fr\/wp-json\/wp\/v2\/posts"}],"about":[{"href":"https:\/\/www.europesays.com\/fr\/wp-json\/wp\/v2\/types\/post"}],"author":[{"embeddable":true,"href":"https:\/\/www.europesays.com\/fr\/wp-json\/wp\/v2\/users\/2"}],"replies":[{"embeddable":true,"href":"https:\/\/www.europesays.com\/fr\/wp-json\/wp\/v2\/comments?post=266550"}],"version-history":[{"count":0,"href":"https:\/\/www.europesays.com\/fr\/wp-json\/wp\/v2\/posts\/266550\/revisions"}],"wp:featuredmedia":[{"embeddable":true,"href":"https:\/\/www.europesays.com\/fr\/wp-json\/wp\/v2\/media\/266551"}],"wp:attachment":[{"href":"https:\/\/www.europesays.com\/fr\/wp-json\/wp\/v2\/media?parent=266550"}],"wp:term":[{"taxonomy":"category","embeddable":true,"href":"https:\/\/www.europesays.com\/fr\/wp-json\/wp\/v2\/categories?post=266550"},{"taxonomy":"post_tag","embeddable":true,"href":"https:\/\/www.europesays.com\/fr\/wp-json\/wp\/v2\/tags?post=266550"}],"curies":[{"name":"wp","href":"https:\/\/api.w.org\/{rel}","templated":true}]}}