{"id":266557,"date":"2025-07-22T21:38:15","date_gmt":"2025-07-22T21:38:15","guid":{"rendered":"https:\/\/www.europesays.com\/fr\/266557\/"},"modified":"2025-07-22T21:38:15","modified_gmt":"2025-07-22T21:38:15","slug":"la-brasserie-parallele-se-lance-dans-le-reemploi-de-ses-bouteilles-de-biere-sans-alcool","status":"publish","type":"post","link":"https:\/\/www.europesays.com\/fr\/266557\/","title":{"rendered":"La Brasserie Parall\u00e8le se lance dans le r\u00e9emploi de ses bouteilles de bi\u00e8re sans alcool"},"content":{"rendered":"<p class=\"legende\">\n\t\t\t\t\t\t\t\t\tLaurent Dr\u00e8ge et Guillaume Soares se sont d&rsquo;abord lanc\u00e9s avec des boissons de k\u00e9fi\u00e9. Cr\u00e9dits : La Brasserie Parall\u00e8le\n\t\t\t\t\t\t\t\t<\/p>\n<p class=\"excerpt\">L\u2019entreprise girondine La Brasserie Parall\u00e8le fait le choix de remplacer ses bouteilles de bi\u00e8re par des contenants r\u00e9utilisables. Une d\u00e9cision plus on\u00e9reuse, mais qui lui ouvre de nouveaux march\u00e9s.<\/p>\n<p>Cet article premium vous int\u00e9resse ?<\/p>\n<p>Rejoignez nos 1000 adh\u00e9rents<\/p>\n<p>\n\t\t\t\t\t\t\t\t\t\t\t\t\t\tGagnez en visibilit\u00e9 et profitez d\u2019un r\u00e9seau de plusieurs centaines d\u2019adh\u00e9rents.\n\t\t\t\t\t\t\t\t\t\t\t\t\t<\/p>\n","protected":false},"excerpt":{"rendered":"Laurent Dr\u00e8ge et Guillaume Soares se sont d&rsquo;abord lanc\u00e9s avec des boissons de k\u00e9fi\u00e9. Cr\u00e9dits : La Brasserie&hellip;\n","protected":false},"author":2,"featured_media":266558,"comment_status":"","ping_status":"","sticky":false,"template":"","format":"standard","meta":{"footnotes":""},"categories":[2817],"tags":[1111,11,1997,1777,674,1011,27,12,2219,5645,25],"class_list":{"0":"post-266557","1":"post","2":"type-post","3":"status-publish","4":"format-standard","5":"has-post-thumbnail","7":"category-bordeaux","8":"tag-actu","9":"tag-actualites","10":"tag-bordeaux","11":"tag-eu","12":"tag-europe","13":"tag-fr","14":"tag-france","15":"tag-news","16":"tag-nouvelle-aquitaine","17":"tag-placco-placeco","18":"tag-republique-francaise"},"share_on_mastodon":{"url":"https:\/\/pubeurope.com\/@fr\/114899052367069729","error":""},"_links":{"self":[{"href":"https:\/\/www.europesays.com\/fr\/wp-json\/wp\/v2\/posts\/266557","targetHints":{"allow":["GET"]}}],"collection":[{"href":"https:\/\/www.europesays.com\/fr\/wp-json\/wp\/v2\/posts"}],"about":[{"href":"https:\/\/www.europesays.com\/fr\/wp-json\/wp\/v2\/types\/post"}],"author":[{"embeddable":true,"href":"https:\/\/www.europesays.com\/fr\/wp-json\/wp\/v2\/users\/2"}],"replies":[{"embeddable":true,"href":"https:\/\/www.europesays.com\/fr\/wp-json\/wp\/v2\/comments?post=266557"}],"version-history":[{"count":0,"href":"https:\/\/www.europesays.com\/fr\/wp-json\/wp\/v2\/posts\/266557\/revisions"}],"wp:featuredmedia":[{"embeddable":true,"href":"https:\/\/www.europesays.com\/fr\/wp-json\/wp\/v2\/media\/266558"}],"wp:attachment":[{"href":"https:\/\/www.europesays.com\/fr\/wp-json\/wp\/v2\/media?parent=266557"}],"wp:term":[{"taxonomy":"category","embeddable":true,"href":"https:\/\/www.europesays.com\/fr\/wp-json\/wp\/v2\/categories?post=266557"},{"taxonomy":"post_tag","embeddable":true,"href":"https:\/\/www.europesays.com\/fr\/wp-json\/wp\/v2\/tags?post=266557"}],"curies":[{"name":"wp","href":"https:\/\/api.w.org\/{rel}","templated":true}]}}