{"id":266571,"date":"2025-07-22T21:47:13","date_gmt":"2025-07-22T21:47:13","guid":{"rendered":"https:\/\/www.europesays.com\/fr\/266571\/"},"modified":"2025-07-22T21:47:13","modified_gmt":"2025-07-22T21:47:13","slug":"le-barreau-de-lyon-dresse-un-nouveau-bilan-alarmant-a-la-prison-de-lyon-corbas","status":"publish","type":"post","link":"https:\/\/www.europesays.com\/fr\/266571\/","title":{"rendered":"le Barreau de Lyon dresse un nouveau bilan \u00ab\u00a0alarmant\u00a0\u00bb \u00e0 la prison de Lyon-Corbas"},"content":{"rendered":"<p itemprop=\"description\"><strong>Dans un contexte de canicule et de surpopulation carc\u00e9rale, le Barreau de Lyon s\u2019est rendu une nouvelle fois ce mardi \u00e0 la maison d\u2019arr\u00eat de Lyon-Corbas pour alerter sur des conditions de d\u00e9tention jug\u00e9es\u00a0\u00ab\u00a0alarmantes.\u00a0\u00bb<\/strong><\/p>\n<p>\u00c0 l\u2019occasion de la Journ\u00e9e nationale d\u2019action dans les lieux de privation de libert\u00e9, organis\u00e9e ce mardi 22 juillet 2025 dans le cadre de l\u2019op\u00e9ration DIEGO IV port\u00e9e par la Conf\u00e9rence des B\u00e2tonniers, le Barreau de Lyon a effectu\u00e9 une nouvelle visite \u00e0 la maison d\u2019arr\u00eat de Lyon-Corbas.<\/p>\n<p>Le barreau rappelle qu\u2019 \u00ab\u00a0en mai dernier, <a href=\"https:\/\/www.lyonmag.com\/article\/144724\/pres-de-180-de-taux-d-occupation-le-barreau-denonce-une-situation-inacceptable-a-la-prison-de-lyon-corbas\" target=\"_blank\" rel=\"noopener\">une premi\u00e8re visite<\/a> de cet \u00e9tablissement avait conduit \u00e0 un signalement pr\u00e9occupant.\u00a0\u00bb Il pr\u00e9cise que ce retour intervient \u00ab\u00a0dans un contexte de canicule et de surpopulation carc\u00e9rale sans pr\u00e9c\u00e9dent.\u00a0\u00bb<\/p>\n<p>Le Barreau de Lyon d\u00e9nonce des conditions de d\u00e9tention \u00ab\u00a0alarmantes\u00a0\u00bb, avec \u00ab\u00a0un taux d\u2019occupation globale de pr\u00e8s de 180 % et un quartier des femmes particuli\u00e8rement touch\u00e9 d\u00e9passant 200 % de taux d\u2019occupation.\u00a0\u00bb<\/p>\n<p>S\u2019ajoutent \u00e0 cela, selon le communiqu\u00e9, \u00ab\u00a0des risques environnementaux majeurs (source association &lsquo;Notre affaire \u00e0 tous&rsquo;) : absence d\u2019espaces ombrag\u00e9s ou v\u00e9g\u00e9talis\u00e9s dans les cours de promenade ; proximit\u00e9 d\u2019un site industriel class\u00e9 (ICPE) et de zones pollu\u00e9es ; risque d\u2019inondation.\u00a0\u00bb<\/p>\n<p>Cette visite donnera lieu \u00e0 un rapport d\u2019observation \u00ab\u00a0qui apr\u00e8s avoir \u00e9t\u00e9 transmis \u00e0 la direction de l\u2019\u00e9tablissement, sera communiqu\u00e9 au contr\u00f4leur g\u00e9n\u00e9ral des lieux de privation de libert\u00e9.\u00a0\u00bb<\/p>\n<p>Le Barreau de Lyon annonce \u00e9galement \u00ab\u00a0la mise en ligne, accessible \u00e0 tous, des rapports d\u2019observation r\u00e9alis\u00e9s dans les lieux de privation de libert\u00e9 situ\u00e9s dans son ressort\u00a0\u00bb.\u00a0<\/p>\n<p>Cette journ\u00e9e d\u2019action est l\u2019occasion pour la profession de rappeler que \u00ab\u00a0le respect de la dignit\u00e9 humaine ne s\u2019arr\u00eate pas aux portes des prisons.\u00a0\u00bb Le Barreau r\u00e9affirme son engagement \u00ab\u00a0en faveur du contr\u00f4le citoyen des lieux de privation de libert\u00e9 et du respect des droits et de la dignit\u00e9 des personnes d\u00e9tenues ou retenues.\u00a0\u00bb<\/p>\n","protected":false},"excerpt":{"rendered":"Dans un contexte de canicule et de surpopulation carc\u00e9rale, le Barreau de Lyon s\u2019est rendu une nouvelle fois&hellip;\n","protected":false},"author":2,"featured_media":266572,"comment_status":"","ping_status":"","sticky":false,"template":"","format":"standard","meta":{"footnotes":""},"categories":[1889],"tags":[1111,11,2813,2190,2430,1109,251,1112,2811,1777,674,118,1011,27,1922,1110,1114,2428,2810,12,241,316,25,2812,517,800],"class_list":{"0":"post-266571","1":"post","2":"type-post","3":"status-publish","4":"format-standard","5":"has-post-thumbnail","7":"category-lyon","8":"tag-actu","9":"tag-actualites","10":"tag-article","11":"tag-asvel","12":"tag-auvergne-rhone-alpes","13":"tag-breves","14":"tag-culture","15":"tag-depeches","16":"tag-economique","17":"tag-eu","18":"tag-europe","19":"tag-faits-divers","20":"tag-fr","21":"tag-france","22":"tag-info","23":"tag-informations","24":"tag-infos","25":"tag-lyon","26":"tag-lyonmag","27":"tag-news","28":"tag-ol","29":"tag-politique","30":"tag-republique-francaise","31":"tag-sociale","32":"tag-sport","33":"tag-transports"},"share_on_mastodon":{"url":"https:\/\/pubeurope.com\/@fr\/114899087883067664","error":""},"_links":{"self":[{"href":"https:\/\/www.europesays.com\/fr\/wp-json\/wp\/v2\/posts\/266571","targetHints":{"allow":["GET"]}}],"collection":[{"href":"https:\/\/www.europesays.com\/fr\/wp-json\/wp\/v2\/posts"}],"about":[{"href":"https:\/\/www.europesays.com\/fr\/wp-json\/wp\/v2\/types\/post"}],"author":[{"embeddable":true,"href":"https:\/\/www.europesays.com\/fr\/wp-json\/wp\/v2\/users\/2"}],"replies":[{"embeddable":true,"href":"https:\/\/www.europesays.com\/fr\/wp-json\/wp\/v2\/comments?post=266571"}],"version-history":[{"count":0,"href":"https:\/\/www.europesays.com\/fr\/wp-json\/wp\/v2\/posts\/266571\/revisions"}],"wp:featuredmedia":[{"embeddable":true,"href":"https:\/\/www.europesays.com\/fr\/wp-json\/wp\/v2\/media\/266572"}],"wp:attachment":[{"href":"https:\/\/www.europesays.com\/fr\/wp-json\/wp\/v2\/media?parent=266571"}],"wp:term":[{"taxonomy":"category","embeddable":true,"href":"https:\/\/www.europesays.com\/fr\/wp-json\/wp\/v2\/categories?post=266571"},{"taxonomy":"post_tag","embeddable":true,"href":"https:\/\/www.europesays.com\/fr\/wp-json\/wp\/v2\/tags?post=266571"}],"curies":[{"name":"wp","href":"https:\/\/api.w.org\/{rel}","templated":true}]}}