{"id":266579,"date":"2025-07-22T21:51:11","date_gmt":"2025-07-22T21:51:11","guid":{"rendered":"https:\/\/www.europesays.com\/fr\/266579\/"},"modified":"2025-07-22T21:51:11","modified_gmt":"2025-07-22T21:51:11","slug":"mariage-pour-tous-aeroports-de-paris-malgre-leur-succes-populaire-les-petitions-citoyennes-pas-toujours-suivies-deffets","status":"publish","type":"post","link":"https:\/\/www.europesays.com\/fr\/266579\/","title":{"rendered":"Mariage pour tous, a\u00e9roports de Paris&#8230; Malgr\u00e9 leur succ\u00e8s populaire, les p\u00e9titions citoyennes pas toujours suivies d&rsquo;effets"},"content":{"rendered":"<p>Avant la loi Duplomb, d\u2019autres p\u00e9titions avaient d\u00e9pass\u00e9 les centaines de milliers de signatures pour des causes diverses. Celles-ci se heurtent parfois \u00e0 un manque de volont\u00e9 politique.<\/p>\n<p class=\"fig-paragraph\">L\u2019effet boule de neige. Deux jours apr\u00e8s son lancement le 10 juillet,\u00a0<a href=\"http:\/\/www.lefigaro.fr\/actualite-france\/loi-duplomb-que-peut-changer-la-petition-qui-a-atteint-370-000-signatures-20250719\" data-fig-type=\"Article\" data-gtm-custom-categorie=\"navigation\" data-gtm-custom-action=\"crossclick\" data-gtm-custom-label=\"Contextuel\" data-gtm-event=\"customEventSPE\" data-fig-domain=\"LEFIGARO\" rel=\"nofollow noopener\" target=\"_blank\">la p\u00e9tition contre la loi Duplomb<\/a>\u00a0comptait d\u00e9j\u00e0 100.000 signatures. Au bout de dix jours, 500.000. Depuis dimanche, pr\u00e8s d\u2019un million de citoyens ont encore ajout\u00e9 leur nom sous le texte s\u2019opposant \u00e0 la r\u00e9introduction de l\u2019ac\u00e9tamipride, un insecticide de la famille des n\u00e9onicotino\u00efdes, interdit depuis 2018 en France mais autoris\u00e9 en Europe jusqu\u2019en 2033. Si bien qu\u2019\u00e0 ce jour, la p\u00e9tition post\u00e9e sur le site de l\u2019Assembl\u00e9e nationale d\u00e9passe 1,5 million de signatures.<\/p>\n<p class=\"fig-paragraph\">Un succ\u00e8s in\u00e9dit\u00a0? Pas exactement. Avant la loi Duplomb, d\u2019autres projets de loi ou d\u00e9cisions de l\u2019ex\u00e9cutif avaient g\u00e9n\u00e9r\u00e9 une opposition citoyenne massive par le biais de p\u00e9titions. Jusqu\u2019\u00e0 pr\u00e9sent, le record de signatures sur le site parlementaire revenait \u00e0 la<a href=\"http:\/\/www.lefigaro.fr\/politique\/brav-m-rejet-d-une-demande-de-la-gauche-de-debat-a-l-assemblee-nationale-en-vue-de-sa-dissolution-20230502\" data-fig-type=\"NewsFlash\" data-gtm-custom-categorie=\"navigation\" data-gtm-custom-action=\"crossclick\" data-gtm-custom-label=\"Contextuel\" data-gtm-event=\"customEventSPE\" data-fig-domain=\"LEFIGARO\" rel=\"nofollow noopener\" target=\"_blank\">\u00a0p\u00e9tition contre la BRAV-M<\/a>, en 2023. Quelque 264.000 signataires avaient r\u00e9clam\u00e9 la dissolution de cette brigade de r\u00e9pression, accus\u00e9e de violences polici\u00e8res. Elle n\u2019avait toutefois pas atteint\u2026<\/p>\n<p class=\"fig-premium-paywall__infos\">\n        Cet article est r\u00e9serv\u00e9 aux abonn\u00e9s.        Il vous reste 82% \u00e0 d\u00e9couvrir.\n    <\/p>\n<p>                <img  data- alt=\"Le Figaro\" class=\"fig-img--complete fig-img\"\/><\/p>\n<p class=\"fig-premium-paywall__title\">Vous avez envie de lire la suite ?<\/p>\n<p class=\"fig-premium-paywall__subtitle\">D\u00e9bloquez tous les articles imm\u00e9diatement.<\/p>\n<p class=\"fig-premium-paywall__connect\">\n                D\u00e9j\u00e0 abonn\u00e9\u00a0?                <a class=\"fig-premium-paywall__connect-link\" href=\"https:\/\/connect.lefigaro.fr\/login?client=horizon_web&amp;type=main&amp;redirect_uri=https%3A%2F%2Fwww.lefigaro.fr%2Fpolitique%2Fmariage-pour-tous-aeroports-de-paris-malgre-leur-succes-populaire-les-petitions-citoyennes-pas-toujours-suivies-d-effets-20250722\" data-js-gtm=\"{&quot;customCategorie&quot;: &quot;conversion&quot;, &quot;customAction&quot;: &quot;before_Landing_Connexion_paywall_auto&quot;, &quot;customLabel&quot;: &quot;bGVmaWdhcm8uZnJfXzFmMDY2ZTQ3LTEzZWUtNjBmYS1iZjczLTFkNjRlYWVkYWMwNV9fQXJ0aWNsZQ==_Mariage pour tous, a\u00e9roports de Paris... Malgr\u00e9 leur succ\u00e8s populaire, les p\u00e9titions citoyennes pas toujours suivies d&#039;effets_461&quot;, &quot;customIDSPE&quot;: &quot;bGVmaWdhcm8uZnJfXzFmMDY2ZTQ3LTEzZWUtNjBmYS1iZjczLTFkNjRlYWVkYWMwNV9fQXJ0aWNsZQ==&quot;, &quot;event&quot;: &quot;customEventSPE&quot;}\" rel=\"nofollow noopener\" target=\"_blank\"><br \/>\n                    Connectez-vous<br \/>\n                <\/a>\n            <\/p>\n","protected":false},"excerpt":{"rendered":"Avant la loi Duplomb, d\u2019autres p\u00e9titions avaient d\u00e9pass\u00e9 les centaines de milliers de signatures pour des causes diverses.&hellip;\n","protected":false},"author":2,"featured_media":266580,"comment_status":"","ping_status":"","sticky":false,"template":"","format":"standard","meta":{"footnotes":""},"categories":[1888],"tags":[1111,1928,11,1927,1777,674,1011,27,40603,12,1926,626,1925,2844,25],"class_list":{"0":"post-266579","1":"post","2":"type-post","3":"status-publish","4":"format-standard","5":"has-post-thumbnail","7":"category-paris","8":"tag-actu","9":"tag-actu-paris","10":"tag-actualites","11":"tag-actualites-paris","12":"tag-eu","13":"tag-europe","14":"tag-fr","15":"tag-france","16":"tag-mariage-pour-tous","17":"tag-news","18":"tag-news-paris","19":"tag-paris","20":"tag-paris-news","21":"tag-petition","22":"tag-republique-francaise"},"share_on_mastodon":{"url":"https:\/\/pubeurope.com\/@fr\/114899103442481406","error":""},"_links":{"self":[{"href":"https:\/\/www.europesays.com\/fr\/wp-json\/wp\/v2\/posts\/266579","targetHints":{"allow":["GET"]}}],"collection":[{"href":"https:\/\/www.europesays.com\/fr\/wp-json\/wp\/v2\/posts"}],"about":[{"href":"https:\/\/www.europesays.com\/fr\/wp-json\/wp\/v2\/types\/post"}],"author":[{"embeddable":true,"href":"https:\/\/www.europesays.com\/fr\/wp-json\/wp\/v2\/users\/2"}],"replies":[{"embeddable":true,"href":"https:\/\/www.europesays.com\/fr\/wp-json\/wp\/v2\/comments?post=266579"}],"version-history":[{"count":0,"href":"https:\/\/www.europesays.com\/fr\/wp-json\/wp\/v2\/posts\/266579\/revisions"}],"wp:featuredmedia":[{"embeddable":true,"href":"https:\/\/www.europesays.com\/fr\/wp-json\/wp\/v2\/media\/266580"}],"wp:attachment":[{"href":"https:\/\/www.europesays.com\/fr\/wp-json\/wp\/v2\/media?parent=266579"}],"wp:term":[{"taxonomy":"category","embeddable":true,"href":"https:\/\/www.europesays.com\/fr\/wp-json\/wp\/v2\/categories?post=266579"},{"taxonomy":"post_tag","embeddable":true,"href":"https:\/\/www.europesays.com\/fr\/wp-json\/wp\/v2\/tags?post=266579"}],"curies":[{"name":"wp","href":"https:\/\/api.w.org\/{rel}","templated":true}]}}