{"id":266583,"date":"2025-07-22T21:53:13","date_gmt":"2025-07-22T21:53:13","guid":{"rendered":"https:\/\/www.europesays.com\/fr\/266583\/"},"modified":"2025-07-22T21:53:13","modified_gmt":"2025-07-22T21:53:13","slug":"mercato-psg-de-retour-a-paris-randal-kolo-muani-va-repartir-oui-mais-ou","status":"publish","type":"post","link":"https:\/\/www.europesays.com\/fr\/266583\/","title":{"rendered":"Mercato PSG\u00a0: de retour \u00e0 Paris, Randal Kolo\u00a0Muani va repartir&#8230; oui mais o\u00f9 ?"},"content":{"rendered":"<p class=\"paragraph text_align_left lp-f-body-02\">Damien Comolli avait-il raison d\u2019\u00eatre prudent ? Interrog\u00e9 sur l\u2019avenir de <a href=\"https:\/\/www.leparisien.fr\/sports\/football\/randal-kolo-muani\/\" target=\"_blank\" rel=\"noreferrer nofollow noopener\">Randal Kolo Muani<\/a>, d\u00e9but juin, lors de sa premi\u00e8re conf\u00e9rence de presse en tant que directeur g\u00e9n\u00e9ral de la Juventus, l\u2019ancien patron de Toulouse confiait alors que l\u2019attaquant voulait \u00ab rester au club \u00bb et qu\u2019il \u00e9tait \u00ab plut\u00f4t optimiste, m\u00eame si le mot optimisme ne s\u2019utilise pas beaucoup dans le football \u00bb.<\/p>\n<p class=\"paragraph text_align_left lp-f-body-02\">Un mois et demi plus tard, la situation n\u2019a gu\u00e8re \u00e9volu\u00e9 et l\u2019international fran\u00e7ais (31 s\u00e9lections, 9 buts) est de retour <a href=\"https:\/\/www.leparisien.fr\/sports\/football\/psg\/\" target=\"_blank\" rel=\"nofollow noopener\">au PSG<\/a> o\u00f9 il s\u2019appr\u00eate \u00e0 reprendre l\u2019entra\u00eenement, ce mercredi, en attendant d\u2019y voir plus clair sur son avenir.<\/p>\n<p class=\"paragraph text_align_left lp-f-body-02\">Une chose est s\u00fbre : le buteur de 26 ans n\u2019entre<a href=\"https:\/\/www.leparisien.fr\/sports\/football\/ligue-1\/psg-kolo-muani-par-ici-la-sortie-16-12-2024-P6K6XDT42NBENFHO3NFHWLLTOI.php\" target=\"_self\" rel=\"nofollow noopener\"> plus du tout dans les plans de Luis Enrique<\/a> qui n\u2019a pas pr\u00e9vu de le r\u00e9int\u00e9grer malgr\u00e9 six mois convaincants dans le Pi\u00e9mont (10 buts, 2 passes d\u00e9cisives). Apr\u00e8s trois semaines de repos depuis la Coupe du monde des clubs, il s\u2019entra\u00eenera dans un premier temps avec le groupe Espoirs, qui a d\u00e9j\u00e0 accueilli Skriniar, Asensio, Soler ou encore Mukiele la semaine derni\u00e8re. Autant de joueurs dont Paris souhaite se s\u00e9parer et qui disposent d\u2019un bon de sortie pour cet \u00e9t\u00e9.<\/p>\n<p class=\"paragraph text_align_left lp-f-body-02\">Plusieurs offres de pr\u00eat avec option d\u2019achat obligatoire ont \u00e9t\u00e9 transmises par la Juve ces derni\u00e8res semaines, dans le but de conserver Kolo Muani, mais le PSG, qui l\u2019avait recrut\u00e9 pour 90 M\u20ac bonus compris \u00e0 Francfort \u00e0 l\u2019\u00e9t\u00e9 2023, campe sur ses positions et r\u00e9clame qu\u2019une grande partie de ce pr\u00eat soit pay\u00e9e cette ann\u00e9e et non l\u2019ann\u00e9e prochaine. L\u2019\u00e9tat-major parisien esp\u00e8re, en effet, profiter de la bonne cote que conserve \u00ab RKM \u00bb pour amortir un investissement sur lequel il sera de toute fa\u00e7on perdant.<\/p>\n<p>Newcastle \u00e0 l\u2019aff\u00fbt d\u2019une opportunit\u00e9<\/p>\n<p class=\"paragraph text_align_left lp-f-body-02\">Le feuilleton pourrait donc s\u2019\u00e9tirer un petit peu, d\u2019autant que la Juventus n\u2019est plus tout \u00e0 fait dans l\u2019urgence apr\u00e8s avoir d\u00e9j\u00e0 recrut\u00e9 Jonathan David, libre, en provenance de Lille. <a href=\"https:\/\/www.leparisien.fr\/sports\/football\/mercato-liverpool-hugo-ekitike-attendu-ce-mardi-apres-un-spectaculaire-accord-pour-son-transfert-de-francfort-21-07-2025-5GNVDU6CXBGLVLLF3FKPP3ERLQ.php\" target=\"_self\" rel=\"nofollow noopener\">Le transfert d\u2019Hugo Ekitike \u00e0 Liverpool<\/a>, pour une somme spectaculaire de 92 millions d\u2019euros (bonus compris), et la probable signature de Viktor Gy\u00f6keres \u00e0 Arsenal pour 75 M\u20ac, pourraient \u00e9galement avoir un effet domino sur le march\u00e9 des attaquants qui aura mis du temps \u00e0 bouger un peu partout en Europe.<\/p>\n<p class=\"paragraph text_align_left lp-f-body-02\">\u00c0 ce stade, Kolo Muani donne toujours sa priorit\u00e9 \u00e0 la Juve, mais il dispose de touches en Angleterre o\u00f9 Chelsea, Tottenham et surtout Newcastle, <a href=\"https:\/\/www.leparisien.fr\/sports\/football\/mercato-newcastle-passe-a-laction-pour-hugo-ekitike-15-07-2025-3F6KRN24QRD7JJPK4EPFFIBIPM.php\" target=\"_self\" rel=\"nofollow noopener\">qui a un temps pens\u00e9 \u00e0 Ekitike<\/a>, sont les autres clubs susceptibles de tenter une approche dans les jours \u00e0 venir.<\/p>\n<p class=\"paragraph text_align_left lp-f-body-02\">L\u2019hiver dernier, Tottenham s\u2019\u00e9tait d\u00e9j\u00e0 int\u00e9ress\u00e9 \u00e0 Randal Kolo Muani, mais n\u2019est pas encore revenu \u00e0 la charge dans ce dossier. Les Magpies, en revanche, ont pris des informations. En parall\u00e8le des discussions entam\u00e9es pour l\u2019ancien Lorientais Yoane Wissa (Brentford), la piste menant \u00e0 Randal Kolo Muani appara\u00eet comme tout \u00e0 fait cr\u00e9dible de par son profil de finisseur, mobile et polyvalent. <\/p>\n<p class=\"paragraph text_align_left lp-f-body-02\">Sous contrat jusqu\u2019en 2028, le Parisien esp\u00e8re que son sort sera r\u00e9gl\u00e9 le plus t\u00f4t possible. En attendant, c\u2019est bien avec le PSG qu\u2019il va entamer la reprise cette semaine. Un retour pour mieux repartir. Cette fois, sans doute, de fa\u00e7on d\u00e9finitive.<\/p>\n","protected":false},"excerpt":{"rendered":"Damien Comolli avait-il raison d\u2019\u00eatre prudent ? Interrog\u00e9 sur l\u2019avenir de Randal Kolo Muani, d\u00e9but juin, lors de&hellip;\n","protected":false},"author":2,"featured_media":266584,"comment_status":"","ping_status":"","sticky":false,"template":"","format":"standard","meta":{"footnotes":""},"categories":[1888],"tags":[11,1777,674,63,1011,27,66,12,626,25,60],"class_list":{"0":"post-266583","1":"post","2":"type-post","3":"status-publish","4":"format-standard","5":"has-post-thumbnail","7":"category-paris","8":"tag-actualites","9":"tag-eu","10":"tag-europe","11":"tag-football","12":"tag-fr","13":"tag-france","14":"tag-ligue-1","15":"tag-news","16":"tag-paris","17":"tag-republique-francaise","18":"tag-sports"},"share_on_mastodon":{"url":"https:\/\/pubeurope.com\/@fr\/114899111386616900","error":""},"_links":{"self":[{"href":"https:\/\/www.europesays.com\/fr\/wp-json\/wp\/v2\/posts\/266583","targetHints":{"allow":["GET"]}}],"collection":[{"href":"https:\/\/www.europesays.com\/fr\/wp-json\/wp\/v2\/posts"}],"about":[{"href":"https:\/\/www.europesays.com\/fr\/wp-json\/wp\/v2\/types\/post"}],"author":[{"embeddable":true,"href":"https:\/\/www.europesays.com\/fr\/wp-json\/wp\/v2\/users\/2"}],"replies":[{"embeddable":true,"href":"https:\/\/www.europesays.com\/fr\/wp-json\/wp\/v2\/comments?post=266583"}],"version-history":[{"count":0,"href":"https:\/\/www.europesays.com\/fr\/wp-json\/wp\/v2\/posts\/266583\/revisions"}],"wp:featuredmedia":[{"embeddable":true,"href":"https:\/\/www.europesays.com\/fr\/wp-json\/wp\/v2\/media\/266584"}],"wp:attachment":[{"href":"https:\/\/www.europesays.com\/fr\/wp-json\/wp\/v2\/media?parent=266583"}],"wp:term":[{"taxonomy":"category","embeddable":true,"href":"https:\/\/www.europesays.com\/fr\/wp-json\/wp\/v2\/categories?post=266583"},{"taxonomy":"post_tag","embeddable":true,"href":"https:\/\/www.europesays.com\/fr\/wp-json\/wp\/v2\/tags?post=266583"}],"curies":[{"name":"wp","href":"https:\/\/api.w.org\/{rel}","templated":true}]}}