{"id":266585,"date":"2025-07-22T21:54:12","date_gmt":"2025-07-22T21:54:12","guid":{"rendered":"https:\/\/www.europesays.com\/fr\/266585\/"},"modified":"2025-07-22T21:54:12","modified_gmt":"2025-07-22T21:54:12","slug":"en-direct-ukraine-7-personnes-dont-3-mineurs-accuses-de-preparer-des-attentats-pour-moscou","status":"publish","type":"post","link":"https:\/\/www.europesays.com\/fr\/266585\/","title":{"rendered":"EN DIRECT &#8211; Ukraine : 7 personnes, dont 3 mineurs, accus\u00e9s de pr\u00e9parer des attentats pour Moscou"},"content":{"rendered":"<p>ZELENSKY PROMULGUE LA LOI 22:17<\/p>\n<p>Adopt\u00e9e ce mardi par les d\u00e9put\u00e9s, il manquait la signature du Pr\u00e9sident pour qu&rsquo;elle entre en vigueur. Et c&rsquo;est chose faite.\u00a0<\/p>\n<p>Malgr\u00e9 les manifestations des Ukrainiens, Volodymyr Zelensky a promulgu\u00e9 la loi controvers\u00e9e supprimant l&rsquo;ind\u00e9pendance des instances anti-corruption dans le pays.\u00a0<\/p>\n<p>Avec cette loi, les activit\u00e9s des deux structures seront subordonn\u00e9es au procureur g\u00e9n\u00e9ral, qui est lui-m\u00eame assujetti au Pr\u00e9sident.\u00a0<\/p>\n<p>LA LOI SUPPRIMERA L&rsquo;IND\u00c9PENDANCE DES INSTANCES ANTI-CORRUPTION21:39<\/p>\n<p>International<img decoding=\"async\" src=\"https:\/\/www.europesays.com\/fr\/wp-content\/uploads\/2025\/07\/le-parlement-ukrainien-3d1091-0@1x.jpeg\" alt=\"Le Parlement ukrainien \" loading=\"lazy\" importance=\"low\" fetchpriority=\"low\" class=\"\" aria-hidden=\"true\"\/>Publi\u00e9 aujourd&rsquo;hui \u00e0 22h46MANIFESTATIONS CONTRE LE PROJET DE LOI SUR LA LUTTE CONTRE LA CORRUPTION EN UKRAINE21:34<\/p>\n<p>Les Ukrainiens se sont rassembl\u00e9s \u00e0 Kiev et dans d&rsquo;autres villes du pays apr\u00e8s que les d\u00e9put\u00e9s ont adopt\u00e9 un projet de loi qui fragilise la lutte contre la corruption.\u00a0<\/p>\n<p>Dans la capitale, les manifestants scandaient des slogans et des chants comme \u00ab\u00a0Retirez vos mains de NABU et SAP\u00a0\u00bb, \u00ab\u00a0Mettez votre veto \u00e0 la loi\u00a0\u00bb et \u00ab\u00a0Pas de corruption au sein du gouvernement\u00a0\u00bb, rapporte le m\u00e9dia ukrainien, <a href=\"https:\/\/kyivindependent.com\/veto-the-law-wartime-protests-sweep-ukraine-after-parliament-passes-bill-weakening-anti-corruption-institutions\/\" target=\"_blank\" rel=\"nofollow noopener\">The Kyiv Independent (nouvelle fen\u00eatre)<\/a>.\u00a0<\/p>\n<p>\u00c0 Lviv, les manifestants se sont rassembl\u00e9s autour d&rsquo;une statue du po\u00e8te le plus v\u00e9n\u00e9r\u00e9 d&rsquo;Ukraine, Taras Chevtchenko, ont brandi des pancartes et exhort\u00e9 le pr\u00e9sident \u00e0 bloquer la loi. Pour entrer en vigueur, le projet de loi doit maintenant \u00eatre sign\u00e9 par le pr\u00e9sident Volodymyr Zelensky.<\/p>\n<p>TRUMP A CHOISI SON CAMP SELON J.-N BARROT20:34<\/p>\n<p>\u00ab\u00a0Je constate que le pr\u00e9sident Trump a fix\u00e9 un ultimatum de 50 jours \u00e0 Vladimir Poutine pour un cessez-le-feu sous peine de tr\u00e8s lourdes sanctions (&#8230;). Je constate \u00e9galement qu&rsquo;il a marqu\u00e9 sa disponibilit\u00e9 \u00e0 fournir du mat\u00e9riel militaire \u00e0 l&rsquo;Ukraine\u00a0\u00bb, a d\u00e9clar\u00e9 le chef de la diplomatie fran\u00e7aise sur <a href=\"https:\/\/www.bfmtv.com\/international\/europe\/ukraine\/il-a-choisi-son-camp-jean-noel-barrot-declare-que-donald-trump-a-decide-de-soutenir-l-ukraine_AV-202507220482.html\" target=\"_blank\" rel=\"nofollow noopener\">BFMTV  (nouvelle fen\u00eatre)<\/a>depuis Kharkiv.<\/p>\n<p>C&rsquo;est \u00ab\u00a0sans doute le signe le plus cr\u00e9dible\u00a0\u00bb que Donald Trump \u00ab\u00a0a choisi son camp et qu&rsquo;il a d\u00e9sormais d\u00e9cid\u00e9 de soutenir l&rsquo;Ukraine pour aboutir \u00e0 son objectif, exprimer tr\u00e8s clairement depuis le d\u00e9but, la paix durablement en Ukraine\u00a0\u00bb, a ajout\u00e9 le ministre des Affaires \u00e9trang\u00e8res.\u00a0<\/p>\n<p>SEPT PERSONNES ARR\u00caT\u00c9ES EN UKRAINE SUSPECT\u00c9ES DE PR\u00c9PARER DES ATTENTATS POUR MOSCOU17:45<\/p>\n<p>Les services de s\u00e9curit\u00e9 ukrainiens (SBU) ont annonc\u00e9 mardi l&rsquo;arrestation de sept personnes, dont trois adolescents de quatorze ans, accus\u00e9s d&rsquo;avoir \u00e9t\u00e9 recrut\u00e9s par Moscou via Telegram pour commettre des attentats \u00e0 l&rsquo;aide d&rsquo;explosifs artisanaux.<\/p>\n<p>\u00ab\u00a0Des mesures pr\u00e9ventives ont permis d&rsquo;arr\u00eater sept agents du FSB (services de s\u00e9curit\u00e9s russes, NDLR) qui s&rsquo;appr\u00eataient \u00e0 tuer des d\u00e9fenseurs ukrainiens \u00e0 l&rsquo;aide d&rsquo;engins explosifs de fabrication artisanale\u00a0\u00bb, a d\u00e9clar\u00e9 le SBU.\u00a0<\/p>\n<p>Parmi les personnes arr\u00eat\u00e9es, trois sont mineures et deux n&rsquo;ont que 18 ans. Si condamn\u00e9s, ils encourent entre 12 ans de prison et la r\u00e9clusion \u00e0 perp\u00e9tuit\u00e9 avec confiscation des biens.<\/p>\n<p>L&rsquo;UE S&rsquo;INQUI\u00c8TE DE LA CORRUPTION EN UKRAINE17:14<\/p>\n<p>La Commission europ\u00e9enne s&rsquo;est dite \u00ab\u00a0profond\u00e9ment pr\u00e9occup\u00e9e\u00a0\u00bb par le \u00ab\u00a0s\u00e9rieux recul\u00a0\u00bb de l&rsquo;Ukraine en mati\u00e8re de lutte contre la corruption.<\/p>\n<p>\u00ab\u00a0Je suis profond\u00e9ment pr\u00e9occup\u00e9e par le vote d&rsquo;aujourd&rsquo;hui \u00e0 la Rada\u00a0\u00bb, qui constitue un \u00ab\u00a0s\u00e9rieux recul\u00a0\u00bb, a estim\u00e9 la commissaire europ\u00e9enne Marta Kos, charg\u00e9e de l&rsquo;\u00e9largissement de l&rsquo;Union europ\u00e9enne.\u00a0<\/p>\n<p>Le respect de \u00ab\u00a0l&rsquo;\u00c9tat de droit reste au c\u0153ur des n\u00e9gociations d&rsquo;adh\u00e9sion\u00a0\u00bb de l&rsquo;Ukraine \u00e0 l&rsquo;UE, a-t-elle ajout\u00e9.<\/p>\n<p>LUTTE CONTRE LA CORRUPTION EN UKRAINE17:11<\/p>\n<p>Les d\u00e9put\u00e9s ukrainiens ont adopt\u00e9 mardi une loi qui liquide l&rsquo;ind\u00e9pendance des deux institutions charg\u00e9es de la lutte anticorruption dans le pays en guerre, au lendemain de l&rsquo;arrestation tr\u00e8s critiqu\u00e9e d&rsquo;un responsable travaillant dans l&rsquo;une de ces structures.<\/p>\n<p>D\u00e9sormais, les activit\u00e9s des deux structures seront subordonn\u00e9es au procureur g\u00e9n\u00e9ral, qui est lui-m\u00eame assujetti au Pr\u00e9sident. Une mesure qui supprime de fait leur ind\u00e9pendance.<\/p>\n<p>Adopt\u00e9 avec 263 voix pour, 13 contre et 13 abstentions, le projet de loi doit maintenant \u00eatre sign\u00e9 par le pr\u00e9sident Volodymyr Zelensky pour entrer en vigueur.\u00a0<\/p>\n<p>VISITE DU CHEF DE LA DIPLOMATIE \u00c0 KHARKIV 15:54<\/p>\n<p>En visite dans la deuxi\u00e8me ville du pays, le ministre des Affaires \u00e9trang\u00e8res a fermement rappel\u00e9 son opposition \u00e0 l&rsquo;invasion russe en Ukraine.\u00a0<\/p>\n<blockquote data-testid=\"EmbedTwitter\" id=\"tweet-1947636193522507989-:R3j44qqb6ij9n79m:\" class=\"jsx-aeff1a1c40f54d7a twitter-tweet flex justify-center items-center\"><p>Poutine a voulu faire croire qu&rsquo;il \u00e9tait chez lui \u00e0 l&rsquo;Est de l&rsquo;Ukraine car on y parle Russe. Kharkiv l&rsquo;Invaincue est la preuve \u00e9clatante du contraire : on y parle russe, mais on combat l&rsquo;envahisseur sans rel\u00e2che au nom de la libert\u00e9.  pic.twitter.com\/JgrC2vbnaG \u2014 Jean-No\u00ebl Barrot (@jnbarrot)  July 22, 2025<\/p><\/blockquote>\n<p>J.-N. BARROT \u00c0 KHARKIV14:57<\/p>\n<p>Le ministre fran\u00e7ais des Affaires \u00e9trang\u00e8res Jean-No\u00ebl Barrot s&rsquo;est rendu \u00e0 Kharkiv, deuxi\u00e8me ville d&rsquo;Ukraine situ\u00e9e pr\u00e8s de la ligne de front dans le nord-est du pays, o\u00f9 la Russie avait lanc\u00e9 une offensive l&rsquo;ann\u00e9e derni\u00e8re.<\/p>\n<p>En compagnie d&rsquo;un petit groupe de journalistes, dont l&rsquo;AFP, et de son homologue ukrainien Andri\u00ef Sybiga, M. Barrot a travers\u00e9 le centre de la ville qui se trouve r\u00e9guli\u00e8rement sous le feu des forces russes, dont les positions sont situ\u00e9es \u00e0 seulement quelques dizaines de kilom\u00e8tres de l\u00e0.<\/p>\n<p>\u00ab\u00a0La guerre d&rsquo;agression de la Russie contre l&rsquo;Ukraine ne se joue pas seulement sur la ligne de front. Elle vise d\u00e9lib\u00e9r\u00e9ment les civils, les zones d&rsquo;habitations, les entreprises pour miner le moral des Ukrainiens\u00a0\u00bb, a d\u00e9clar\u00e9 le ministre fran\u00e7ais, depuis le toit d&rsquo;un immeuble surplombant la ville et donnant la vue sur des immeubles r\u00e9sidentiels et de bureaux en ruines.<\/p>\n<p>DE NOUVELLES VICTIMES12:45<\/p>\n<p>Au moins cinq personnes ont \u00e9t\u00e9 tu\u00e9es en Russie et dans les territoires occup\u00e9s et une personne est morte en Ukraine mardi dans des frappes crois\u00e9es, alors qu&rsquo;un nouveau cycle de n\u00e9gociations doit avoir lieu mercredi \u00e0 Istanbul.<\/p>\n<p>Trois personnes sont mortes et trois se trouvent dans un \u00e9tat grave apr\u00e8s une attaque de drone ukrainienne sur un bus dans la partie de la r\u00e9gion de Kherson occup\u00e9e par les forces russes dans le sud de l&rsquo;Ukraine, a indiqu\u00e9 le gouverneur install\u00e9 par Moscou, Vladimir Saldo, sur Telegram.<\/p>\n<p>En Russie, un homme est d\u00e9c\u00e9d\u00e9 de ses blessures apr\u00e8s une frappe ukrainienne qui a touch\u00e9 une voiture dans le village de Leonovka dans dans la r\u00e9gion frontali\u00e8re de Belgorod, a affirm\u00e9 mardi matin sur Telegram le gouverneur Viatcheslav Gladkov.<\/p>\n<p>Deux personnes ont \u00e9galement \u00e9t\u00e9 bless\u00e9es dans une frappe de drone ukrainien sur une voiture dans le village de Brovnitchi, dans la r\u00e9gion de Briansk, selon le gouverneur Alexandre Bogomaz.<\/p>\n<p>PAS D'\u00a0\u00bbAVANC\u00c9ES MIRACULEUSES\u00a0\u00bb EN VUE12:06<\/p>\n<p>Le Kremlin a affirm\u00e9 mardi ne pas s&rsquo;attendre \u00e0 des \u00ab\u00a0avanc\u00e9es miraculeuses\u00a0\u00bb lors des prochaines n\u00e9gociations entre Russes et Ukrainiens pr\u00e9vues mercredi en Turquie, assurant que Moscou a l&rsquo;intention de maintenir ses conditions.<\/p>\n<p>\u00ab\u00a0Il n&rsquo;y a bien s\u00fbr aucune raison d&rsquo;esp\u00e9rer des avanc\u00e9es miraculeuses, mais nous avons l&rsquo;intention de d\u00e9fendre nos int\u00e9r\u00eats, de les garantir et d&rsquo;accomplir les t\u00e2ches que nous nous sommes fix\u00e9es d\u00e8s le d\u00e9part\u00a0\u00bb, a d\u00e9clar\u00e9 le porte-parole de la pr\u00e9sidence russe, Dmitri Peskov, lors d&rsquo;un briefing auquel participe l&rsquo;AFP.<\/p>\n<p>N\u00c9GOCIATEUR11:11<\/p>\n<p>L&rsquo;ex-ministre de la D\u00e9fense Roustem Oumerov, qui vient d&rsquo;\u00eatre nomm\u00e9 secr\u00e9taire du Conseil de s\u00e9curit\u00e9 nationale ukrainien, m\u00e8nera les n\u00e9gociations de mercredi avec Moscou, annonce le pr\u00e9sident Volodymyr Zelensky. Voici son portrait&#8230;<\/p>\n<p>International<img decoding=\"async\" src=\"https:\/\/www.europesays.com\/fr\/wp-content\/uploads\/2025\/07\/roustem-oumerov-futur-ministre-defense-ukrainien-f6fd89-0@1x.jpeg\" alt=\"Roustem Oumerov doit devenir, sauf refus par le Parlement, le nouveau ministre ukrainien de la D\u00e9fense.\" loading=\"lazy\" importance=\"low\" fetchpriority=\"low\" class=\"\" aria-hidden=\"true\"\/>Publi\u00e9 le 6 septembre 2023 \u00e0 12h37CE QUE ZELENSKY ATTEND DES N\u00c9GOCIATIONS10:47<\/p>\n<p>\u00ab\u00a0L&rsquo;Ukraine est pr\u00eate \u00e0 travailler de la mani\u00e8re la plus productive possible pour obtenir la lib\u00e9ration de son peuple et le retour des enfants enlev\u00e9s, pour mettre fin aux massacres et pour pr\u00e9parer une r\u00e9union des dirigeants visant \u00e0 mettre v\u00e9ritablement fin \u00e0 cette guerre\u00a0\u00bb, a \u00e9crit Volodymyr Zelensky dans un message post\u00e9 ce mardi sur X. Le pr\u00e9sident ukrainien \u00e9voque une position \u00ab\u00a0transparente\u00a0\u00bb, jugeant que \u00ab\u00a0c&rsquo;est la Russie qui doit mettre fin \u00e0 la guerre qu&rsquo;elle a d\u00e9clench\u00e9e\u00a0\u00bb.\u00a0<\/p>\n<p>L&rsquo;ex-ministre de la D\u00e9fense Oumerov m\u00e8nera les n\u00e9gociations avec Moscou, a par ailleurs indiqu\u00e9 le chef d&rsquo;\u00c9tat.<\/p>\n<blockquote data-testid=\"EmbedTwitter\" id=\"tweet-1947577727260688668-:R3j6kqqb6ij9n79m:\" class=\"jsx-aeff1a1c40f54d7a twitter-tweet flex justify-center items-center\"><p>I held a meeting on the outcomes Ukraine needs from the negotiation efforts.  Secretary of the National Security and Defense Council of Ukraine, Rustem Umerov, reported on the implementation of the agreements reached at the second meeting with the Russian side in Istanbul, as\u2026  pic.twitter.com\/0JQ1fGyaPC \u2014 Volodymyr Zelenskyy \/ \u0412\u043e\u043b\u043e\u0434\u0438\u043c\u0438\u0440 \u0417\u0435\u043b\u0435\u043d\u0441\u044c\u043a\u0438\u0439 (@ZelenskyyUa)  July 22, 2025<\/p><\/blockquote>\n<p>LES SANCTIONS \u00ab\u00a0DOIVENT CONTRAINDRE VLADIMIR POUTINE\u00a0\u00bb10:34<\/p>\n<p>Les nouvelles sanctions adopt\u00e9es contre la Russie \u00ab\u00a0doivent conduire Vladimir Poutine \u00e0 changer son calcul et \u00e0 consentir \u00e0 un cessez-le-feu\u00a0\u00bb, a d\u00e9clar\u00e9 ce mardi chez nos confr\u00e8res de France Inter le chef de la diplomatie fran\u00e7aise. Jean-No\u00ebl Barrot, en visite en Ukraine pour 2 jours, a \u00e9galement pr\u00e9cis\u00e9 avoir \u00ab\u00a0demand\u00e9\u00a0\u00bb \u00e0 ses \u00e9quipes de pr\u00e9parer \u00ab\u00a0un prochain paquet de sanctions encore plus lourd pour contraindre Vladimir Poutine\u00a0\u00bb \u00e0 des n\u00e9gociations.<\/p>\n<blockquote data-testid=\"EmbedTwitter\" id=\"tweet-1947567101151220196-:R3j74qqb6ij9n79m:\" class=\"jsx-aeff1a1c40f54d7a twitter-tweet flex justify-center items-center\"><p>L\u2019\u00e9conomie de l\u2019Union europ\u00e9enne est 10 fois sup\u00e9rieure \u00e0 celle de la Russie. Nous p\u00e8serons de tout notre poids, en coordination avec les \u00c9tats-Unis, pour aboutir \u00e0 un cessez-le-feu et \u00e9puiser leur \u00e9conomie de guerre.  pic.twitter.com\/HhV1owl4wG \u2014 Jean-No\u00ebl Barrot (@jnbarrot)  July 22, 2025<\/p><\/blockquote>\n<p>3 MORTS ET 45 BLESS\u00c9S EN UKRAINE10:21<\/p>\n<p>Trois personnes sont mortes et 45 ont \u00e9t\u00e9 bless\u00e9es apr\u00e8s des frappes russes dans la nuit de lundi \u00e0 mardi. Un enfant a notamment perdu la vie apr\u00e8s un bombardement sur la ville de Kramatorsk, dans l&rsquo;est du pays, selon la D\u00e9fense a\u00e9rienne ukrainienne, cit\u00e9e par le m\u00e9dia local The Kyiv Independant.\u00a0<\/p>\n<blockquote data-testid=\"EmbedTwitter\" id=\"tweet-1947565824966799701-:R3j7kqqb6ij9n79m:\" class=\"jsx-aeff1a1c40f54d7a twitter-tweet flex justify-center items-center\"><p>\u26a1\ufe0f3 killed, 45 injured in Russian strikes across Ukraine, including child killed in Kramatorsk bomb attack.  Russian forces launched 42 Shahed-type attack drones and other drones overnight, Ukraine&rsquo;s Air Force said. https:\/\/t.co\/PXj2OVX8sG \u2014 The Kyiv Independent (@KyivIndependent)  July 22, 2025<\/p><\/blockquote>\n<p>FRAPPES NOCTURNES EN UKRAINE10:17<\/p>\n<p>Parmi les frappes nocturnes russes ayant touch\u00e9 l&rsquo;Ukraine la nuit derni\u00e8re, la ville d&rsquo;Odessa a \u00e9t\u00e9 particuli\u00e8rement touch\u00e9e. Sur ce clich\u00e9 d&rsquo;Oleksandr Gimanov, photographe pour l&rsquo;Agence France-Presse, un homme constate les d\u00e9g\u00e2ts dans un immeuble r\u00e9sidentiel.\u00a0<\/p>\n<p><img decoding=\"async\" src=\"https:\/\/www.europesays.com\/fr\/wp-content\/uploads\/2025\/07\/frappe-ukraine-odessa-22-juillet-2025-b80b1a-0@1x.jpeg\" alt=\"AFP\" loading=\"lazy\" importance=\"low\" fetchpriority=\"low\" class=\"\"\/>AFPLA FRANCE VEUT UNE RENCONTRE ENTRE POUTINE ET ZELENSKY09:49<\/p>\n<p>Les pourparlers de paix qui doivent se poursuivre mercredi entre Russes et Ukrainiens sont louables s&rsquo;ils conduisent \u00e0 une rencontre entre Volodymyr Zelensky et Vladimir Poutine en vue de conclure un cessez-le-feu, a d\u00e9clar\u00e9 mardi le ministre fran\u00e7ais des Affaires \u00e9trang\u00e8res.<\/p>\n<p>\u00ab\u00a0C&rsquo;est tr\u00e8s bien que des discussions puissent se poursuivre, mais \u00e0 condition qu&rsquo;elles conduisent \u00e0 une rencontre au niveau des chefs d&rsquo;\u00c9tat, Volodymyr Zelensky et Vladimir Poutine, une rencontre qui puisse aboutir \u00e0 un cessez-le-feu\u00a0\u00bb, a estim\u00e9 Jean-No\u00ebl Barrot sur France Inter depuis l&rsquo;est de l&rsquo;Ukraine o\u00f9 il est en d\u00e9placement.<\/p>\n<p>DES POURPARLERS MERCREDI EN TURQUIE06:32<\/p>\n<p>Le pr\u00e9sident ukrainien Volodymyr Zelensky a annonc\u00e9 lundi qu&rsquo;une nouvelle session de pourparlers entre repr\u00e9sentants de Kiev et de Moscou aura lieu mercredi en Turquie pour tenter de mettre un terme \u00e0 plus de trois ans de guerre, malgr\u00e9 les positions toujours \u00ab\u00a0diam\u00e9tralement oppos\u00e9es\u00a0\u00bb des deux pays.<\/p>\n<p>Cette annonce intervient apr\u00e8s une nouvelle nuit de frappes de drones et de missiles russes sur l&rsquo;Ukraine qui ont fait au moins un mort et neuf bless\u00e9s \u00e0 Kiev, quelques heures avant la visite dans la capitale ukrainienne du chef de la diplomatie fran\u00e7aise, Jean-No\u00ebl Barrot.<\/p>\n<p>BONJOUR06:26<\/p>\n<p>Bienvenue dans ce direct consacr\u00e9 \u00e0 l&rsquo;actualit\u00e9 de la guerre en Ukraine, d\u00e9but\u00e9e il y a plus de trois ans apr\u00e8s l&rsquo;invasion des troupes russes de Vladimir Poutine. Suivez ici, tout au long de la journ\u00e9e, les derni\u00e8res informations, mais aussi les \u00e9clairages de nos experts et envoy\u00e9s sp\u00e9ciaux sur place.<\/p>\n<p><script async src=\"https:\/\/platform.twitter.com\/widgets.js\" charset=\"utf-8\"><\/script><\/p>\n","protected":false},"excerpt":{"rendered":"ZELENSKY PROMULGUE LA LOI 22:17 Adopt\u00e9e ce mardi par les d\u00e9put\u00e9s, il manquait la signature du Pr\u00e9sident pour&hellip;\n","protected":false},"author":2,"featured_media":266586,"comment_status":"","ping_status":"","sticky":false,"template":"","format":"standard","meta":{"footnotes":""},"categories":[1591],"tags":[1111,11,1921,75,1887,28083,1922,40604,12,1885,1886,132,220,40605,133,1920,135,134],"class_list":{"0":"post-266585","1":"post","2":"type-post","3":"status-publish","4":"format-standard","5":"has-post-thumbnail","7":"category-russie","8":"tag-actu","9":"tag-actualites","10":"tag-article-video","11":"tag-donald-trump","12":"tag-federation-de-russie","13":"tag-guerre-en-ukraine-une-treve-sera-t-elle-possible","14":"tag-info","15":"tag-le-clash-trump-zelensky","16":"tag-news","17":"tag-russia","18":"tag-russian-federation","19":"tag-russie","20":"tag-ukraine","21":"tag-un-tournant-dans-la-guerre-en-ukraine","22":"tag-video","23":"tag-video-international","24":"tag-vladimir-poutine","25":"tag-volodymyr-zelensky"},"share_on_mastodon":{"url":"https:\/\/pubeurope.com\/@fr\/114899115346724112","error":""},"_links":{"self":[{"href":"https:\/\/www.europesays.com\/fr\/wp-json\/wp\/v2\/posts\/266585","targetHints":{"allow":["GET"]}}],"collection":[{"href":"https:\/\/www.europesays.com\/fr\/wp-json\/wp\/v2\/posts"}],"about":[{"href":"https:\/\/www.europesays.com\/fr\/wp-json\/wp\/v2\/types\/post"}],"author":[{"embeddable":true,"href":"https:\/\/www.europesays.com\/fr\/wp-json\/wp\/v2\/users\/2"}],"replies":[{"embeddable":true,"href":"https:\/\/www.europesays.com\/fr\/wp-json\/wp\/v2\/comments?post=266585"}],"version-history":[{"count":0,"href":"https:\/\/www.europesays.com\/fr\/wp-json\/wp\/v2\/posts\/266585\/revisions"}],"wp:featuredmedia":[{"embeddable":true,"href":"https:\/\/www.europesays.com\/fr\/wp-json\/wp\/v2\/media\/266586"}],"wp:attachment":[{"href":"https:\/\/www.europesays.com\/fr\/wp-json\/wp\/v2\/media?parent=266585"}],"wp:term":[{"taxonomy":"category","embeddable":true,"href":"https:\/\/www.europesays.com\/fr\/wp-json\/wp\/v2\/categories?post=266585"},{"taxonomy":"post_tag","embeddable":true,"href":"https:\/\/www.europesays.com\/fr\/wp-json\/wp\/v2\/tags?post=266585"}],"curies":[{"name":"wp","href":"https:\/\/api.w.org\/{rel}","templated":true}]}}