{"id":266588,"date":"2025-07-22T21:56:10","date_gmt":"2025-07-22T21:56:10","guid":{"rendered":"https:\/\/www.europesays.com\/fr\/266588\/"},"modified":"2025-07-22T21:56:10","modified_gmt":"2025-07-22T21:56:10","slug":"la-directrice-de-linformation-de-la-radio-publique-npr-demissionne-peu-apres-la-coupe-des-financements-par-ladministration-trump","status":"publish","type":"post","link":"https:\/\/www.europesays.com\/fr\/266588\/","title":{"rendered":"la directrice de l\u2019information de la radio publique NPR d\u00e9missionne, peu apr\u00e8s la coupe des financements par l\u2019administration Trump"},"content":{"rendered":"<p>                          <img loading=\"lazy\" decoding=\"async\" src=\"https:\/\/www.europesays.com\/fr\/wp-content\/uploads\/2025\/07\/b036ca8_ftp-import-images-1-iizooyysunxx-5472689-01-06.jpg\" alt=\"Vue ext\u00e9rieure du si\u00e8ge de la radio nationale publique am\u00e9ricaine (NPR),  le 22\u00a0juillet 2025\u00a0\u00e0 Washington, DC.\"   width=\"664\" height=\"443\"\/>    Vue ext\u00e9rieure du si\u00e8ge de la radio nationale publique am\u00e9ricaine (NPR),  le 22\u00a0juillet 2025\u00a0\u00e0 Washington, DC.  ANDREW HARNIK \/ AFP                   <\/p>\n<p class=\"article__paragraph  \">Dans un contexte de pression sur l\u2019audiovisuel public par l\u2019administration Trump, qui l\u2019a priv\u00e9 r\u00e9cemment de millions de dollars de fonds, la directrice de l\u2019information de la radio publique am\u00e9ricaine NPR a annonc\u00e9 son d\u00e9part \u00e0 la fin de l\u2019ann\u00e9e, dans un courriel envoy\u00e9, mardi 22\u00a0juillet, aux employ\u00e9s et consult\u00e9 par l\u2019Agence France-Presse (AFP).<\/p>\n<p class=\"article__paragraph  \">La pr\u00e9sidente ex\u00e9cutive de NPR Katherine Maher a dit qu\u2019Edith Chapin l\u2019avait inform\u00e9e, \u00ab\u00a0deux semaines\u00a0\u00bb avant un vote du Congr\u00e8s sur le d\u00e9financement de la cha\u00eene, de sa volont\u00e9 de partir. Sous l\u2019impulsion du pr\u00e9sident r\u00e9publicain, le Congr\u00e8s a approuv\u00e9 la semaine derni\u00e8re la suppression de 1,1\u00a0milliard de dollars en financements d\u00e9j\u00e0 allou\u00e9s pour les deux prochaines ann\u00e9es \u00e0 la Corporation for Public Broadcasting (CPB).<\/p>\n<p class=\"article__paragraph  \">Cr\u00e9\u00e9e en\u00a01967 par le pr\u00e9sident Lyndon Johnson, cette organisation finance une part minoritaire des budgets des radios et t\u00e9l\u00e9vision nationales &#8211; NPR et PBS. Mais aussi, et de mani\u00e8re plus importante, quelque 1\u00a0500 radios et t\u00e9l\u00e9s locales partenaires qui diffusent une partie de leurs contenus, de New York \u00e0 l\u2019Alaska.<\/p>\n<p>                                Lire aussi |  <a href=\"https:\/\/www.lemonde.fr\/international\/article\/2025\/05\/02\/etats-unis-donald-trump-ordonne-a-l-etat-de-cesser-de-financer-les-medias-publics-pbs-et-npr_6602272_3210.html\" class=\"js-article-read-also catcher--favoris__link\" data-premium=\"\" id=\"article-title-3420821\" rel=\"nofollow noopener\" target=\"_blank\">Donald Trump ordonne \u00e0 l\u2019Etat de cesser de financer les m\u00e9dias publics am\u00e9ricains PBS et NPR<\/a>    <\/p>\n<p>   Lire plus tard  <\/p>\n<p>                   Un d\u00e9part dans un contexte de tensions politiques             <\/p>\n<p class=\"article__paragraph  \">Dans son courriel, Mme Maher a salu\u00e9 la \u00ab\u00a0force de caract\u00e8re in\u00e9branlable\u00a0\u00bb d\u2019Edith Chapin. Elle a cit\u00e9 des extraits d\u2019un message que celle-ci avait \u00e9crit et dans lequel elle affirme \u00ab\u00a0vouloir faire une pause\u00a0\u00bb tout en se disant \u00ab\u00a0confiante en la force et l\u2019int\u00e9grit\u00e9 de la r\u00e9daction de NPR pour la suite des choses\u00a0\u00bb.<\/p>\n<p class=\"article__paragraph  \">A titre de directrice de l\u2019information, Edith Chapin avait notamment d\u00fb g\u00e9rer la crise interne ces derniers mois li\u00e9e \u00e0 la publication d\u2019un article accusant la cha\u00eene d\u2019avoir un biais progressiste, ce qui lui aurait fait perdre la confiance\u00a0d\u2019Am\u00e9ricains plus conservateurs.<\/p>\n<p class=\"article__paragraph  \">Ce d\u00e9part survient alors que l\u2019administration Trump cherche \u00e0 couper les d\u00e9penses au sein de l\u2019audiovisuel public ext\u00e9rieur des Etats-Unis, avec ses radios Voice of America, Radio Free Asia et Radio Free Europe\/Radio Liberty.<\/p>\n<p class=\"article__paragraph  \">Depuis son retour \u00e0 la Maison Blanche, Donald Trump s\u2019est impos\u00e9 comme \u00ab\u00a0l\u2019un des plus puissants d\u00e9fenseurs\u00a0\u00bb d\u2019un mouvement mondial hostile aux m\u00e9dias d\u2019information, soulignait la semaine derni\u00e8re l\u2019organisation Reporters sans fronti\u00e8res (RSF).<\/p>\n<p>                                Lire le d\u00e9cryptage |  Article r\u00e9serv\u00e9 \u00e0 nos abonn\u00e9s  <a href=\"https:\/\/www.lemonde.fr\/international\/article\/2025\/03\/19\/donald-trump-coupe-les-financements-de-medias-publics-americains-internationaux_6583607_3210.html\" class=\"js-article-read-also catcher--favoris__link\" data-premium=\"1\" id=\"article-title-3414825\" rel=\"nofollow noopener\" target=\"_blank\">Donald Trump coupe les financements de m\u00e9dias publics am\u00e9ricains internationaux<\/a>    <\/p>\n<p>   Lire plus tard  <\/p>\n<p class=\"author__detail\">  Le Monde avec AFP  <\/p>\n<p>                  <a href=\"https:\/\/www.lemonde.fr\/syndication\/\" class=\"reuse__content\" title=\"R\u00e9utiliser ce contenu\" target=\"_blank\" rel=\"nofollow noopener\">R\u00e9utiliser ce contenu<\/a>      <\/p>\n","protected":false},"excerpt":{"rendered":"Vue ext\u00e9rieure du si\u00e8ge de la radio nationale publique am\u00e9ricaine (NPR), le 22\u00a0juillet 2025\u00a0\u00e0 Washington, DC. ANDREW HARNIK&hellip;\n","protected":false},"author":2,"featured_media":266589,"comment_status":"","ping_status":"","sticky":false,"template":"","format":"standard","meta":{"footnotes":""},"categories":[1589],"tags":[11,73,1866,12,1864,1865,1863,308],"class_list":{"0":"post-266588","1":"post","2":"type-post","3":"status-publish","4":"format-standard","5":"has-post-thumbnail","7":"category-etats-unis","8":"tag-actualites","9":"tag-etats-unis","10":"tag-etats-unis-damerique","11":"tag-news","12":"tag-united-states","13":"tag-united-states-of-america","14":"tag-us","15":"tag-usa"},"share_on_mastodon":{"url":"https:\/\/pubeurope.com\/@fr\/114899123158879347","error":""},"_links":{"self":[{"href":"https:\/\/www.europesays.com\/fr\/wp-json\/wp\/v2\/posts\/266588","targetHints":{"allow":["GET"]}}],"collection":[{"href":"https:\/\/www.europesays.com\/fr\/wp-json\/wp\/v2\/posts"}],"about":[{"href":"https:\/\/www.europesays.com\/fr\/wp-json\/wp\/v2\/types\/post"}],"author":[{"embeddable":true,"href":"https:\/\/www.europesays.com\/fr\/wp-json\/wp\/v2\/users\/2"}],"replies":[{"embeddable":true,"href":"https:\/\/www.europesays.com\/fr\/wp-json\/wp\/v2\/comments?post=266588"}],"version-history":[{"count":0,"href":"https:\/\/www.europesays.com\/fr\/wp-json\/wp\/v2\/posts\/266588\/revisions"}],"wp:featuredmedia":[{"embeddable":true,"href":"https:\/\/www.europesays.com\/fr\/wp-json\/wp\/v2\/media\/266589"}],"wp:attachment":[{"href":"https:\/\/www.europesays.com\/fr\/wp-json\/wp\/v2\/media?parent=266588"}],"wp:term":[{"taxonomy":"category","embeddable":true,"href":"https:\/\/www.europesays.com\/fr\/wp-json\/wp\/v2\/categories?post=266588"},{"taxonomy":"post_tag","embeddable":true,"href":"https:\/\/www.europesays.com\/fr\/wp-json\/wp\/v2\/tags?post=266588"}],"curies":[{"name":"wp","href":"https:\/\/api.w.org\/{rel}","templated":true}]}}