{"id":266591,"date":"2025-07-22T21:58:24","date_gmt":"2025-07-22T21:58:24","guid":{"rendered":"https:\/\/www.europesays.com\/fr\/266591\/"},"modified":"2025-07-22T21:58:24","modified_gmt":"2025-07-22T21:58:24","slug":"lentreprise-publique-sachsenforst-attaquee-pour-maja-%f0%9f%94%b4-info-libertaire","status":"publish","type":"post","link":"https:\/\/www.europesays.com\/fr\/266591\/","title":{"rendered":"L\u2019entreprise publique Sachsenforst attaqu\u00e9e pour Maja \u2013 \ud83d\udd34 Info Libertaire"},"content":{"rendered":"<p><\/p>\n<p><a href=\"http:\/\/knackriotpvczb6xja67gsmbks35n7mvwfxcdj5tlqhfictgz42vjvad.onion\/13202\" rel=\"nofollow noopener\" target=\"_blank\">Knak Punkt News<\/a> \/ lundi 21 juillet 2025<\/p>\n<p>Aux premi\u00e8res heures du lundi 21 juillet, nous avons attaqu\u00e9 une succursale de Sachsenforst, dans le quartier de Connewitz, \u00e0 Leipzig.<br \/>L\u2019entreprise Sachsenforst, qui appartient au Land [de Saxe], a jou\u00e9 un r\u00f4le majeur dans l\u2019expulsion du Heibo (pr\u00e8s de Dresde) [une for\u00eat occup\u00e9e, entre 2021 et la mi-f\u00e9vrier 2023, pour emp\u00eacher qu\u2019elle soit d\u00e9frich\u00e9e pour y creuser une carri\u00e8re de gravier\u00a0; NdAtt.].<br \/>Ainsi, nous \u00e9tendons le champ d\u2019action de la campagne de soutien militante pour Maja aux assassins du climat.<br \/>Les trous du cul ont des noms et des adresses, cela signifie attaque\u00a0!<\/p>\n<p><\/p>\n<p>Des salutations solidaires aux personnes qui sont en clandestinit\u00e9\u00a0!<\/p>\n<p>Centre pour les dommages mat\u00e9riels politiques<\/p>\n<p><br clear=\"both\"\/><\/p>\n<p><\/p>\n<p><strong>Source:<\/strong> <a href=\"https:\/\/attaque.noblogs.org\/post\/2025\/07\/22\/leipzig-allemagne-lentreprise-publique-sachsenforst-attaquee-pour-maja\/\" target=\"_blank\" rel=\"nofollow noopener\">Attaque.noblogs.org<\/a><br \/>\n<\/p>\n<p><a href=\"https:\/\/www.libertaire.net\" class=\"forum-button\" style=\"border-top:0\" rel=\"nofollow noopener\" target=\"_blank\"><\/p>\n<p>Commenter Dans Le Forum\t<\/a><\/p>\n","protected":false},"excerpt":{"rendered":"Knak Punkt News \/ lundi 21 juillet 2025 Aux premi\u00e8res heures du lundi 21 juillet, nous avons attaqu\u00e9&hellip;\n","protected":false},"author":2,"featured_media":60091,"comment_status":"","ping_status":"","sticky":false,"template":"","format":"standard","meta":{"footnotes":""},"categories":[1587],"tags":[11,672,1804,1805,1803,1777,674,1801,12,1802],"class_list":{"0":"post-266591","1":"post","2":"type-post","3":"status-publish","4":"format-standard","5":"has-post-thumbnail","7":"category-allemagne","8":"tag-actualites","9":"tag-allemagne","10":"tag-bundesrepublik-deutschland","11":"tag-de","12":"tag-deutschland","13":"tag-eu","14":"tag-europe","15":"tag-germany","16":"tag-news","17":"tag-republique-federale-dallemagne"},"share_on_mastodon":{"url":"https:\/\/pubeurope.com\/@fr\/114899131180428720","error":""},"_links":{"self":[{"href":"https:\/\/www.europesays.com\/fr\/wp-json\/wp\/v2\/posts\/266591","targetHints":{"allow":["GET"]}}],"collection":[{"href":"https:\/\/www.europesays.com\/fr\/wp-json\/wp\/v2\/posts"}],"about":[{"href":"https:\/\/www.europesays.com\/fr\/wp-json\/wp\/v2\/types\/post"}],"author":[{"embeddable":true,"href":"https:\/\/www.europesays.com\/fr\/wp-json\/wp\/v2\/users\/2"}],"replies":[{"embeddable":true,"href":"https:\/\/www.europesays.com\/fr\/wp-json\/wp\/v2\/comments?post=266591"}],"version-history":[{"count":0,"href":"https:\/\/www.europesays.com\/fr\/wp-json\/wp\/v2\/posts\/266591\/revisions"}],"wp:featuredmedia":[{"embeddable":true,"href":"https:\/\/www.europesays.com\/fr\/wp-json\/wp\/v2\/media\/60091"}],"wp:attachment":[{"href":"https:\/\/www.europesays.com\/fr\/wp-json\/wp\/v2\/media?parent=266591"}],"wp:term":[{"taxonomy":"category","embeddable":true,"href":"https:\/\/www.europesays.com\/fr\/wp-json\/wp\/v2\/categories?post=266591"},{"taxonomy":"post_tag","embeddable":true,"href":"https:\/\/www.europesays.com\/fr\/wp-json\/wp\/v2\/tags?post=266591"}],"curies":[{"name":"wp","href":"https:\/\/api.w.org\/{rel}","templated":true}]}}