{"id":266594,"date":"2025-07-22T22:00:14","date_gmt":"2025-07-22T22:00:14","guid":{"rendered":"https:\/\/www.europesays.com\/fr\/266594\/"},"modified":"2025-07-22T22:00:14","modified_gmt":"2025-07-22T22:00:14","slug":"vous-avez-dit-bazooka-ce-qui-se-cache-derriere-la-loi-anti-coercition-de-lue-pour-faire-pression-sur-donald-trump","status":"publish","type":"post","link":"https:\/\/www.europesays.com\/fr\/266594\/","title":{"rendered":"Vous avez dit \u00abbazooka\u00bb? Ce qui se cache derri\u00e8re la loi anti-coercition de l\u2019UE pour faire pression sur Donald Trump"},"content":{"rendered":"<p>    R\u00e9sum\u00e9 en 20 secondes<\/p>\n<p>        En savoir plus sur ce type de contenu<\/p>\n<p>Ce r\u00e9sum\u00e9 peut avoir \u00e9t\u00e9 \u00e9crit avec l&rsquo;assistance d\u2019une IA g\u00e9n\u00e9rative. <a href=\"https:\/\/www.letemps.ch\/cyber\/l-usage-de-l-ia-generative-par-les-journalistes-du-temps\" target=\"_blank\" rel=\"noopener\">En savoir plus<\/a><\/p>\n<p class=\"article__abstract-call-to-action\" data-ariato=\"TrackableElement\" data-trackable-element-type=\"article_abstract_cta\" data-trackable-element-location=\"article_header\" data-trackable-element-id=\"501062\">\n        <a data-event=\"click-&gt;clicked\" href=\"https:\/\/www.letemps.ch\/abonnements\" target=\"_blank\" rel=\"noopener\">Abonnez-vous<\/a> pour acc\u00e9der au r\u00e9sum\u00e9 en 20 secondes.\n      <\/p>\n<p>Le bras de fer se poursuit, alors que la date butoir du 1er\u00a0ao\u00fbt, celle \u00e0 partir de laquelle Donald Trump pourrait imposer une surtaxe de 30% sur tous les produits europ\u00e9ens, approche. Jusqu\u2019au bout, la Commission europ\u00e9enne, qui n\u00e9gocie au nom des Vingt-Sept, esp\u00e8re une \u00absolution n\u00e9goci\u00e9e\u00bb qui ferait moins mal. Mais Donald Trump n\u2019est visiblement pas pr\u00eat \u00e0 l\u00e2cher du lest. Du coup, la riposte de l\u2019UE se pr\u00e9pare de plus belle. Les couteaux s\u2019aiguisent. Et le \u00abbazooka \u00e9conomique\u00bb pointe le bout de son nez. Une arme encore jamais d\u00e9gain\u00e9e.<\/p>\n<p>\u00abBazooka\u00bb? Il s\u2019agit d\u2019un nouvel <a href=\"https:\/\/eur-lex.europa.eu\/legal-content\/FR\/TXT\/HTML\/?uri=OJ:L_202302675\" rel=\"nofollow noopener\" target=\"_blank\">instrument anti-coercition (ACI)<\/a> de l\u2019UE, cens\u00e9 \u00eatre activ\u00e9 une fois les voies diplomatiques \u00e9puis\u00e9es. L\u2019ACI est entr\u00e9 en vigueur en novembre 2023, apr\u00e8s un \u00e9pisode de coercition chinoise contre la Lituanie qui venait d\u2019accueillir une d\u00e9l\u00e9gation de Ta\u00efwan. Si l\u2019UE a \u00e9tabli deux listes de produits am\u00e9ricains, allant du bourbon aux Boeing, en passant par les jeans, qui pourraient subir des surtaxes comme mesures de repr\u00e9sailles, le m\u00e9canisme juridique et commercial permettrait d\u2019aller plus loin.<\/p>\n","protected":false},"excerpt":{"rendered":"R\u00e9sum\u00e9 en 20 secondes En savoir plus sur ce type de contenu Ce r\u00e9sum\u00e9 peut avoir \u00e9t\u00e9 \u00e9crit&hellip;\n","protected":false},"author":2,"featured_media":266595,"comment_status":"","ping_status":"","sticky":false,"template":"","format":"standard","meta":{"footnotes":""},"categories":[1586],"tags":[11,215,1777,674,1779,1011,27,1074,12,301,25,1778,364],"class_list":{"0":"post-266594","1":"post","2":"type-post","3":"status-publish","4":"format-standard","5":"has-post-thumbnail","7":"category-europe","8":"tag-actualites","9":"tag-commerce","10":"tag-eu","11":"tag-europe","12":"tag-european-union","13":"tag-fr","14":"tag-france","15":"tag-guerre-commerciale","16":"tag-news","17":"tag-premium","18":"tag-republique-francaise","19":"tag-ue","20":"tag-union-europeenne"},"share_on_mastodon":{"url":"https:\/\/pubeurope.com\/@fr\/114899138850500282","error":""},"_links":{"self":[{"href":"https:\/\/www.europesays.com\/fr\/wp-json\/wp\/v2\/posts\/266594","targetHints":{"allow":["GET"]}}],"collection":[{"href":"https:\/\/www.europesays.com\/fr\/wp-json\/wp\/v2\/posts"}],"about":[{"href":"https:\/\/www.europesays.com\/fr\/wp-json\/wp\/v2\/types\/post"}],"author":[{"embeddable":true,"href":"https:\/\/www.europesays.com\/fr\/wp-json\/wp\/v2\/users\/2"}],"replies":[{"embeddable":true,"href":"https:\/\/www.europesays.com\/fr\/wp-json\/wp\/v2\/comments?post=266594"}],"version-history":[{"count":0,"href":"https:\/\/www.europesays.com\/fr\/wp-json\/wp\/v2\/posts\/266594\/revisions"}],"wp:featuredmedia":[{"embeddable":true,"href":"https:\/\/www.europesays.com\/fr\/wp-json\/wp\/v2\/media\/266595"}],"wp:attachment":[{"href":"https:\/\/www.europesays.com\/fr\/wp-json\/wp\/v2\/media?parent=266594"}],"wp:term":[{"taxonomy":"category","embeddable":true,"href":"https:\/\/www.europesays.com\/fr\/wp-json\/wp\/v2\/categories?post=266594"},{"taxonomy":"post_tag","embeddable":true,"href":"https:\/\/www.europesays.com\/fr\/wp-json\/wp\/v2\/tags?post=266594"}],"curies":[{"name":"wp","href":"https:\/\/api.w.org\/{rel}","templated":true}]}}