{"id":266598,"date":"2025-07-22T22:02:10","date_gmt":"2025-07-22T22:02:10","guid":{"rendered":"https:\/\/www.europesays.com\/fr\/266598\/"},"modified":"2025-07-22T22:02:10","modified_gmt":"2025-07-22T22:02:10","slug":"la-gardienne-des-bleues-denonce-la-haine-en-ligne-apres-lelimination-a-leuro","status":"publish","type":"post","link":"https:\/\/www.europesays.com\/fr\/266598\/","title":{"rendered":"la gardienne des Bleues d\u00e9nonce \u00abla haine\u00bb en ligne apr\u00e8s l&rsquo;\u00e9limination \u00e0 l\u2019Euro"},"content":{"rendered":"<p>Apr\u00e8s l\u2019\u00e9chec de l\u2019\u00e9quipe de France de football f\u00e9minine \u00e0 l\u2019Euro, avec une \u00e9limination en quart de finale contre l\u2019Allemagne, les attaques sur les r\u00e9seaux sociaux se sont multipli\u00e9es.<\/p>\n<p class=\"fig-paragraph\">Pauline Peyraud-Magnin, la gardienne des Bleues, a d\u00e9nonc\u00e9 mardi \u00abla haine\u00bb exprim\u00e9e sur les r\u00e9seaux sociaux apr\u00e8s l&rsquo;\u00e9limination de l&rsquo;\u00e9quipe de France de football\u00a0<a href=\"http:\/\/www.lefigaro.fr\/sports\/football\/france-allemagne-une-mannschaft-de-fer-berger-d-enfer-hendrich-et-majri-grotesques-les-tops-flops-20250720\" data-fig-type=\"NewsFlash\" data-gtm-custom-categorie=\"navigation\" data-gtm-custom-action=\"crossclick\" data-gtm-custom-label=\"Contextuel\" data-gtm-event=\"customEventSPE\" data-fig-domain=\"LEFIGARO\" rel=\"nofollow noopener\" target=\"_blank\">en quart de finale de l&rsquo;Euro samedi aux tirs au but face \u00e0 l&rsquo;Allemagne<\/a>.<\/p>\n<p class=\"fig-paragraph\">\u00abLa d\u00e9ception est immense, pour nous, nos familles, et pour vous, les supporters qui nous ont port\u00e9es. Mais il y a une chose encore plus dure \u00e0 accepter que la d\u00e9faite\u00a0: c&rsquo;est la haine\u00bb, a-t-elle d\u00e9clar\u00e9 sur son compte Instagram.<\/p>\n<p class=\"fig-body-link\">\n            \u00c0 lire aussi<br \/>\n        <a class=\"fig-body-link__link fig-premium-mark\" href=\"http:\/\/www.lefigaro.fr\/flash-sport\/euro-feminin-une-elimination-et-une-seance-de-tirs-au-but-qui-en-disent-long-sur-les-maux-bleus-20250720\" data-fig-type=\"NewsFlash\" data-gtm-custom-categorie=\"navigation\" data-gtm-custom-action=\"crossclick\" data-gtm-custom-label=\"Contextuel\" data-gtm-event=\"customEventSPE\" data-fig-domain=\"LEFIGARO\" rel=\"nofollow noopener\" target=\"_blank\">Euro f\u00e9minin\u00a0: une \u00e9limination et une s\u00e9ance de tirs au but qui en disent long sur les maux bleus<br \/>\n    <\/a>\n<\/p>\n<blockquote class=\"fig-quote&#10;    \">\n<p class=\"fig-quote__text\">\u00ab on peut \u00eatre frustr\u00e9, on peut \u00eatre triste, on peut m\u00eame \u00eatre en col\u00e8re. Mais jamais, jamais la haine ne devrait avoir sa place dans ce sport\u00a0\u00bb<\/p>\n<p>            Pauline Peyraud-Magnin\n    <\/p><\/blockquote>\n<p>                                    <a class=\"fig-a11y-skip a11y-hidden\" href=\"#fig-a11y-skip-main-inarticle\"><br \/>\n        Passer la publicit\u00e9<br \/>\n    <\/a><\/p>\n<p class=\"fig-paragraph\">\u00abDepuis hier, les r\u00e9seaux deviennent un espace de violence, de racisme, d&rsquo;insultes&#8230; Et \u00e7a, c&rsquo;est inacceptable\u00a0!\u00bb, a-t-elle poursuivi. Selon elle, \u00abon peut \u00eatre frustr\u00e9, on peut \u00eatre triste, on peut m\u00eame \u00eatre en col\u00e8re. Mais jamais, jamais la haine ne devrait avoir sa place dans ce sport\u00bb.<\/p>\n<p class=\"fig-paragraph\">Depuis l&rsquo;\u00e9limination, samedi soir, la lat\u00e9rale gauche Selma Bacha a \u00e9t\u00e9 en particulier la cible d&rsquo;insultes sur les r\u00e9seaux sociaux. Il lui a \u00e9t\u00e9 reproch\u00e9 de ne pas avoir particip\u00e9 \u00e0 la s\u00e9ance de tirs au but et d&rsquo;avoir estim\u00e9 juste apr\u00e8s le match que la qualification de l&rsquo;Allemagne n&rsquo;\u00e9tait \u00abpas m\u00e9rit\u00e9e\u00bb.<\/p>\n<p class=\"fig-paragraph\">\u00abJe n&rsquo;ai pas de r\u00e9ponse \u00e0 donner \u00e0 la m\u00e9chancet\u00e9. Je pr\u00e9f\u00e8re garder en t\u00eate les messages de respect et de soutien. Parce qu&rsquo;on ne traverse pas ce genre de moment avec de la haine, mais avec du coeur. Ce n&rsquo;est pas une question de revenir plus fortes. C&rsquo;est une question de revenir plus justes\u00bb, avait-elle d\u00e9clar\u00e9 dimanche, bloquant la possibilit\u00e9 de laisser un commentaire sous sa publication.<\/p>\n","protected":false},"excerpt":{"rendered":"Apr\u00e8s l\u2019\u00e9chec de l\u2019\u00e9quipe de France de football f\u00e9minine \u00e0 l\u2019Euro, avec une \u00e9limination en quart de finale&hellip;\n","protected":false},"author":2,"featured_media":266599,"comment_status":"","ping_status":"","sticky":false,"template":"","format":"standard","meta":{"footnotes":""},"categories":[2],"tags":[11,525,20536,18013,814,20535,64,20534,85,2257,63,1011,27,20533,955,12,25,1980],"class_list":{"0":"post-266598","1":"post","2":"type-post","3":"status-publish","4":"format-standard","5":"has-post-thumbnail","7":"category-actualites","8":"tag-actualites","9":"tag-calendrier","10":"tag-clairefontaine","11":"tag-coupe-du-monde-2018","12":"tag-direct","13":"tag-eliminatoires","14":"tag-equipe-de-france","15":"tag-euro-2020","16":"tag-fff","17":"tag-foot","18":"tag-football","19":"tag-fr","20":"tag-france","21":"tag-les-bleus","22":"tag-match","23":"tag-news","24":"tag-republique-francaise","25":"tag-resultats"},"share_on_mastodon":{"url":"https:\/\/pubeurope.com\/@fr\/114899146725754180","error":""},"_links":{"self":[{"href":"https:\/\/www.europesays.com\/fr\/wp-json\/wp\/v2\/posts\/266598","targetHints":{"allow":["GET"]}}],"collection":[{"href":"https:\/\/www.europesays.com\/fr\/wp-json\/wp\/v2\/posts"}],"about":[{"href":"https:\/\/www.europesays.com\/fr\/wp-json\/wp\/v2\/types\/post"}],"author":[{"embeddable":true,"href":"https:\/\/www.europesays.com\/fr\/wp-json\/wp\/v2\/users\/2"}],"replies":[{"embeddable":true,"href":"https:\/\/www.europesays.com\/fr\/wp-json\/wp\/v2\/comments?post=266598"}],"version-history":[{"count":0,"href":"https:\/\/www.europesays.com\/fr\/wp-json\/wp\/v2\/posts\/266598\/revisions"}],"wp:featuredmedia":[{"embeddable":true,"href":"https:\/\/www.europesays.com\/fr\/wp-json\/wp\/v2\/media\/266599"}],"wp:attachment":[{"href":"https:\/\/www.europesays.com\/fr\/wp-json\/wp\/v2\/media?parent=266598"}],"wp:term":[{"taxonomy":"category","embeddable":true,"href":"https:\/\/www.europesays.com\/fr\/wp-json\/wp\/v2\/categories?post=266598"},{"taxonomy":"post_tag","embeddable":true,"href":"https:\/\/www.europesays.com\/fr\/wp-json\/wp\/v2\/tags?post=266598"}],"curies":[{"name":"wp","href":"https:\/\/api.w.org\/{rel}","templated":true}]}}