{"id":266602,"date":"2025-07-22T22:06:11","date_gmt":"2025-07-22T22:06:11","guid":{"rendered":"https:\/\/www.europesays.com\/fr\/266602\/"},"modified":"2025-07-22T22:06:11","modified_gmt":"2025-07-22T22:06:11","slug":"trop-soft-ou-trop-rugueux-plummer-tranche-entre-top-14-et-super-rugby","status":"publish","type":"post","link":"https:\/\/www.europesays.com\/fr\/266602\/","title":{"rendered":"Trop soft ou trop rugueux, Plummer tranche entre Top 14 et Super Rugby"},"content":{"rendered":"<p>La nouvelle recrue de l&rsquo;ASM Clermont s&rsquo;est livr\u00e9e sur pas mal de sujets. Apr\u00e8s avoir appr\u00e9ci\u00e9 la ferveur des supporters, nombreux \u00e0 venir assister \u00e0 la reprise des entrainements, Harry Plummer s&rsquo;est pr\u00eat\u00e9 au jeu. Il a compar\u00e9 le championnat n\u00e9o-z\u00e9landais \u00e0 celui de la France.<\/p>\n<p>\u00a0<\/p>\n<p>Le physique fait la diff\u00e9rence<\/p>\n<p>\u00a0<\/p>\n<p>L&rsquo;un est plus physique que l&rsquo;autre. C&rsquo;est la premi\u00e8re remarque faite par l&rsquo;ouvreur n\u00e9o-z\u00e9landais. \u00ab La dimension physique sera cl\u00e9, j\u2019ai pu le voir d\u00e8s ce premier jour de l\u2019intersaison avec beaucoup d\u2019exercices physiques, avec notamment des avants impressionnants ! Mais j\u2019aime cette dimension \u00bb, a d\u00e9clar\u00e9 Harry Plummer, le nouveau num\u00e9ro 10 de Clermont.<\/p>\n<p>\u00a0<\/p>\n<p>Pour rappel, l&rsquo;ouvreur n\u00e9o-z\u00e9landais a rejoint l&rsquo;ASM Clermont en provenance des Blues d&rsquo;Auckland. Il s&rsquo;est engag\u00e9 pour trois ans avec les Jaunards. Mais les d\u00e9tails du contrat et du transfert ne sont pas communiqu\u00e9s. Dans sa nouvelle aventure, Harry Plummer esp\u00e8re obtenir un meilleur r\u00f4le que celui dont il a b\u00e9n\u00e9fici\u00e9 la saison derni\u00e8re avec les Blues.<\/p>\n<p>Partagez cette info avec vos amis et vos proches en cliquant ici<br \/>Pour r\u00e9sumer<\/p>\n<p>Harry Plummer, nouvelle recrue de l\u2019ASM Clermont, salue la ferveur des supporters et pointe la dimension physique du Top 14, qu\u2019il juge plus intense que celle du Super Rugby. L\u2019ouvreur n\u00e9o-z\u00e9landais s\u2019engage pour trois saisons, en qu\u00eate de responsabilit\u00e9s.<\/p>\n<p> <img decoding=\"async\" width=\"76\" height=\"76\" loading=\"lazy\" src=\"https:\/\/www.europesays.com\/fr\/wp-content\/uploads\/2025\/04\/avatar-quinze.png\" alt=\"Voldi Fr\u00e9jus\u00a0Hounvio\"\/><\/p>\n","protected":false},"excerpt":{"rendered":"La nouvelle recrue de l&rsquo;ASM Clermont s&rsquo;est livr\u00e9e sur pas mal de sujets. Apr\u00e8s avoir appr\u00e9ci\u00e9 la ferveur&hellip;\n","protected":false},"author":2,"featured_media":266603,"comment_status":"","ping_status":"","sticky":false,"template":"","format":"standard","meta":{"footnotes":""},"categories":[1416],"tags":[1011,27,479,1468,60],"class_list":{"0":"post-266602","1":"post","2":"type-post","3":"status-publish","4":"format-standard","5":"has-post-thumbnail","7":"category-rugby","8":"tag-fr","9":"tag-france","10":"tag-rugby","11":"tag-rugby-football","12":"tag-sports"},"share_on_mastodon":{"url":"https:\/\/pubeurope.com\/@fr\/114899162486108520","error":""},"_links":{"self":[{"href":"https:\/\/www.europesays.com\/fr\/wp-json\/wp\/v2\/posts\/266602","targetHints":{"allow":["GET"]}}],"collection":[{"href":"https:\/\/www.europesays.com\/fr\/wp-json\/wp\/v2\/posts"}],"about":[{"href":"https:\/\/www.europesays.com\/fr\/wp-json\/wp\/v2\/types\/post"}],"author":[{"embeddable":true,"href":"https:\/\/www.europesays.com\/fr\/wp-json\/wp\/v2\/users\/2"}],"replies":[{"embeddable":true,"href":"https:\/\/www.europesays.com\/fr\/wp-json\/wp\/v2\/comments?post=266602"}],"version-history":[{"count":0,"href":"https:\/\/www.europesays.com\/fr\/wp-json\/wp\/v2\/posts\/266602\/revisions"}],"wp:featuredmedia":[{"embeddable":true,"href":"https:\/\/www.europesays.com\/fr\/wp-json\/wp\/v2\/media\/266603"}],"wp:attachment":[{"href":"https:\/\/www.europesays.com\/fr\/wp-json\/wp\/v2\/media?parent=266602"}],"wp:term":[{"taxonomy":"category","embeddable":true,"href":"https:\/\/www.europesays.com\/fr\/wp-json\/wp\/v2\/categories?post=266602"},{"taxonomy":"post_tag","embeddable":true,"href":"https:\/\/www.europesays.com\/fr\/wp-json\/wp\/v2\/tags?post=266602"}],"curies":[{"name":"wp","href":"https:\/\/api.w.org\/{rel}","templated":true}]}}