{"id":266606,"date":"2025-07-22T22:09:08","date_gmt":"2025-07-22T22:09:08","guid":{"rendered":"https:\/\/www.europesays.com\/fr\/266606\/"},"modified":"2025-07-22T22:09:08","modified_gmt":"2025-07-22T22:09:08","slug":"mir-sur-son-incident-avec-marquez-2","status":"publish","type":"post","link":"https:\/\/www.europesays.com\/fr\/266606\/","title":{"rendered":"Mir sur son incident avec Marquez"},"content":{"rendered":"<p>&#13;<\/p>\n<p><strong>Percut\u00e9 par Alex Marquez \u00e0 l&rsquo;entame du Grand Prix de Tch\u00e9quie, Joan Mir est tomb\u00e9 et a enregistr\u00e9 un 8e abandon en 12 courses MotoGP. Le pilote Honda estime ne pas avoir de chance mais a pr\u00e9f\u00e9r\u00e9 balayer les questions au sujet de l&rsquo;incident, qu&rsquo;il commentait ainsi :<\/strong><\/p>\n<p>\u00ab J&rsquo;ai seulement vu une moto me percuter par l&rsquo;arri\u00e8re et je suis tomb\u00e9 au sol. Je vais faire comme au tribunal. Je ne vais rien dire car tout ce que je dirai pourrait \u00eatre utilis\u00e9 contre moi. Vous comprendrez que ce sont des courses difficiles o\u00f9 les r\u00e9sultats ne sont pas connus, o\u00f9 nous n&rsquo;avons pas ce qu&rsquo;on appelle la chance, et je n&rsquo;ai pas grand-chose \u00e0 ajouter. \u00bb<\/p>\n<p>\u00ab Je peux vous dire \u00e0 quel point je n&rsquo;ai pas de chance, mais c&rsquo;est \u00e9vident et \u00e7a se voit. Mais je ne peux rien dire sur l&rsquo;action. Je ne sais pas pourquoi il a fait \u00e7a alors qu&rsquo;on \u00e9tait dans le deuxi\u00e8me tour, que devant ils se battent, qu&rsquo;on se positionne. Et puis, la course est tr\u00e8s longue. Pour ma part, j&rsquo;ai essay\u00e9 de faire de mon mieux avec tout ce que je pouvais contr\u00f4ler. La course est termin\u00e9e, et vous comprendrez que je ne suis pas d&rsquo;humeur \u00e0 analyser quoi que ce soit, mais tout ce que je sais, c&rsquo;est qu&rsquo;il m&rsquo;a touch\u00e9 au tour pr\u00e9c\u00e9dent et m&rsquo;a fait tomber au tour suivant. \u00bb<\/p>\n<p>\u00ab\u00a0Je pense que nous pouvons faire bien plus que cela (avec Honda). C&rsquo;est la r\u00e9alit\u00e9. La situation est d\u00e9sesp\u00e9rante. Mais bon, il est difficile de tirer un bilan maintenant apr\u00e8s cette course. Personnellement, j&rsquo;essaie de progresser, d&rsquo;augmenter mon intensit\u00e9. Je pense que je me donne \u00e0 100 %, et je ne pense pas pouvoir \u00eatre tenu responsable de quoi que ce soit. On verra si les choses s&rsquo;am\u00e9liorent un peu en deuxi\u00e8me partie de saison, ce qui signifie qu&rsquo;ils apporteraient quelque chose de positif. \u00bb<\/p>\n<p>&#13;<br \/>\n           &#13;<br \/>\n&#13;<br \/>\n    &#13;<br \/>\n    &#13;<\/p>\n","protected":false},"excerpt":{"rendered":"&#13; Percut\u00e9 par Alex Marquez \u00e0 l&rsquo;entame du Grand Prix de Tch\u00e9quie, Joan Mir est tomb\u00e9 et a&hellip;\n","protected":false},"author":2,"featured_media":266488,"comment_status":"","ping_status":"","sticky":false,"template":"","format":"standard","meta":{"footnotes":""},"categories":[1413],"tags":[1011,27,1457,1456,60],"class_list":{"0":"post-266606","1":"post","2":"type-post","3":"status-publish","4":"format-standard","5":"has-post-thumbnail","7":"category-moto","8":"tag-fr","9":"tag-france","10":"tag-moto","11":"tag-motocycle","12":"tag-sports"},"share_on_mastodon":{"url":"https:\/\/pubeurope.com\/@fr\/114899174266262107","error":""},"_links":{"self":[{"href":"https:\/\/www.europesays.com\/fr\/wp-json\/wp\/v2\/posts\/266606","targetHints":{"allow":["GET"]}}],"collection":[{"href":"https:\/\/www.europesays.com\/fr\/wp-json\/wp\/v2\/posts"}],"about":[{"href":"https:\/\/www.europesays.com\/fr\/wp-json\/wp\/v2\/types\/post"}],"author":[{"embeddable":true,"href":"https:\/\/www.europesays.com\/fr\/wp-json\/wp\/v2\/users\/2"}],"replies":[{"embeddable":true,"href":"https:\/\/www.europesays.com\/fr\/wp-json\/wp\/v2\/comments?post=266606"}],"version-history":[{"count":0,"href":"https:\/\/www.europesays.com\/fr\/wp-json\/wp\/v2\/posts\/266606\/revisions"}],"wp:featuredmedia":[{"embeddable":true,"href":"https:\/\/www.europesays.com\/fr\/wp-json\/wp\/v2\/media\/266488"}],"wp:attachment":[{"href":"https:\/\/www.europesays.com\/fr\/wp-json\/wp\/v2\/media?parent=266606"}],"wp:term":[{"taxonomy":"category","embeddable":true,"href":"https:\/\/www.europesays.com\/fr\/wp-json\/wp\/v2\/categories?post=266606"},{"taxonomy":"post_tag","embeddable":true,"href":"https:\/\/www.europesays.com\/fr\/wp-json\/wp\/v2\/tags?post=266606"}],"curies":[{"name":"wp","href":"https:\/\/api.w.org\/{rel}","templated":true}]}}