{"id":266609,"date":"2025-07-22T22:11:09","date_gmt":"2025-07-22T22:11:09","guid":{"rendered":"https:\/\/www.europesays.com\/fr\/266609\/"},"modified":"2025-07-22T22:11:09","modified_gmt":"2025-07-22T22:11:09","slug":"tdf-tour-de-france-florian-lipowitz-on-travaille-bien-avec-primoz-roglic","status":"publish","type":"post","link":"https:\/\/www.europesays.com\/fr\/266609\/","title":{"rendered":"TDF. Tour de France &#8211; Florian Lipowitz : \u00abOn travaille bien avec Primoz Roglic\u00bb"},"content":{"rendered":"<p>Derri\u00e8re les deux \u00ab\u00a0aliens\u00a0\u00bb que sont <strong>Jonas Vingegaard <\/strong>(Visma | Lease a Bike) et <strong>Tadej Pogacar<\/strong> (UAE Team Emirates XRG), les leaders de la <strong>Red Bull-BORA-hansgrohe<\/strong> se sont montr\u00e9s les plus forts du reste du monde ce mardi sur la 16e \u00e9tape du <strong><a href=\"https:\/\/www.cyclismactu.net\/..\/news-tour-de-france-valentin-paret-peintre-16e-etape-ventoux-pogacar-solide-89135.html\" target=\"_blank\" rel=\"nofollow noopener\">Tour de France<\/a><\/strong>. Au sommet du Mont Ventoux, <strong>Primoz Roglic<\/strong> et <strong>Florian Lipowitz <\/strong>ont termin\u00e9 3e et 4e des favoris, reprenant du temps \u00e0 tous leurs concurrents pour le podium. L&rsquo;Allemand est plus que jamais install\u00e9 \u00e0 la 3e place au classement g\u00e9n\u00e9ral, devan\u00e7ant d\u00e9sormais <strong>Oscar Onley<\/strong> (4e, Picnic PostNL) de plus de 2 minutes.<\/p>\n<p>\u00a0<\/p>\n<p>\u00ab\u00a0On s\u2019est concentr\u00e9s sur les autres, ceux qui jouent le podium\u00a0\u00bb<\/p>\n<p>\u00ab\u00a0Je me sentais plut\u00f4t bien, mais cette ascension \u00e9tait vraiment tr\u00e8s  difficile. C\u2019est parti assez vite d\u00e8s le d\u00e9part, et j\u2019ai en r\u00e9alit\u00e9  beaucoup souffert aujourd\u2019hui. Quand Jonas Vingegaard et Pogacar sont  partis, on s\u2019est concentr\u00e9s sur les autres, ceux qui jouent le podium.  Je pense qu\u2019on s\u2019en est plut\u00f4t bien sortis, Primoz Roglic et moi. \u00c0 la  fin, on a repris du temps sur certains concurrents, donc on peut \u00eatre  satisfaits\u00a0\u00bb, a d\u00e9clar\u00e9 <strong>Florian Lipowitz<\/strong> \u00e0 l&rsquo;arriv\u00e9e. \u00ab\u00a0On a tr\u00e8s bien travaill\u00e9 en \u00e9quipe aujourd\u2019hui, d\u00e8s le d\u00e9but avec  les gars qui nous apportaient les bidons et de la glace. Ensuite, Primoz  et moi avons bien collabor\u00e9.\u00a0\u00bb<\/p>\n<p>\u00ab\u00a0Je pense que je n\u2019ai jamais \u00e9t\u00e9 aussi en forme. Mais je me sens  quand m\u00eame fatigu\u00e9 apr\u00e8s cette derni\u00e8re semaine. J\u2019esp\u00e8re pouvoir garder  mes jambes jusqu\u2019\u00e0 Paris. En tout cas, je peux d\u00e9j\u00e0 \u00eatre tr\u00e8s fier de  ce que j\u2019ai accompli, et maintenant, il faut prendre les choses jour  apr\u00e8s jour\u00a0\u00bb, conclut-il.<\/p>\n<p>Tour de France &#8211; Classement de la 16\u00e8 \u00e9tape Tour de France &#8211; Classement g\u00e9n\u00e9ral provisoire apr\u00e8s la 16\u00e8 \u00e9tapeDANS LA M\u00caME CAT\u00c9GORIEA LA UNE<\/p>\n","protected":false},"excerpt":{"rendered":"Derri\u00e8re les deux \u00ab\u00a0aliens\u00a0\u00bb que sont Jonas Vingegaard (Visma | Lease a Bike) et Tadej Pogacar (UAE Team&hellip;\n","protected":false},"author":2,"featured_media":266610,"comment_status":"","ping_status":"","sticky":false,"template":"","format":"standard","meta":{"footnotes":""},"categories":[1411],"tags":[1154,207,211,1011,27,209,60,210,212,208,213],"class_list":{"0":"post-266609","1":"post","2":"type-post","3":"status-publish","4":"format-standard","5":"has-post-thumbnail","7":"category-cyclisme","8":"tag-cycling","9":"tag-cyclisme","10":"tag-ffc","11":"tag-fr","12":"tag-france","13":"tag-route","14":"tag-sports","15":"tag-tour-de-france","16":"tag-uci","17":"tag-velo","18":"tag-world-tour"},"share_on_mastodon":{"url":"https:\/\/pubeurope.com\/@fr\/114899182128519511","error":""},"_links":{"self":[{"href":"https:\/\/www.europesays.com\/fr\/wp-json\/wp\/v2\/posts\/266609","targetHints":{"allow":["GET"]}}],"collection":[{"href":"https:\/\/www.europesays.com\/fr\/wp-json\/wp\/v2\/posts"}],"about":[{"href":"https:\/\/www.europesays.com\/fr\/wp-json\/wp\/v2\/types\/post"}],"author":[{"embeddable":true,"href":"https:\/\/www.europesays.com\/fr\/wp-json\/wp\/v2\/users\/2"}],"replies":[{"embeddable":true,"href":"https:\/\/www.europesays.com\/fr\/wp-json\/wp\/v2\/comments?post=266609"}],"version-history":[{"count":0,"href":"https:\/\/www.europesays.com\/fr\/wp-json\/wp\/v2\/posts\/266609\/revisions"}],"wp:featuredmedia":[{"embeddable":true,"href":"https:\/\/www.europesays.com\/fr\/wp-json\/wp\/v2\/media\/266610"}],"wp:attachment":[{"href":"https:\/\/www.europesays.com\/fr\/wp-json\/wp\/v2\/media?parent=266609"}],"wp:term":[{"taxonomy":"category","embeddable":true,"href":"https:\/\/www.europesays.com\/fr\/wp-json\/wp\/v2\/categories?post=266609"},{"taxonomy":"post_tag","embeddable":true,"href":"https:\/\/www.europesays.com\/fr\/wp-json\/wp\/v2\/tags?post=266609"}],"curies":[{"name":"wp","href":"https:\/\/api.w.org\/{rel}","templated":true}]}}